{"id":11249,"date":"2024-01-22T12:32:21","date_gmt":"2024-01-22T11:32:21","guid":{"rendered":"https:\/\/www.georgsorden.eu\/de\/?p=11249"},"modified":"2024-01-22T15:33:42","modified_gmt":"2024-01-22T14:33:42","slug":"hugo-mensdorff-pouilly","status":"publish","type":"post","link":"https:\/\/www.georgsorden.eu\/de\/hugo-mensdorff-pouilly\/","title":{"rendered":"Hugo Graf von Mensdorff-Pouilly"},"content":{"rendered":"\n<div class=\"wp-block-columns is-layout-flex wp-container-core-columns-is-layout-9d6595d7 wp-block-columns-is-layout-flex\">\n<div class=\"wp-block-column is-layout-flow wp-block-column-is-layout-flow\" style=\"flex-basis:33.33%\">\n<figure class=\"wp-block-image size-full\"><a href=\"https:\/\/www.georgsorden.eu\/wp-content\/uploads\/2024\/01\/Foto-Mensdorff-Pouilly.jpg\" rel=\"lightbox-0\"><img loading=\"lazy\" decoding=\"async\" width=\"442\" height=\"574\" src=\"https:\/\/www.georgsorden.eu\/wp-content\/uploads\/2024\/01\/Foto-Mensdorff-Pouilly.jpg\" alt=\"\" class=\"wp-image-11252\" srcset=\"https:\/\/www.georgsorden.eu\/wp-content\/uploads\/2024\/01\/Foto-Mensdorff-Pouilly.jpg 442w, https:\/\/www.georgsorden.eu\/wp-content\/uploads\/2024\/01\/Foto-Mensdorff-Pouilly-231x300.jpg 231w\" sizes=\"auto, (max-width: 442px) 100vw, 442px\" \/><\/a><\/figure>\n<\/div>\n\n\n\n<div class=\"wp-block-column is-layout-flow wp-block-column-is-layout-flow\" style=\"flex-basis:66.66%\">\n<p>\u2020 21.11.2023<\/p>\n\n\n\n<h5 class=\"wp-block-heading\">Auszug aus dem Kanzlerbrief zum Ableben:<\/h5>\n\n\n\n<p>Leider muss ich Euch \u00fcber das Ableben unseres Ehrenritters Hugo Graf von Mensdorff-Pouilly informieren, der am 21. November 2023 im Alter von 94 Jahren in Prag verstorben ist.<\/p>\n\n\n\n<p>Hugo Mensdorff-Pouilly wurde 1929 auf Schloss Boskovice geboren. Er entstammt einer alten aristokratischen Familie mit Ursprung in Lothringen in Frankreich. Seine Kindheit verbrachte er zusammen mit sieben weiteren Geschwistern in Boskovice und Umgebung. Die Familie versuchte zu emigrieren, wurde aber verhaftet und inhaftiert. W\u00e4hrend des damaligen Regimes \u00fcbte er verschiedene Berufe aus: Fahrer, Angestellter, Autow\u00e4scher und Reifentechniker im Busverkehr und viele andere. Nach der Samtenen Revolution trat er in das Au\u00dfenministerium ein, war Konsul in Paris und arbeitete in der Botschaft des Malteserordens. Er lebte in Prag und in Boskovice, wo er gerne F\u00fchrungen durch das Schloss seiner Familie anbot.<\/p>\n\n\n\n<p>Graf von Mensdorff-Pouilly wurde beim Ordenskonvent im April 2022 in Prag als Ehrenritter in den St. Georgs-Orden aufgenommen. Ihm war unsere Gemeinschaft und die Werte des Ordens unglaublich wichtig und er versuchte die N\u00e4he und den Kontakt zur Komturei Tschechien zu halten, solange es ihm gesundheitlich m\u00f6glich war.<\/p>\n\n\n\n<p>Den zahlreichen Verwandten gilt meine und unsere aufrichtige Anteilnahme.<\/p>\n<\/div>\n<\/div>\n\n\n\n<div class=\"wp-block-file\"><a id=\"wp-block-file--media-fdb2f80e-fc6e-486e-a513-5c727b8c2d9e\" href=\"https:\/\/www.georgsorden.eu\/wp-content\/uploads\/2024\/01\/Parte-Mensdorff-Pouilly-DE.pdf\" target=\"_blank\" rel=\"noreferrer noopener\">Parte von Hugo Graf Mensdorff-Pouilly (in Deutsch)<\/a><a href=\"https:\/\/www.georgsorden.eu\/wp-content\/uploads\/2024\/01\/Parte-Mensdorff-Pouilly-DE.pdf\" class=\"wp-block-file__button wp-element-button\" download aria-describedby=\"wp-block-file--media-fdb2f80e-fc6e-486e-a513-5c727b8c2d9e\">Herunterladen<\/a><\/div>\n\n\n\n<div class=\"wp-block-file\"><a id=\"wp-block-file--media-fdb2f80e-fc6e-486e-a513-5c727b8c2d9e\" href=\"https:\/\/www.georgsorden.eu\/wp-content\/uploads\/2024\/01\/Parte-Mensdorff-Pouilly-CZ.pdf\" target=\"_blank\" rel=\"noreferrer noopener\">Parte von Hugo Graf Mensdorff-Pouilly (in Tschechisch)<\/a><a href=\"https:\/\/www.georgsorden.eu\/wp-content\/uploads\/2024\/01\/Parte-Mensdorff-Pouilly-CZ.pdf\" class=\"wp-block-file__button wp-element-button\" download aria-describedby=\"wp-block-file--media-fdb2f80e-fc6e-486e-a513-5c727b8c2d9e\">Herunterladen<\/a><\/div>\n","protected":false},"excerpt":{"rendered":"<p>\u2020 21.11.2023<\/p>\n","protected":false},"author":1,"featured_media":11253,"comment_status":"closed","ping_status":"closed","sticky":false,"template":"","format":"standard","meta":{"footnotes":""},"categories":[],"tags":[],"class_list":["post-11249","post","type-post","status-publish","format-standard","has-post-thumbnail","hentry"],"publishpress_future_action":{"enabled":false,"date":"2026-05-07 11:33:00","action":"category","newStatus":"draft","terms":[],"taxonomy":"category","extraData":[]},"publishpress_future_workflow_manual_trigger":{"enabledWorkflows":[]},"rttpg_featured_image_url":{"full":["https:\/\/www.georgsorden.eu\/wp-content\/uploads\/2024\/01\/Foto-Mensdorff-Pouilly-Beitragsbild.jpg",257,224,false],"landscape":["https:\/\/www.georgsorden.eu\/wp-content\/uploads\/2024\/01\/Foto-Mensdorff-Pouilly-Beitragsbild.jpg",257,224,false],"portraits":["https:\/\/www.georgsorden.eu\/wp-content\/uploads\/2024\/01\/Foto-Mensdorff-Pouilly-Beitragsbild.jpg",257,224,false],"thumbnail":["https:\/\/www.georgsorden.eu\/wp-content\/uploads\/2024\/01\/Foto-Mensdorff-Pouilly-Beitragsbild-150x150.jpg",150,150,true],"medium":["https:\/\/www.georgsorden.eu\/wp-content\/uploads\/2024\/01\/Foto-Mensdorff-Pouilly-Beitragsbild.jpg",257,224,false],"large":["https:\/\/www.georgsorden.eu\/wp-content\/uploads\/2024\/01\/Foto-Mensdorff-Pouilly-Beitragsbild.jpg",257,224,false],"1536x1536":["https:\/\/www.georgsorden.eu\/wp-content\/uploads\/2024\/01\/Foto-Mensdorff-Pouilly-Beitragsbild.jpg",257,224,false],"2048x2048":["https:\/\/www.georgsorden.eu\/wp-content\/uploads\/2024\/01\/Foto-Mensdorff-Pouilly-Beitragsbild.jpg",257,224,false]},"rttpg_author":{"display_name":"iktopia","author_link":"https:\/\/www.georgsorden.eu\/de\/author\/iktopia\/"},"rttpg_comment":0,"rttpg_category":"Allgemein","rttpg_excerpt":"\u2020 21.11.2023","_links":{"self":[{"href":"https:\/\/www.georgsorden.eu\/de\/wp-json\/wp\/v2\/posts\/11249","targetHints":{"allow":["GET"]}}],"collection":[{"href":"https:\/\/www.georgsorden.eu\/de\/wp-json\/wp\/v2\/posts"}],"about":[{"href":"https:\/\/www.georgsorden.eu\/de\/wp-json\/wp\/v2\/types\/post"}],"author":[{"embeddable":true,"href":"https:\/\/www.georgsorden.eu\/de\/wp-json\/wp\/v2\/users\/1"}],"replies":[{"embeddable":true,"href":"https:\/\/www.georgsorden.eu\/de\/wp-json\/wp\/v2\/comments?post=11249"}],"version-history":[{"count":5,"href":"https:\/\/www.georgsorden.eu\/de\/wp-json\/wp\/v2\/posts\/11249\/revisions"}],"predecessor-version":[{"id":11258,"href":"https:\/\/www.georgsorden.eu\/de\/wp-json\/wp\/v2\/posts\/11249\/revisions\/11258"}],"wp:featuredmedia":[{"embeddable":true,"href":"https:\/\/www.georgsorden.eu\/de\/wp-json\/wp\/v2\/media\/11253"}],"wp:attachment":[{"href":"https:\/\/www.georgsorden.eu\/de\/wp-json\/wp\/v2\/media?parent=11249"}],"wp:term":[{"taxonomy":"category","embeddable":true,"href":"https:\/\/www.georgsorden.eu\/de\/wp-json\/wp\/v2\/categories?post=11249"},{"taxonomy":"post_tag","embeddable":true,"href":"https:\/\/www.georgsorden.eu\/de\/wp-json\/wp\/v2\/tags?post=11249"}],"curies":[{"name":"wp","href":"https:\/\/api.w.org\/{rel}","templated":true}]}}