{"id":11272,"date":"2024-01-25T22:37:00","date_gmt":"2024-01-25T21:37:00","guid":{"rendered":"https:\/\/www.georgsorden.eu\/de\/?p=11272"},"modified":"2024-01-30T09:59:03","modified_gmt":"2024-01-30T08:59:03","slug":"podiumsdiskussion-25-01-2024","status":"publish","type":"post","link":"https:\/\/www.georgsorden.eu\/de\/podiumsdiskussion-25-01-2024\/","title":{"rendered":"Kein Scheindialog"},"content":{"rendered":"\n<p>Am 25. J\u00e4nner 2024 lud der St. Georgs-Orden zum INTERRELIGI\u00d6SEN DIALOG nach Salzburg. Am Nachmittag stand zur Einstimmung eine F\u00fchrung durch den Dom und die Synagoge der Landeshauptstadt auf dem Programm. Am Abend freute sich Komtur DI Dr. Wilhelm von Zitzewitz in seinen Begr\u00fc\u00dfungsworten nicht nur dar\u00fcber, dass so viele Ordensdamen und Ordensritter der Einladung in die Villa Vicina der Stiftung Mozarteum gefolgt waren, sondern auch \u00fcber die Anwesenheit zahlreicher Vertreter anderer Organisationen, wie des Salzburger Paneuropaforums und der Katholisch-\u00d6sterreichischen Landsmannschaften. Auch die hochkar\u00e4tigen Podiumsg\u00e4ste hie\u00df er herzlich willkommen.<\/p>\n\n\n\n<figure class=\"wp-block-image size-large is-resized\"><a href=\"https:\/\/www.georgsorden.eu\/wp-content\/uploads\/2024\/01\/IMG_3120.jpg\" rel=\"lightbox-0\"><img loading=\"lazy\" decoding=\"async\" width=\"1024\" height=\"768\" src=\"https:\/\/www.georgsorden.eu\/wp-content\/uploads\/2024\/01\/IMG_3120-1024x768.jpg\" alt=\"\" class=\"wp-image-11275\" style=\"width:632px;height:auto\" srcset=\"https:\/\/www.georgsorden.eu\/wp-content\/uploads\/2024\/01\/IMG_3120-1024x768.jpg 1024w, https:\/\/www.georgsorden.eu\/wp-content\/uploads\/2024\/01\/IMG_3120-300x225.jpg 300w, https:\/\/www.georgsorden.eu\/wp-content\/uploads\/2024\/01\/IMG_3120-768x576.jpg 768w, https:\/\/www.georgsorden.eu\/wp-content\/uploads\/2024\/01\/IMG_3120.jpg 1280w\" sizes=\"auto, (max-width: 1024px) 100vw, 1024px\" \/><\/a><\/figure>\n\n\n<div class=\"wpum-message warning\">\n\t<p>Dieser Inhalt ist nur f\u00fcr Mitglieder zug\u00e4nglich. Bitte <a href=\"https:\/\/www.georgsorden.eu\/de\/log-in\/?redirect_to=https:\/\/www.georgsorden.eu\/de\/wp-json\/wp\/v2\/posts\/11272\">melden Sie sich an<\/a>.<\/p>\n<\/div>\n\n\n\n\n\n\n\n\n\n\n\n\n\n\n\n\n","protected":false},"excerpt":{"rendered":"<p>Am 25. J\u00e4nner 2024 lud der St. Georgs-Orden zum Interreligi\u00f6sen Dialog in die Villa Vicina der Stiftung Mozarteum nach Salzburg.<\/p>\n","protected":false},"author":1,"featured_media":11275,"comment_status":"closed","ping_status":"closed","sticky":false,"template":"","format":"standard","meta":{"footnotes":""},"categories":[164,27],"tags":[],"class_list":["post-11272","post","type-post","status-publish","format-standard","has-post-thumbnail","hentry","category-164","category-orden-allgemein"],"publishpress_future_action":{"enabled":false,"date":"2026-05-07 11:22:40","action":"category","newStatus":"draft","terms":[],"taxonomy":"category","extraData":[]},"publishpress_future_workflow_manual_trigger":{"enabledWorkflows":[]},"rttpg_featured_image_url":{"full":["https:\/\/www.georgsorden.eu\/wp-content\/uploads\/2024\/01\/IMG_3120.jpg",1280,960,false],"landscape":["https:\/\/www.georgsorden.eu\/wp-content\/uploads\/2024\/01\/IMG_3120.jpg",1280,960,false],"portraits":["https:\/\/www.georgsorden.eu\/wp-content\/uploads\/2024\/01\/IMG_3120.jpg",1280,960,false],"thumbnail":["https:\/\/www.georgsorden.eu\/wp-content\/uploads\/2024\/01\/IMG_3120-150x150.jpg",150,150,true],"medium":["https:\/\/www.georgsorden.eu\/wp-content\/uploads\/2024\/01\/IMG_3120-300x225.jpg",300,225,true],"large":["https:\/\/www.georgsorden.eu\/wp-content\/uploads\/2024\/01\/IMG_3120-1024x768.jpg",1024,768,true],"1536x1536":["https:\/\/www.georgsorden.eu\/wp-content\/uploads\/2024\/01\/IMG_3120.jpg",1280,960,false],"2048x2048":["https:\/\/www.georgsorden.eu\/wp-content\/uploads\/2024\/01\/IMG_3120.jpg",1280,960,false]},"rttpg_author":{"display_name":"iktopia","author_link":"https:\/\/www.georgsorden.eu\/de\/author\/iktopia\/"},"rttpg_comment":0,"rttpg_category":"<a href=\"https:\/\/www.georgsorden.eu\/de\/category\/2024\/\" rel=\"category tag\">2024<\/a> <a href=\"https:\/\/www.georgsorden.eu\/de\/category\/orden-allgemein\/\" rel=\"category tag\">Orden allgemein<\/a>","rttpg_excerpt":"Am 25. J\u00e4nner 2024 lud der St. Georgs-Orden zum Interreligi\u00f6sen Dialog in die Villa Vicina der Stiftung Mozarteum nach Salzburg.","_links":{"self":[{"href":"https:\/\/www.georgsorden.eu\/de\/wp-json\/wp\/v2\/posts\/11272","targetHints":{"allow":["GET"]}}],"collection":[{"href":"https:\/\/www.georgsorden.eu\/de\/wp-json\/wp\/v2\/posts"}],"about":[{"href":"https:\/\/www.georgsorden.eu\/de\/wp-json\/wp\/v2\/types\/post"}],"author":[{"embeddable":true,"href":"https:\/\/www.georgsorden.eu\/de\/wp-json\/wp\/v2\/users\/1"}],"replies":[{"embeddable":true,"href":"https:\/\/www.georgsorden.eu\/de\/wp-json\/wp\/v2\/comments?post=11272"}],"version-history":[{"count":12,"href":"https:\/\/www.georgsorden.eu\/de\/wp-json\/wp\/v2\/posts\/11272\/revisions"}],"predecessor-version":[{"id":11291,"href":"https:\/\/www.georgsorden.eu\/de\/wp-json\/wp\/v2\/posts\/11272\/revisions\/11291"}],"wp:featuredmedia":[{"embeddable":true,"href":"https:\/\/www.georgsorden.eu\/de\/wp-json\/wp\/v2\/media\/11275"}],"wp:attachment":[{"href":"https:\/\/www.georgsorden.eu\/de\/wp-json\/wp\/v2\/media?parent=11272"}],"wp:term":[{"taxonomy":"category","embeddable":true,"href":"https:\/\/www.georgsorden.eu\/de\/wp-json\/wp\/v2\/categories?post=11272"},{"taxonomy":"post_tag","embeddable":true,"href":"https:\/\/www.georgsorden.eu\/de\/wp-json\/wp\/v2\/tags?post=11272"}],"curies":[{"name":"wp","href":"https:\/\/api.w.org\/{rel}","templated":true}]}}