{"id":13520,"date":"2024-10-18T11:59:44","date_gmt":"2024-10-18T09:59:44","guid":{"rendered":"https:\/\/www.georgsorden.eu\/de\/?p=13520"},"modified":"2024-10-24T15:14:45","modified_gmt":"2024-10-24T13:14:45","slug":"newsletter-oktober-2024","status":"publish","type":"post","link":"https:\/\/www.georgsorden.eu\/de\/newsletter-oktober-2024\/","title":{"rendered":"Newsletter Oktober 2024"},"content":{"rendered":"\n<h2 class=\"wp-block-heading\">Ordensweite Veranstaltungen<\/h2>\n\n\n\n<h4 class=\"wp-block-heading\" id=\"10-2024-Podiumsdiskussion\">Podiumsdiskussion: Europa in einer Zeit multipler Krisen<\/h4>\n\n\n\n<p><strong>28. November 2024, Einlass: 18:00 Uhr, Beginn: 19:00 Uhr<\/strong><br>TV-Studio und Online<\/p>\n\n\n\n<p>Die schon traditionelle inhaltliche Jahresschlussveranstaltung findet wieder in Form einer Podiumsdiskussion statt und besch\u00e4ftigt sich heuer mit Europa in einer Zeit multipler Krisen.<\/p>\n\n\n\n<p>Die Diskutanten werden das Thema aus verschiedenen fachlichen Blickwinkeln beleuchten und danach mit dem Publikum in den Diskurs treten. Darunter nat\u00fcrlich wieder unser&nbsp;Gro\u00dfmeister Erzherzog Karl&nbsp;sowie weitere kompetente Pers\u00f6nlichkeiten, wie beispielsweise der bekannte deutsche Journalisten und Buchautor&nbsp;Alexander Wendt, der&nbsp;Pr\u00e4sidenten der Gesellschaft f\u00fcr Krisenvorsorge (GfKV),&nbsp;Herbert Saurugg, MSc, Botschafter a.D. Dr. Wendelin Ettmayer, Experte f\u00fcr eine zentrale Frage der europ\u00e4ischen Sicherheits- und Wirtschaftspolitik, der dazu auch gerade sein j\u00fcngstes Buch \u201eEuropa und USA &#8211; Das transatlantische Verh\u00e4ltnis auf dem Pr\u00fcfstand\u201c ver\u00f6ffentlicht hat, sowie der scheidende EU-Kommissar&nbsp;Dr. Johannes Hahn&nbsp;(angefragt).&nbsp;Den Abend moderiert in bew\u00e4hrter Weise TV-Profi&nbsp;J\u00fcrgen Peindl&nbsp;(bekannt u.a. von n-tv).<\/p>\n\n\n\n<p>Die Veranstaltung wird auch heuer in einem&nbsp;TV-Studio&nbsp;\u00fcber die B\u00fchne gehen und&nbsp;live zweisprachig (deutsch und englisch)&nbsp;online&nbsp;\u00fcbertragen, damit unsere Ordensdamen und -ritter in ganz Europa die M\u00f6glichkeit haben teilzunehmen.&nbsp;<\/p>\n\n\n\n<p>Detaillierte Informationen mit der M\u00f6glichkeit zur Registrierung schickt das Kanzleramt nat\u00fcrlich rechtzeitig aus.&nbsp;Da das Interesse an diesem Format erfahrungsgem\u00e4\u00df besonders gro\u00df ist, empfiehlt sich dann rechtzeitige Anmeldung.<\/p>\n\n\n\n<div style=\"height:20px\" aria-hidden=\"true\" class=\"wp-block-spacer\"><\/div>\n\n\n\n<h4 class=\"wp-block-heading\" id=\"10-2024-Benefizkonzert\">Benefizkonzert und Ordensweihnachtsfeier<\/h4>\n\n\n\n<p><strong>29. November 2024, Beginn: 17:00 Uhr<\/strong><br>mdw &#8211; Universit\u00e4t f\u00fcr Musik und darstellende Kunst Wien\/Ordensresidenz, Rennweg 10, 1030 Wien, \u00d6sterreich<\/p>\n\n\n\n<p>Zum Auftakt in den Advent veranstalten die Damen des St. Georgs-Orden wieder ihr gro\u00dfes Benefizkonzert in der mdw, diesmal nicht nur in Kooperation  mit den Wiener und nieder\u00f6sterreichischen Komtureien sowie der Komturei Burgenland, sondern zudem kombiniert mit der Ordensweihnachtsfeier.<\/p>\n\n\n\n<p>Das genaue Programm und die Ticketlinks f\u00fcr die Anmeldung folgen rechtzeitig.<\/p>\n\n\n\n<div style=\"height:20px\" aria-hidden=\"true\" class=\"wp-block-spacer\"><\/div>\n\n\n\n<h4 class=\"wp-block-heading\" id=\"10-2024-Buchvorstellung\">Buchvorstellung \u201eIrdisches Jerusalem: \u00dcber Heiliges und Schwieriges\u201c<\/h4>\n\n\n\n<p><strong>10. Dezember 2024, Beginn: 19:00 Uhr<\/strong><br>Ordensresidenz, Rennweg 10, 1030 Wien, \u00d6sterreich<\/p>\n\n\n\n<p>Ordensritter Mag. Markus St. Bugnyar, Rektor des \u00d6sterreichischen Pilger-Hospizes in Jerusalem geht in seinem neuen Buch auf die Stadt Jesu ein, in der sich die drei monotheistischen Religionen auf engstem Raum begegnen.  An diesem Brennpunkt politischer Konflikte mit globalen Auswirkungen prallen Heiliges und Schwieriges ungefiltert aufeinander, entz\u00fcnden sich religi\u00f6se und kulturelle Dispute wie auch Formen eines unerwartet fruchtreichen Zusammenlebens.<\/p>\n\n\n\n<p>Im Anschluss an die Buchpr\u00e4sentation wird der Abend bei&nbsp;Punsch, Gl\u00fchwein und Keksen&nbsp;ausklingen.<\/p>\n\n\n\n<p>Anmeldung an <a href=\"mailto:kanzleramt@georgsorden.eu\">kanzleramt@georgsorden.eu<\/a><\/p>\n\n\n\n<hr class=\"wp-block-separator has-alpha-channel-opacity is-style-default\"\/>\n\n\n\n<h2 class=\"wp-block-heading\">Komturei\u00fcbergreifende Veranstaltungen<\/h2>\n\n\n\n<h4 class=\"wp-block-heading\" id=\"10-2024-Symposium\">13. November 2024<\/h4>\n\n\n\n<p><strong>Symposium: Courage for Responsibility &#8211; Towards a Safe and Hopeful Future<\/strong><br><em>Komturei Niederlande und Ordensakademie<\/em><br>Grand Hotel Karel V., Anna von Oostenrijk Room, Geertebolwerk 1, 3511 XA Utrecht, Niederlande<br>Beginn: 19:00 Uhr<\/p>\n\n\n\n<p>Neben Prokurator Baron Vinzenz von Stimpfl-Abele werden Ehrenritter Prof. Dr. Peter Balkenende (Ministerpr\u00e4sident a.D. der Niederlande) sowie Ed Kronenburg (Generalsekret\u00e4r a.D. des Au\u00dfenministeriums der Niederlande) Keynotes zum heurigen Jahresthema halten. Die Veranstaltung wird auch per Zoom \u00fcbertragen. Bitte bei der Anmeldung angeben, ob eine Teilnahme vor Ort oder online erfolgen wird.<\/p>\n\n\n\n<p>Das Programm und alle Details sind in der untenstehenden Einladung zu finden.<\/p>\n\n\n\n<p>Unkostenbeitrag: 25,00 Euro<br>Teilnehmerzahl: maximal 25 Personen vor Ort<br>Sprache: englisch<br>Anmeldung bis 6. November 2024 an <a href=\"mailto:kanzleramt@georgsorden.eu\">kanzleramt@georgsorden.eu<\/a><\/p>\n\n\n\n<div class=\"wp-block-file\"><a id=\"wp-block-file--media-767badb6-94d4-4443-8e03-993a802e19e3\" href=\"https:\/\/www.georgsorden.eu\/wp-content\/uploads\/2024\/09\/Invitation-Utrecht-11-2024_EN.pdf\">Einladung Symposium (in englisch)<\/a><a href=\"https:\/\/www.georgsorden.eu\/wp-content\/uploads\/2024\/09\/Invitation-Utrecht-11-2024_EN.pdf\" class=\"wp-block-file__button wp-element-button\" download aria-describedby=\"wp-block-file--media-767badb6-94d4-4443-8e03-993a802e19e3\">Herunterladen<\/a><\/div>\n\n\n\n<hr class=\"wp-block-separator has-alpha-channel-opacity is-style-default\"\/>\n\n\n\n<h2 class=\"wp-block-heading\">Komturei-Veranstaltungen<\/h2>\n\n\n\n<h4 class=\"wp-block-heading\" id=\"10-2024-Komtureisitzung-Stmk-K\">7. November 2024<\/h4>\n\n\n\n<p><strong>Graz und seine (geheimen) B\u00fcnde<\/strong><br><em>Komturei Steiermark\/K\u00e4rnten<\/em><br>Hotel Mariahilf, Mariahilferstra\u00dfe 9, 8020 Graz, \u00d6sterreich<br>Beginn: 18:00 Uhr<\/p>\n\n\n\n<p>Komtur Mag. Andreas Schwarz, MBA, l\u00e4dt zur Komtureisitzung mit einer Keynote zum Thema \u201eGraz und seine (geheimen) B\u00fcnde\u201c von Prof. Mag. Dr. Karl Albrecht Kubinzky. Im Anschluss findet ein Get-Together mit Buffet auf Einladung von Sonderbotschafter OMR Prim. Dr. G\u00fcnter Nebel statt.<\/p>\n\n\n\n<p>Ansprechpartner: Komtur Mag. Andreas Schwarz, MBA<br>Anmeldung bis 4. November 2024 an <a href=\"mailto:sgo.komturei.stmk.ktn@gmail.com\">sgo.komturei.stmk.ktn@gmail.com<\/a><\/p>\n\n\n\n<div class=\"wp-block-file\"><a id=\"wp-block-file--media-18c813b9-9411-449b-a061-6c575ad951db\" href=\"https:\/\/www.georgsorden.eu\/wp-content\/uploads\/2024\/10\/Einladung-Komtureisitzung-KSK-071124.pdf\">Einladung zur Komtureisitzung<\/a><a href=\"https:\/\/www.georgsorden.eu\/wp-content\/uploads\/2024\/10\/Einladung-Komtureisitzung-KSK-071124.pdf\" class=\"wp-block-file__button wp-element-button\" download aria-describedby=\"wp-block-file--media-18c813b9-9411-449b-a061-6c575ad951db\">Herunterladen<\/a><\/div>\n\n\n\n<div style=\"height:20px\" aria-hidden=\"true\" class=\"wp-block-spacer\"><\/div>\n\n\n\n<h4 class=\"wp-block-heading\" id=\"10-2024-Demokratie\">11. November 2024<\/h4>\n\n\n\n<p><strong>Direkte Demokratie im Wandel der Zeit<\/strong><br><em>Komturei Wien &#8211; Sch\u00f6nbrunn<\/em><br>Ordensresidenz, Rennweg 10, 1030 Wien, \u00d6sterreich<br>Beginn: 19:00 Uhr<\/p>\n\n\n\n<p>Ehrenritter Mag. Herbert Haupt wird zum Thema \u201eDirekte Demokratie im Wandel der Zeit\u201c sprechen. F\u00fcr Speis und Trank ist gesorgt.<\/p>\n\n\n\n<p>Ansprechpartner: Komtur Mag. Thomas Baumgartner<br>Anmeldung bis 5. November 2024 an <a href=\"mailto:baumgartner@benedicon.com\">baumgartner@benedicon.com<\/a><\/p>\n\n\n\n<div style=\"height:20px\" aria-hidden=\"true\" class=\"wp-block-spacer\"><\/div>\n\n\n\n<h4 class=\"wp-block-heading\" id=\"10-2024-Komtureiabend-W-Belvedere\">12. November 2024<\/h4>\n\n\n\n<p><strong>Komtureiabend<\/strong><br><em>Komturei Wien &#8211; Schloss Belvedere<\/em><br>Belle Eremitage, Matth\u00e4usgasse 9\/6, 1030 Wien, \u00d6sterreich<br>Beginn: 18:30 Uhr<\/p>\n\n\n\n<figure class=\"wp-block-image size-full is-resized\"><a href=\"https:\/\/www.georgsorden.eu\/wp-content\/uploads\/2024\/09\/2017_05_04-De-Arnoldi-20-web.jpg\" rel=\"lightbox-0\"><img loading=\"lazy\" decoding=\"async\" width=\"1024\" height=\"684\" src=\"https:\/\/www.georgsorden.eu\/wp-content\/uploads\/2024\/09\/2017_05_04-De-Arnoldi-20-web.jpg\" alt=\"\" class=\"wp-image-13376\" style=\"width:423px;height:auto\" srcset=\"https:\/\/www.georgsorden.eu\/wp-content\/uploads\/2024\/09\/2017_05_04-De-Arnoldi-20-web.jpg 1024w, https:\/\/www.georgsorden.eu\/wp-content\/uploads\/2024\/09\/2017_05_04-De-Arnoldi-20-web-300x200.jpg 300w, https:\/\/www.georgsorden.eu\/wp-content\/uploads\/2024\/09\/2017_05_04-De-Arnoldi-20-web-768x513.jpg 768w\" sizes=\"auto, (max-width: 1024px) 100vw, 1024px\" \/><\/a><\/figure>\n\n\n\n<p>Komtur KR Mag. Nikolai de Arnoldi l\u00e4dt zum gem\u00fctlichen Komtureiabend bei dem unter anderem der Austausch sowie Informationen f\u00fcr das n\u00e4chste Jahr im Mittelpunkt stehen.<\/p>\n\n\n\n<p>Ansprechpartner: Komtur KR Mag. Nikolai de Arnoldi<br>Anmeldung bis 10. November 2024 an <a href=\"mailto:belvedere@de-arnoldi.eu\">belvedere@de-arnoldi.eu<\/a><\/p>\n\n\n\n<div style=\"height:20px\" aria-hidden=\"true\" class=\"wp-block-spacer\"><\/div>\n\n\n\n<h4 class=\"wp-block-heading\" id=\"10-2024-Eisstockschie\u00dfen\">14. November 2024<\/h4>\n\n\n\n<p><strong>Eisstockschie\u00dfen<\/strong><br><em>Komturei Wien &#8211; Arsenal<\/em><br>Badeschiff, Franz-Josefs-Kai 4 (Donaupromenade), 1010 Wien, \u00d6sterreich<br>Beginn: 18:00 Uhr<\/p>\n\n\n\n<p>Einladung zu Eisstockschie\u00dfen und Punsch im Rahmen der Internen Komtureisitzung mit anschlie\u00dfendem get-together bei Speis &amp; Trank.<\/p>\n\n\n\n<p>Ablauf:<\/p>\n\n\n\n<ul class=\"wp-block-list\">\n<li>ab 17:30 Uhr: Eintreffen<\/li>\n\n\n\n<li>18:00 &#8211; 20:00 Uhr Eisstockschie\u00dfen<\/li>\n\n\n\n<li>anschlie\u00dfend get-together mit Speis und Trank am Badeschiff<\/li>\n<\/ul>\n\n\n\n<p>Kosten f\u00fcr das Eisstockschie\u00dfen und Punsch gehen zu Lasten der Komturei Wien-Arsenal.<br>Konsumationen beim anschlie\u00dfenden get-together werden von jedem Teilnehmer selbst getragen.<\/p>\n\n\n\n<p>Ansprechpartner: Vizekomtur Ewald Laister<br>Anmeldung bis 10. November 2024 an <a href=\"mailto:ewald.laister@gmail.com\">ewald.laister@gmail.com<\/a><\/p>\n\n\n\n<div class=\"wp-block-file\"><a id=\"wp-block-file--media-5e50cb79-cb3e-48cd-bcef-79f5c5f098d0\" href=\"https:\/\/www.georgsorden.eu\/wp-content\/uploads\/2024\/10\/Einladung-Eisstockschiessen_Wien-Arsenal.pdf\">Einladung Eisstockschie\u00dfen<\/a><a href=\"https:\/\/www.georgsorden.eu\/wp-content\/uploads\/2024\/10\/Einladung-Eisstockschiessen_Wien-Arsenal.pdf\" class=\"wp-block-file__button wp-element-button\" download aria-describedby=\"wp-block-file--media-5e50cb79-cb3e-48cd-bcef-79f5c5f098d0\">Herunterladen<\/a><\/div>\n\n\n\n<div style=\"height:20px\" aria-hidden=\"true\" class=\"wp-block-spacer\"><\/div>\n\n\n\n<h4 class=\"wp-block-heading\" id=\"10-2024-Ganslessen\">15. November 2024<\/h4>\n\n\n\n<p><strong>Ganslessen<\/strong><br><em>Komturei Nieder\u00f6sterreich &#8211; St. Georgs-Kathedrale<\/em><br>Heuriger Leo &amp; Claudia Aumann, Oberwaltersdorferstra\u00dfe 105, 2512 Tribuswinkel, \u00d6sterreich<br>Beginn: 19:00 Uhr<\/p>\n\n\n\n<p>Komtur Christian Blazek freut sich auf einen gem\u00fctlichen und kommunikativen Abend beim Ganslessen und auf interessante Gespr\u00e4che.<\/p>\n\n\n\n<p>Unkostenbeitrag: 30,00 Euro<\/p>\n\n\n\n<p>Ansprechpartner: Komtur Christian Blazek<br>Anmeldung an <a href=\"mailto:c.blazek@blazek-garten.at\">c.blazek@blazek-garten.at<\/a><\/p>\n\n\n\n<div class=\"wp-block-file\"><a id=\"wp-block-file--media-07a05cd6-82d3-4e5f-ae14-0f5ea328e303\" href=\"https:\/\/www.georgsorden.eu\/wp-content\/uploads\/2024\/10\/Einladung-15.-November-2024.pdf\">Einladung Ganslessen<\/a><a href=\"https:\/\/www.georgsorden.eu\/wp-content\/uploads\/2024\/10\/Einladung-15.-November-2024.pdf\" class=\"wp-block-file__button wp-element-button\" download aria-describedby=\"wp-block-file--media-07a05cd6-82d3-4e5f-ae14-0f5ea328e303\">Herunterladen<\/a><\/div>\n\n\n\n<div style=\"height:20px\" aria-hidden=\"true\" class=\"wp-block-spacer\"><\/div>\n\n\n\n<h4 class=\"wp-block-heading\" id=\"10-2024-Komtureiabend-S-OOE-B\">23. November 2024<\/h4>\n\n\n\n<p><strong>Komtureiabend<\/strong><br><em>Komturei Salzburg\/Ober\u00f6sterreich\/Bayern &#8211; Hohensalzburg<\/em><br>Hotel Friesacher, Hellbrunner Stra\u00dfe 17, 5081 Anif, \u00d6sterreich<br>Beginn: 17:15 Uhr<\/p>\n\n\n\n<p>Komtur DI Dr. Wilhelm von Zitzewitz l\u00e4dt zum Komtureiabend mit Jahresr\u00fcckblick und Vorausschau in Anwesenheit von Prokurator Baron Vinzen von Stimpfl-Abele und seiner Gattin, Pr\u00e4sidentin der Damen Baronin Mag. Gabriela von Stimpfl-Abele. Au\u00dferdem wird Landeshauptmann a.D. Univ. Prof. Dr. Franz Schausberger im Rahmen des Komtureiabends \u201eDas Institut der Regionen Europas (IRE)\u201c vorstellen, welches von ihm vor 20 Jahren gegr\u00fcndet wurde.<\/p>\n\n\n\n<p>Kostenbeitrag: 75,00 Euro<\/p>\n\n\n\n<p>Ansprechpartner: Komtur DI Dr. Wilhelm von Zitzewitz<br>Anmeldung bis 15. November 2024 an <a href=\"mailto:vonzitzewitzw@gmail.com\">vonzitzewitzw@gmail.com<\/a><\/p>\n\n\n\n<div class=\"wp-block-file\"><a id=\"wp-block-file--media-9945ec47-d11d-4071-9551-b7aff680857c\" href=\"https:\/\/www.georgsorden.eu\/wp-content\/uploads\/2024\/10\/Einladung-Komtureiabend-23-11-2024.pdf\">Einladung Komtureiabend<\/a><a href=\"https:\/\/www.georgsorden.eu\/wp-content\/uploads\/2024\/10\/Einladung-Komtureiabend-23-11-2024.pdf\" class=\"wp-block-file__button wp-element-button\" download aria-describedby=\"wp-block-file--media-9945ec47-d11d-4071-9551-b7aff680857c\">Herunterladen<\/a><\/div>\n\n\n\n<div style=\"height:20px\" aria-hidden=\"true\" class=\"wp-block-spacer\"><\/div>\n\n\n\n<h4 class=\"wp-block-heading\" id=\"10-2024-Punschstand\">6. &#8211; 15. Dezember 2024<\/h4>\n\n\n\n<p><strong>Benefiz-Punschstand am Pannonischen Weihnachtsmarkt<\/strong><br><em>Komturei Burgenland<\/em><br>Schloss Halbturn, 7131 Halbturn, \u00d6sterreich<br>Beginn: 13:00 Uhr<\/p>\n\n\n\n<p>Die Komturei Burgenland l\u00e4dt zum Benefiz-Weihnachtspunsch am eigenen Stand in Schloss Halbturn, wo von 6. bis 15. Dezember 2024 immer Freitag bis Sonntag von 13:00 &#8211; 19:00 Uhr der Pannonische Weihnachtsmarkt stattfindet.<\/p>\n\n\n\n<p>Ansprechpartner: Komtur Dieter Tischler<\/p>\n\n\n\n<div class=\"wp-block-file\"><a id=\"wp-block-file--media-9e0e836d-51a7-4817-a019-229c22f13182\" href=\"https:\/\/www.georgsorden.eu\/wp-content\/uploads\/2024\/10\/Plakat-PannonischerWeihnachtsmarkt2024.jpg\" rel=\"lightbox-1\">Plakat Pannonischer Weihnachtsmarkt<\/a><a href=\"https:\/\/www.georgsorden.eu\/wp-content\/uploads\/2024\/10\/Plakat-PannonischerWeihnachtsmarkt2024.jpg\" class=\"wp-block-file__button wp-element-button\" download aria-describedby=\"wp-block-file--media-9e0e836d-51a7-4817-a019-229c22f13182\" rel=\"lightbox-2\">Herunterladen<\/a><\/div>\n\n\n\n<div style=\"height:20px\" aria-hidden=\"true\" class=\"wp-block-spacer\"><\/div>\n\n\n\n<h4 class=\"wp-block-heading\" id=\"10-2024-Kulturecke\">14. Dezember 2024<\/h4>\n\n\n\n<p><strong>Kulturecke im \u201eHofmobiliendepot\u201c<\/strong><br><em>Damen des St. Georgs-Orden<\/em><br>Andreasgasse 7, 1070 Wien, \u00d6sterreich<br>Beginn: 14:00 Uhr<\/p>\n\n\n\n<p>Zu sehen sind die mobilaren Prunkst\u00fccke der Habsburger sowie ausgesuchte Meisterwerke der M\u00f6belkunst aus mehreren Jahrhunderten.<\/p>\n\n\n\n<p>Unkostenbeitrag: 14,50 Euro<\/p>\n\n\n\n<p>Ansprechpartnerin: Elisabeth Ulm, Sonderbeauftragte f\u00fcr Kunst und Kultur<br>Anmeldung bis 9. Dezember 2024 an <a href=\"mailto:elisabeth.ulm@gmail.com\">elisabeth.ulm@gmail.com<\/a><\/p>\n\n\n\n<p><\/p>\n","protected":false},"excerpt":{"rendered":"<p>Ordensweite Veranstaltungen Podiumsdiskussion: Europa in einer Zeit multipler Krisen 28. November 2024, Einlass: 18:00 Uhr, Beginn: 19:00 UhrTV-Studio und Online Die schon traditionelle inhaltliche Jahresschlussveranstaltung findet wieder in Form einer Podiumsdiskussion statt und besch\u00e4ftigt sich heuer mit Europa in einer Zeit multipler Krisen. Die Diskutanten werden das Thema aus verschiedenen fachlichen Blickwinkeln beleuchten und danach &#8230; <a title=\"Newsletter Oktober 2024\" class=\"read-more\" href=\"https:\/\/www.georgsorden.eu\/de\/newsletter-oktober-2024\/\" aria-label=\"Mehr Informationen \u00fcber Newsletter Oktober 2024\">Weiterlesen<\/a><\/p>\n","protected":false},"author":1,"featured_media":0,"comment_status":"closed","ping_status":"closed","sticky":false,"template":"","format":"standard","meta":{"footnotes":""},"categories":[172],"tags":[],"class_list":["post-13520","post","type-post","status-publish","format-standard","hentry","category-newsletter"],"publishpress_future_action":{"enabled":false,"date":"2026-05-07 18:56:53","action":"category","newStatus":"draft","terms":[],"taxonomy":"category","extraData":[]},"publishpress_future_workflow_manual_trigger":{"enabledWorkflows":[]},"rttpg_featured_image_url":null,"rttpg_author":{"display_name":"iktopia","author_link":"https:\/\/www.georgsorden.eu\/de\/author\/iktopia\/"},"rttpg_comment":0,"rttpg_category":"<a href=\"https:\/\/www.georgsorden.eu\/de\/category\/newsletter\/\" rel=\"category tag\">Newsletter<\/a>","rttpg_excerpt":"Ordensweite Veranstaltungen Podiumsdiskussion: Europa in einer Zeit multipler Krisen 28. November 2024, Einlass: 18:00 Uhr, Beginn: 19:00 UhrTV-Studio und Online Die schon traditionelle inhaltliche Jahresschlussveranstaltung findet wieder in Form einer Podiumsdiskussion statt und besch\u00e4ftigt sich heuer mit Europa in einer Zeit multipler Krisen. Die Diskutanten werden das Thema aus verschiedenen fachlichen Blickwinkeln beleuchten und danach&hellip;","_links":{"self":[{"href":"https:\/\/www.georgsorden.eu\/de\/wp-json\/wp\/v2\/posts\/13520","targetHints":{"allow":["GET"]}}],"collection":[{"href":"https:\/\/www.georgsorden.eu\/de\/wp-json\/wp\/v2\/posts"}],"about":[{"href":"https:\/\/www.georgsorden.eu\/de\/wp-json\/wp\/v2\/types\/post"}],"author":[{"embeddable":true,"href":"https:\/\/www.georgsorden.eu\/de\/wp-json\/wp\/v2\/users\/1"}],"replies":[{"embeddable":true,"href":"https:\/\/www.georgsorden.eu\/de\/wp-json\/wp\/v2\/comments?post=13520"}],"version-history":[{"count":31,"href":"https:\/\/www.georgsorden.eu\/de\/wp-json\/wp\/v2\/posts\/13520\/revisions"}],"predecessor-version":[{"id":13865,"href":"https:\/\/www.georgsorden.eu\/de\/wp-json\/wp\/v2\/posts\/13520\/revisions\/13865"}],"wp:attachment":[{"href":"https:\/\/www.georgsorden.eu\/de\/wp-json\/wp\/v2\/media?parent=13520"}],"wp:term":[{"taxonomy":"category","embeddable":true,"href":"https:\/\/www.georgsorden.eu\/de\/wp-json\/wp\/v2\/categories?post=13520"},{"taxonomy":"post_tag","embeddable":true,"href":"https:\/\/www.georgsorden.eu\/de\/wp-json\/wp\/v2\/tags?post=13520"}],"curies":[{"name":"wp","href":"https:\/\/api.w.org\/{rel}","templated":true}]}}