{"id":13830,"date":"2024-10-13T19:19:01","date_gmt":"2024-10-13T17:19:01","guid":{"rendered":"https:\/\/www.georgsorden.eu\/de\/?p=13830"},"modified":"2024-10-24T14:59:31","modified_gmt":"2024-10-24T12:59:31","slug":"ordenstag-12-10-2024","status":"publish","type":"post","link":"https:\/\/www.georgsorden.eu\/de\/ordenstag-12-10-2024\/","title":{"rendered":"Ein besonders stimmungsvoller Ordenstag\u2026"},"content":{"rendered":"\n<p>fand am 12. Oktober 2024 in Wien statt. Das lag nicht nur an der perfekten Vorbereitung durch das Organisationsteam unter der Leitung unseres Vizekanzlers Michael Blaha, MSc, und der w\u00fcrdigen Inszenierung in der Salesianerinnenkirche, sondern auch am musikalischen Rahmen, der von unserem Ordensritter M\u00e1rton Wirth beigesteuert wurde: Er dirigierte die von ihm selbst komponierte \u201eMesse zu Ehren von Kaiser und K\u00f6nig Seliger Karl von \u00d6sterreich\u201c, die alle im, bis auf den letzten Platz gef\u00fcllten, Gotteshaus versammelten Ordensdamen, Ordensritter und G\u00e4ste ber\u00fchrte und beeindruckte.<\/p>\n\n\n\n<p><a href=\"https:\/\/www.georgsorden.eu\/komponistenpreis-12-10-2024\/\" data-type=\"post\" data-id=\"13818\">&gt; Lesen Sie hier den Bericht \u00fcber die Verleihung des Ungarischen Komponistenpreises an M\u00e1rton Wirth.<\/a><\/p>\n\n\n\n<figure class=\"wp-block-image size-large is-resized\"><a href=\"https:\/\/www.georgsorden.eu\/wp-content\/uploads\/2024\/10\/3O4A4773.jpg\" rel=\"lightbox-0\"><img loading=\"lazy\" decoding=\"async\" width=\"1024\" height=\"682\" src=\"https:\/\/www.georgsorden.eu\/wp-content\/uploads\/2024\/10\/3O4A4773-1024x682.jpg\" alt=\"\" class=\"wp-image-13622\" style=\"width:597px;height:auto\" srcset=\"https:\/\/www.georgsorden.eu\/wp-content\/uploads\/2024\/10\/3O4A4773-1024x682.jpg 1024w, https:\/\/www.georgsorden.eu\/wp-content\/uploads\/2024\/10\/3O4A4773-300x200.jpg 300w, https:\/\/www.georgsorden.eu\/wp-content\/uploads\/2024\/10\/3O4A4773-768x512.jpg 768w, https:\/\/www.georgsorden.eu\/wp-content\/uploads\/2024\/10\/3O4A4773.jpg 1280w\" sizes=\"auto, (max-width: 1024px) 100vw, 1024px\" \/><\/a><\/figure>\n\n\n<div class=\"wpum-message warning\">\n\t<p>Dieser Inhalt ist nur f\u00fcr Mitglieder zug\u00e4nglich. Bitte <a href=\"https:\/\/www.georgsorden.eu\/de\/log-in\/?redirect_to=https:\/\/www.georgsorden.eu\/de\/wp-json\/wp\/v2\/posts\/13830\">melden Sie sich an<\/a>.<\/p>\n<\/div>\n\n\n\n\n\n\n\n\n\n\n\n\n\n\n\n\n\n\n\n\n","protected":false},"excerpt":{"rendered":"<p>fand am Samstag, 12. Oktober 2024, in der Salesianerinnenkirche in Wien am Rennweg statt.<\/p>\n","protected":false},"author":1,"featured_media":13622,"comment_status":"closed","ping_status":"closed","sticky":false,"template":"","format":"standard","meta":{"footnotes":""},"categories":[164,27],"tags":[],"class_list":["post-13830","post","type-post","status-publish","format-standard","has-post-thumbnail","hentry","category-164","category-orden-allgemein"],"publishpress_future_action":{"enabled":false,"date":"2026-05-07 17:27:10","action":"category","newStatus":"draft","terms":[],"taxonomy":"category","extraData":[]},"publishpress_future_workflow_manual_trigger":{"enabledWorkflows":[]},"rttpg_featured_image_url":{"full":["https:\/\/www.georgsorden.eu\/wp-content\/uploads\/2024\/10\/3O4A4773.jpg",1280,853,false],"landscape":["https:\/\/www.georgsorden.eu\/wp-content\/uploads\/2024\/10\/3O4A4773.jpg",1280,853,false],"portraits":["https:\/\/www.georgsorden.eu\/wp-content\/uploads\/2024\/10\/3O4A4773.jpg",1280,853,false],"thumbnail":["https:\/\/www.georgsorden.eu\/wp-content\/uploads\/2024\/10\/3O4A4773-150x150.jpg",150,150,true],"medium":["https:\/\/www.georgsorden.eu\/wp-content\/uploads\/2024\/10\/3O4A4773-300x200.jpg",300,200,true],"large":["https:\/\/www.georgsorden.eu\/wp-content\/uploads\/2024\/10\/3O4A4773-1024x682.jpg",1024,682,true],"1536x1536":["https:\/\/www.georgsorden.eu\/wp-content\/uploads\/2024\/10\/3O4A4773.jpg",1280,853,false],"2048x2048":["https:\/\/www.georgsorden.eu\/wp-content\/uploads\/2024\/10\/3O4A4773.jpg",1280,853,false]},"rttpg_author":{"display_name":"iktopia","author_link":"https:\/\/www.georgsorden.eu\/de\/author\/iktopia\/"},"rttpg_comment":0,"rttpg_category":"<a href=\"https:\/\/www.georgsorden.eu\/de\/category\/2024\/\" rel=\"category tag\">2024<\/a> <a href=\"https:\/\/www.georgsorden.eu\/de\/category\/orden-allgemein\/\" rel=\"category tag\">Orden allgemein<\/a>","rttpg_excerpt":"fand am Samstag, 12. Oktober 2024, in der Salesianerinnenkirche in Wien am Rennweg statt.","_links":{"self":[{"href":"https:\/\/www.georgsorden.eu\/de\/wp-json\/wp\/v2\/posts\/13830","targetHints":{"allow":["GET"]}}],"collection":[{"href":"https:\/\/www.georgsorden.eu\/de\/wp-json\/wp\/v2\/posts"}],"about":[{"href":"https:\/\/www.georgsorden.eu\/de\/wp-json\/wp\/v2\/types\/post"}],"author":[{"embeddable":true,"href":"https:\/\/www.georgsorden.eu\/de\/wp-json\/wp\/v2\/users\/1"}],"replies":[{"embeddable":true,"href":"https:\/\/www.georgsorden.eu\/de\/wp-json\/wp\/v2\/comments?post=13830"}],"version-history":[{"count":9,"href":"https:\/\/www.georgsorden.eu\/de\/wp-json\/wp\/v2\/posts\/13830\/revisions"}],"predecessor-version":[{"id":13862,"href":"https:\/\/www.georgsorden.eu\/de\/wp-json\/wp\/v2\/posts\/13830\/revisions\/13862"}],"wp:featuredmedia":[{"embeddable":true,"href":"https:\/\/www.georgsorden.eu\/de\/wp-json\/wp\/v2\/media\/13622"}],"wp:attachment":[{"href":"https:\/\/www.georgsorden.eu\/de\/wp-json\/wp\/v2\/media?parent=13830"}],"wp:term":[{"taxonomy":"category","embeddable":true,"href":"https:\/\/www.georgsorden.eu\/de\/wp-json\/wp\/v2\/categories?post=13830"},{"taxonomy":"post_tag","embeddable":true,"href":"https:\/\/www.georgsorden.eu\/de\/wp-json\/wp\/v2\/tags?post=13830"}],"curies":[{"name":"wp","href":"https:\/\/api.w.org\/{rel}","templated":true}]}}