{"id":13868,"date":"2024-10-21T22:00:00","date_gmt":"2024-10-21T20:00:00","guid":{"rendered":"https:\/\/www.georgsorden.eu\/de\/?p=13868"},"modified":"2024-10-30T13:03:12","modified_gmt":"2024-10-30T12:03:12","slug":"vortrag-21-10-2024","status":"publish","type":"post","link":"https:\/\/www.georgsorden.eu\/de\/vortrag-21-10-2024\/","title":{"rendered":"Werte und Nachhaltigkeit"},"content":{"rendered":"\n<p>Am 21. Oktober 2024 traf sich die Komturei Wien-Sch\u00f6nbrunn in den R\u00e4umlichkeiten der Ordensresidenz zur Komtureisitzung, bei der DI Helmut Schwarzl, Gesch\u00e4ftsf\u00fchrer von Geberit \u00d6sterreich, zu den Themen Werteorientierung und Nachhaltigkeit sprach.<\/p>\n\n\n\n<div class=\"wp-block-columns is-layout-flex wp-container-core-columns-is-layout-9d6595d7 wp-block-columns-is-layout-flex\">\n<div class=\"wp-block-column is-layout-flow wp-block-column-is-layout-flow\" style=\"flex-basis:66.66%\">\n<figure class=\"wp-block-image size-large is-resized\"><a href=\"https:\/\/www.georgsorden.eu\/wp-content\/uploads\/2024\/10\/Vortrag-Werte-Nachhaltigkeit-2024-10-21-18.52.16-1.jpg\" rel=\"lightbox-0\"><img loading=\"lazy\" decoding=\"async\" width=\"1024\" height=\"768\" src=\"https:\/\/www.georgsorden.eu\/wp-content\/uploads\/2024\/10\/Vortrag-Werte-Nachhaltigkeit-2024-10-21-18.52.16-1-1024x768.jpg\" alt=\"\" class=\"wp-image-13871\" style=\"width:531px;height:auto\" srcset=\"https:\/\/www.georgsorden.eu\/wp-content\/uploads\/2024\/10\/Vortrag-Werte-Nachhaltigkeit-2024-10-21-18.52.16-1-1024x768.jpg 1024w, https:\/\/www.georgsorden.eu\/wp-content\/uploads\/2024\/10\/Vortrag-Werte-Nachhaltigkeit-2024-10-21-18.52.16-1-300x225.jpg 300w, https:\/\/www.georgsorden.eu\/wp-content\/uploads\/2024\/10\/Vortrag-Werte-Nachhaltigkeit-2024-10-21-18.52.16-1-768x576.jpg 768w, https:\/\/www.georgsorden.eu\/wp-content\/uploads\/2024\/10\/Vortrag-Werte-Nachhaltigkeit-2024-10-21-18.52.16-1.jpg 1280w\" sizes=\"auto, (max-width: 1024px) 100vw, 1024px\" \/><\/a><\/figure>\n<\/div>\n\n\n\n<div class=\"wp-block-column is-layout-flow wp-block-column-is-layout-flow\" style=\"flex-basis:33.33%\">\n<figure class=\"wp-block-image size-full\"><a href=\"https:\/\/www.georgsorden.eu\/wp-content\/uploads\/2024\/10\/Vortrag-Werte-Nachhaltigkeit-2024-10-21-19.00.26.jpg\" rel=\"lightbox-1\"><img loading=\"lazy\" decoding=\"async\" width=\"768\" height=\"1024\" src=\"https:\/\/www.georgsorden.eu\/wp-content\/uploads\/2024\/10\/Vortrag-Werte-Nachhaltigkeit-2024-10-21-19.00.26.jpg\" alt=\"\" class=\"wp-image-13872\" srcset=\"https:\/\/www.georgsorden.eu\/wp-content\/uploads\/2024\/10\/Vortrag-Werte-Nachhaltigkeit-2024-10-21-19.00.26.jpg 768w, https:\/\/www.georgsorden.eu\/wp-content\/uploads\/2024\/10\/Vortrag-Werte-Nachhaltigkeit-2024-10-21-19.00.26-225x300.jpg 225w\" sizes=\"auto, (max-width: 768px) 100vw, 768px\" \/><\/a><\/figure>\n<\/div>\n<\/div>\n\n\n<div class=\"wpum-message warning\">\n\t<p>Dieser Inhalt ist nur f\u00fcr Mitglieder zug\u00e4nglich. Bitte <a href=\"https:\/\/www.georgsorden.eu\/de\/log-in\/?redirect_to=https:\/\/www.georgsorden.eu\/de\/wp-json\/wp\/v2\/posts\/13868\">melden Sie sich an<\/a>.<\/p>\n<\/div>\n\n\n\n\n","protected":false},"excerpt":{"rendered":"<p>Am 21. Oktober 2024 sprach DI Helmut Schwarzl, Gesch\u00e4ftsf\u00fchrer von Geberit \u00d6sterreich, im Rahmen der Komtureisitzung zu den Themen Werteorientierung und Nachhaltigkeit.<\/p>\n","protected":false},"author":1,"featured_media":13872,"comment_status":"closed","ping_status":"closed","sticky":false,"template":"","format":"standard","meta":{"footnotes":""},"categories":[164,38],"tags":[],"class_list":["post-13868","post","type-post","status-publish","format-standard","has-post-thumbnail","hentry","category-164","category-wien-schoenbrunn"],"publishpress_future_action":{"enabled":false,"date":"2026-05-07 19:44:37","action":"category","newStatus":"draft","terms":[],"taxonomy":"category","extraData":[]},"publishpress_future_workflow_manual_trigger":{"enabledWorkflows":[]},"rttpg_featured_image_url":{"full":["https:\/\/www.georgsorden.eu\/wp-content\/uploads\/2024\/10\/Vortrag-Werte-Nachhaltigkeit-2024-10-21-19.00.26.jpg",768,1024,false],"landscape":["https:\/\/www.georgsorden.eu\/wp-content\/uploads\/2024\/10\/Vortrag-Werte-Nachhaltigkeit-2024-10-21-19.00.26.jpg",768,1024,false],"portraits":["https:\/\/www.georgsorden.eu\/wp-content\/uploads\/2024\/10\/Vortrag-Werte-Nachhaltigkeit-2024-10-21-19.00.26.jpg",768,1024,false],"thumbnail":["https:\/\/www.georgsorden.eu\/wp-content\/uploads\/2024\/10\/Vortrag-Werte-Nachhaltigkeit-2024-10-21-19.00.26-150x150.jpg",150,150,true],"medium":["https:\/\/www.georgsorden.eu\/wp-content\/uploads\/2024\/10\/Vortrag-Werte-Nachhaltigkeit-2024-10-21-19.00.26-225x300.jpg",225,300,true],"large":["https:\/\/www.georgsorden.eu\/wp-content\/uploads\/2024\/10\/Vortrag-Werte-Nachhaltigkeit-2024-10-21-19.00.26.jpg",768,1024,false],"1536x1536":["https:\/\/www.georgsorden.eu\/wp-content\/uploads\/2024\/10\/Vortrag-Werte-Nachhaltigkeit-2024-10-21-19.00.26.jpg",768,1024,false],"2048x2048":["https:\/\/www.georgsorden.eu\/wp-content\/uploads\/2024\/10\/Vortrag-Werte-Nachhaltigkeit-2024-10-21-19.00.26.jpg",768,1024,false]},"rttpg_author":{"display_name":"iktopia","author_link":"https:\/\/www.georgsorden.eu\/de\/author\/iktopia\/"},"rttpg_comment":0,"rttpg_category":"<a href=\"https:\/\/www.georgsorden.eu\/de\/category\/2024\/\" rel=\"category tag\">2024<\/a> <a href=\"https:\/\/www.georgsorden.eu\/de\/category\/wien-schoenbrunn\/\" rel=\"category tag\">Komturei Wien - Sch\u00f6nbrunn<\/a>","rttpg_excerpt":"Am 21. Oktober 2024 sprach DI Helmut Schwarzl, Gesch\u00e4ftsf\u00fchrer von Geberit \u00d6sterreich, im Rahmen der Komtureisitzung zu den Themen Werteorientierung und Nachhaltigkeit.","_links":{"self":[{"href":"https:\/\/www.georgsorden.eu\/de\/wp-json\/wp\/v2\/posts\/13868","targetHints":{"allow":["GET"]}}],"collection":[{"href":"https:\/\/www.georgsorden.eu\/de\/wp-json\/wp\/v2\/posts"}],"about":[{"href":"https:\/\/www.georgsorden.eu\/de\/wp-json\/wp\/v2\/types\/post"}],"author":[{"embeddable":true,"href":"https:\/\/www.georgsorden.eu\/de\/wp-json\/wp\/v2\/users\/1"}],"replies":[{"embeddable":true,"href":"https:\/\/www.georgsorden.eu\/de\/wp-json\/wp\/v2\/comments?post=13868"}],"version-history":[{"count":2,"href":"https:\/\/www.georgsorden.eu\/de\/wp-json\/wp\/v2\/posts\/13868\/revisions"}],"predecessor-version":[{"id":13875,"href":"https:\/\/www.georgsorden.eu\/de\/wp-json\/wp\/v2\/posts\/13868\/revisions\/13875"}],"wp:featuredmedia":[{"embeddable":true,"href":"https:\/\/www.georgsorden.eu\/de\/wp-json\/wp\/v2\/media\/13872"}],"wp:attachment":[{"href":"https:\/\/www.georgsorden.eu\/de\/wp-json\/wp\/v2\/media?parent=13868"}],"wp:term":[{"taxonomy":"category","embeddable":true,"href":"https:\/\/www.georgsorden.eu\/de\/wp-json\/wp\/v2\/categories?post=13868"},{"taxonomy":"post_tag","embeddable":true,"href":"https:\/\/www.georgsorden.eu\/de\/wp-json\/wp\/v2\/tags?post=13868"}],"curies":[{"name":"wp","href":"https:\/\/api.w.org\/{rel}","templated":true}]}}