{"id":13876,"date":"2024-10-20T14:48:13","date_gmt":"2024-10-20T12:48:13","guid":{"rendered":"https:\/\/www.georgsorden.eu\/de\/?p=13876"},"modified":"2024-10-30T14:50:09","modified_gmt":"2024-10-30T13:50:09","slug":"delegation-washington-10-2024","status":"publish","type":"post","link":"https:\/\/www.georgsorden.eu\/de\/delegation-washington-10-2024\/","title":{"rendered":"Kroatische Delegation in Washington D.C."},"content":{"rendered":"\n<p>Im Oktober 2024 nahm Komtur Graf Mario Festetics de Tolna an den viert\u00e4gigen Feierlichkeiten zum Fest des Seligen Karl teil, die von der Gebetsliga Nordamerika organisiert wurden. Diese katholische Organisation setzt sich aus Freiwilligen verschiedener Berufsgruppen zusammen, die zusammenkommen, um f\u00fcr die Heiligsprechung des Seligen Karl von \u00d6sterreich zu beten und seine heroischen Tugenden zu feiern. Unser k\u00fcrzlich investierter Bruder, Kristijan pl. Jankovic, Mitglied der Komturei Kroatien-Osijek und Vorstandsmitglied der Gebetsliga Nordamerika, war Teil des Organisationskomitees und hatte die Ehre, Graf Festetics de Tolna und Domagoj Jurcic pl. Jurcevic zu begr\u00fc\u00dfen, die als kroatische Vertreter an den Veranstaltungen teilnahmen.<\/p>\n\n\n\n<figure class=\"wp-block-image size-large is-resized\"><a href=\"https:\/\/www.georgsorden.eu\/wp-content\/uploads\/2024\/10\/Washington-10-2024-IMG_0455.jpg\" rel=\"lightbox-0\"><img loading=\"lazy\" decoding=\"async\" width=\"1024\" height=\"768\" src=\"https:\/\/www.georgsorden.eu\/wp-content\/uploads\/2024\/10\/Washington-10-2024-IMG_0455-1024x768.jpg\" alt=\"\" class=\"wp-image-13878\" style=\"width:700px;height:auto\" srcset=\"https:\/\/www.georgsorden.eu\/wp-content\/uploads\/2024\/10\/Washington-10-2024-IMG_0455-1024x768.jpg 1024w, https:\/\/www.georgsorden.eu\/wp-content\/uploads\/2024\/10\/Washington-10-2024-IMG_0455-300x225.jpg 300w, https:\/\/www.georgsorden.eu\/wp-content\/uploads\/2024\/10\/Washington-10-2024-IMG_0455-768x576.jpg 768w, https:\/\/www.georgsorden.eu\/wp-content\/uploads\/2024\/10\/Washington-10-2024-IMG_0455-1536x1152.jpg 1536w, https:\/\/www.georgsorden.eu\/wp-content\/uploads\/2024\/10\/Washington-10-2024-IMG_0455.jpg 1600w\" sizes=\"auto, (max-width: 1024px) 100vw, 1024px\" \/><\/a><\/figure>\n\n\n<div class=\"wpum-message warning\">\n\t<p>Dieser Inhalt ist nur f\u00fcr Mitglieder zug\u00e4nglich. Bitte <a href=\"https:\/\/www.georgsorden.eu\/de\/log-in\/?redirect_to=https:\/\/www.georgsorden.eu\/de\/wp-json\/wp\/v2\/posts\/13876\">melden Sie sich an<\/a>.<\/p>\n<\/div>\n\n\n\n\n\n\n\n\n\n<p><\/p>\n","protected":false},"excerpt":{"rendered":"<p>Im Oktober 2024 nahm Komtur Graf Mario Festetics de Tolna an den viert\u00e4gigen Feierlichkeiten zum Fest des Seligen Karl teil, die von der Gebetsliga Nordamerika organisiert wurden. <\/p>\n","protected":false},"author":1,"featured_media":13878,"comment_status":"closed","ping_status":"closed","sticky":false,"template":"","format":"standard","meta":{"footnotes":""},"categories":[164,47],"tags":[],"class_list":["post-13876","post","type-post","status-publish","format-standard","has-post-thumbnail","hentry","category-164","category-kroatien-osijek"],"publishpress_future_action":{"enabled":false,"date":"2026-05-07 20:02:43","action":"category","newStatus":"draft","terms":[],"taxonomy":"category","extraData":[]},"publishpress_future_workflow_manual_trigger":{"enabledWorkflows":[]},"rttpg_featured_image_url":{"full":["https:\/\/www.georgsorden.eu\/wp-content\/uploads\/2024\/10\/Washington-10-2024-IMG_0455.jpg",1600,1200,false],"landscape":["https:\/\/www.georgsorden.eu\/wp-content\/uploads\/2024\/10\/Washington-10-2024-IMG_0455.jpg",1600,1200,false],"portraits":["https:\/\/www.georgsorden.eu\/wp-content\/uploads\/2024\/10\/Washington-10-2024-IMG_0455.jpg",1600,1200,false],"thumbnail":["https:\/\/www.georgsorden.eu\/wp-content\/uploads\/2024\/10\/Washington-10-2024-IMG_0455-150x150.jpg",150,150,true],"medium":["https:\/\/www.georgsorden.eu\/wp-content\/uploads\/2024\/10\/Washington-10-2024-IMG_0455-300x225.jpg",300,225,true],"large":["https:\/\/www.georgsorden.eu\/wp-content\/uploads\/2024\/10\/Washington-10-2024-IMG_0455-1024x768.jpg",1024,768,true],"1536x1536":["https:\/\/www.georgsorden.eu\/wp-content\/uploads\/2024\/10\/Washington-10-2024-IMG_0455-1536x1152.jpg",1536,1152,true],"2048x2048":["https:\/\/www.georgsorden.eu\/wp-content\/uploads\/2024\/10\/Washington-10-2024-IMG_0455.jpg",1600,1200,false]},"rttpg_author":{"display_name":"iktopia","author_link":"https:\/\/www.georgsorden.eu\/de\/author\/iktopia\/"},"rttpg_comment":0,"rttpg_category":"<a href=\"https:\/\/www.georgsorden.eu\/de\/category\/2024\/\" rel=\"category tag\">2024<\/a> <a href=\"https:\/\/www.georgsorden.eu\/de\/category\/kroatien-osijek\/\" rel=\"category tag\">Komturei Kroatien-Osijek<\/a>","rttpg_excerpt":"Im Oktober 2024 nahm Komtur Graf Mario Festetics de Tolna an den viert\u00e4gigen Feierlichkeiten zum Fest des Seligen Karl teil, die von der Gebetsliga Nordamerika organisiert wurden.","_links":{"self":[{"href":"https:\/\/www.georgsorden.eu\/de\/wp-json\/wp\/v2\/posts\/13876","targetHints":{"allow":["GET"]}}],"collection":[{"href":"https:\/\/www.georgsorden.eu\/de\/wp-json\/wp\/v2\/posts"}],"about":[{"href":"https:\/\/www.georgsorden.eu\/de\/wp-json\/wp\/v2\/types\/post"}],"author":[{"embeddable":true,"href":"https:\/\/www.georgsorden.eu\/de\/wp-json\/wp\/v2\/users\/1"}],"replies":[{"embeddable":true,"href":"https:\/\/www.georgsorden.eu\/de\/wp-json\/wp\/v2\/comments?post=13876"}],"version-history":[{"count":3,"href":"https:\/\/www.georgsorden.eu\/de\/wp-json\/wp\/v2\/posts\/13876\/revisions"}],"predecessor-version":[{"id":13883,"href":"https:\/\/www.georgsorden.eu\/de\/wp-json\/wp\/v2\/posts\/13876\/revisions\/13883"}],"wp:featuredmedia":[{"embeddable":true,"href":"https:\/\/www.georgsorden.eu\/de\/wp-json\/wp\/v2\/media\/13878"}],"wp:attachment":[{"href":"https:\/\/www.georgsorden.eu\/de\/wp-json\/wp\/v2\/media?parent=13876"}],"wp:term":[{"taxonomy":"category","embeddable":true,"href":"https:\/\/www.georgsorden.eu\/de\/wp-json\/wp\/v2\/categories?post=13876"},{"taxonomy":"post_tag","embeddable":true,"href":"https:\/\/www.georgsorden.eu\/de\/wp-json\/wp\/v2\/tags?post=13876"}],"curies":[{"name":"wp","href":"https:\/\/api.w.org\/{rel}","templated":true}]}}