{"id":13966,"date":"2024-10-26T17:42:00","date_gmt":"2024-10-26T15:42:00","guid":{"rendered":"https:\/\/www.georgsorden.eu\/de\/?p=13966"},"modified":"2024-11-08T12:45:16","modified_gmt":"2024-11-08T11:45:16","slug":"wohltaetigkeitsauktion-10-2024","status":"publish","type":"post","link":"https:\/\/www.georgsorden.eu\/de\/wohltaetigkeitsauktion-10-2024\/","title":{"rendered":"Wohlt\u00e4tigkeitsauktion in G\u00f6rz"},"content":{"rendered":"\n<p>Ihre Kaiserliche und K\u00f6nigliche Hoheit Camilla von Habsburg, zusammen mit Mitgliedern der slowenischen und \u00f6sterreichischen Komturein des St. Georgs-Orden, nahm am 25. und 26. Oktober 2024 an der dritten Wohlt\u00e4tigkeitsauktion in der grenz\u00fcberschreitenden Grafschaft G\u00f6rz teil.<\/p>\n\n\n\n<div class=\"wp-block-columns is-layout-flex wp-container-core-columns-is-layout-9d6595d7 wp-block-columns-is-layout-flex\">\n<div class=\"wp-block-column is-layout-flow wp-block-column-is-layout-flow\">\n<figure class=\"wp-block-image size-full\"><a href=\"https:\/\/www.georgsorden.eu\/wp-content\/uploads\/2024\/11\/Goerz-10-2024_01.jpg\" rel=\"lightbox-0\"><img loading=\"lazy\" decoding=\"async\" width=\"640\" height=\"480\" src=\"https:\/\/www.georgsorden.eu\/wp-content\/uploads\/2024\/11\/Goerz-10-2024_01.jpg\" alt=\"\" class=\"wp-image-13973\" srcset=\"https:\/\/www.georgsorden.eu\/wp-content\/uploads\/2024\/11\/Goerz-10-2024_01.jpg 640w, https:\/\/www.georgsorden.eu\/wp-content\/uploads\/2024\/11\/Goerz-10-2024_01-300x225.jpg 300w\" sizes=\"auto, (max-width: 640px) 100vw, 640px\" \/><\/a><\/figure>\n<\/div>\n\n\n\n<div class=\"wp-block-column is-layout-flow wp-block-column-is-layout-flow\">\n<figure class=\"wp-block-image size-large\"><a href=\"https:\/\/www.georgsorden.eu\/wp-content\/uploads\/2024\/11\/Goerz-10-2024_07-Cover.jpg\" rel=\"lightbox-1\"><img loading=\"lazy\" decoding=\"async\" width=\"1024\" height=\"768\" src=\"https:\/\/www.georgsorden.eu\/wp-content\/uploads\/2024\/11\/Goerz-10-2024_07-Cover-1024x768.jpg\" alt=\"\" class=\"wp-image-13974\" srcset=\"https:\/\/www.georgsorden.eu\/wp-content\/uploads\/2024\/11\/Goerz-10-2024_07-Cover-1024x768.jpg 1024w, https:\/\/www.georgsorden.eu\/wp-content\/uploads\/2024\/11\/Goerz-10-2024_07-Cover-300x225.jpg 300w, https:\/\/www.georgsorden.eu\/wp-content\/uploads\/2024\/11\/Goerz-10-2024_07-Cover-768x576.jpg 768w, https:\/\/www.georgsorden.eu\/wp-content\/uploads\/2024\/11\/Goerz-10-2024_07-Cover.jpg 1378w\" sizes=\"auto, (max-width: 1024px) 100vw, 1024px\" \/><\/a><\/figure>\n<\/div>\n<\/div>\n\n\n<div class=\"wpum-message warning\">\n\t<p>Dieser Inhalt ist nur f\u00fcr Mitglieder zug\u00e4nglich. Bitte <a href=\"https:\/\/www.georgsorden.eu\/de\/log-in\/?redirect_to=https:\/\/www.georgsorden.eu\/de\/wp-json\/wp\/v2\/posts\/13966\">melden Sie sich an<\/a>.<\/p>\n<\/div>\n\n\n\n\n","protected":false},"excerpt":{"rendered":"<p>IKKH Camilla von Habsburg nahm am 25. und 26. Oktober 2024 zusammen mit Mitgliedern der slowenischen und \u00f6sterreichischen Komtureien an der dritten Woht\u00e4tigkeitsauktion in G\u00f6rz teil.<\/p>\n","protected":false},"author":1,"featured_media":13974,"comment_status":"closed","ping_status":"closed","sticky":false,"template":"","format":"standard","meta":{"footnotes":""},"categories":[164,48],"tags":[],"class_list":["post-13966","post","type-post","status-publish","format-standard","has-post-thumbnail","hentry","category-164","category-slowenien"],"publishpress_future_action":{"enabled":false,"date":"2026-05-07 18:52:39","action":"category","newStatus":"draft","terms":[],"taxonomy":"category","extraData":[]},"publishpress_future_workflow_manual_trigger":{"enabledWorkflows":[]},"rttpg_featured_image_url":{"full":["https:\/\/www.georgsorden.eu\/wp-content\/uploads\/2024\/11\/Goerz-10-2024_07-Cover.jpg",1378,1033,false],"landscape":["https:\/\/www.georgsorden.eu\/wp-content\/uploads\/2024\/11\/Goerz-10-2024_07-Cover.jpg",1378,1033,false],"portraits":["https:\/\/www.georgsorden.eu\/wp-content\/uploads\/2024\/11\/Goerz-10-2024_07-Cover.jpg",1378,1033,false],"thumbnail":["https:\/\/www.georgsorden.eu\/wp-content\/uploads\/2024\/11\/Goerz-10-2024_07-Cover-150x150.jpg",150,150,true],"medium":["https:\/\/www.georgsorden.eu\/wp-content\/uploads\/2024\/11\/Goerz-10-2024_07-Cover-300x225.jpg",300,225,true],"large":["https:\/\/www.georgsorden.eu\/wp-content\/uploads\/2024\/11\/Goerz-10-2024_07-Cover-1024x768.jpg",1024,768,true],"1536x1536":["https:\/\/www.georgsorden.eu\/wp-content\/uploads\/2024\/11\/Goerz-10-2024_07-Cover.jpg",1378,1033,false],"2048x2048":["https:\/\/www.georgsorden.eu\/wp-content\/uploads\/2024\/11\/Goerz-10-2024_07-Cover.jpg",1378,1033,false]},"rttpg_author":{"display_name":"iktopia","author_link":"https:\/\/www.georgsorden.eu\/de\/author\/iktopia\/"},"rttpg_comment":0,"rttpg_category":"<a href=\"https:\/\/www.georgsorden.eu\/de\/category\/2024\/\" rel=\"category tag\">2024<\/a> <a href=\"https:\/\/www.georgsorden.eu\/de\/category\/slowenien\/\" rel=\"category tag\">Komturei Slowenien<\/a>","rttpg_excerpt":"IKKH Camilla von Habsburg nahm am 25. und 26. Oktober 2024 zusammen mit Mitgliedern der slowenischen und \u00f6sterreichischen Komtureien an der dritten Woht\u00e4tigkeitsauktion in G\u00f6rz teil.","_links":{"self":[{"href":"https:\/\/www.georgsorden.eu\/de\/wp-json\/wp\/v2\/posts\/13966","targetHints":{"allow":["GET"]}}],"collection":[{"href":"https:\/\/www.georgsorden.eu\/de\/wp-json\/wp\/v2\/posts"}],"about":[{"href":"https:\/\/www.georgsorden.eu\/de\/wp-json\/wp\/v2\/types\/post"}],"author":[{"embeddable":true,"href":"https:\/\/www.georgsorden.eu\/de\/wp-json\/wp\/v2\/users\/1"}],"replies":[{"embeddable":true,"href":"https:\/\/www.georgsorden.eu\/de\/wp-json\/wp\/v2\/comments?post=13966"}],"version-history":[{"count":3,"href":"https:\/\/www.georgsorden.eu\/de\/wp-json\/wp\/v2\/posts\/13966\/revisions"}],"predecessor-version":[{"id":13975,"href":"https:\/\/www.georgsorden.eu\/de\/wp-json\/wp\/v2\/posts\/13966\/revisions\/13975"}],"wp:featuredmedia":[{"embeddable":true,"href":"https:\/\/www.georgsorden.eu\/de\/wp-json\/wp\/v2\/media\/13974"}],"wp:attachment":[{"href":"https:\/\/www.georgsorden.eu\/de\/wp-json\/wp\/v2\/media?parent=13966"}],"wp:term":[{"taxonomy":"category","embeddable":true,"href":"https:\/\/www.georgsorden.eu\/de\/wp-json\/wp\/v2\/categories?post=13966"},{"taxonomy":"post_tag","embeddable":true,"href":"https:\/\/www.georgsorden.eu\/de\/wp-json\/wp\/v2\/tags?post=13966"}],"curies":[{"name":"wp","href":"https:\/\/api.w.org\/{rel}","templated":true}]}}