{"id":1451,"date":"2018-10-20T16:12:54","date_gmt":"2018-10-20T14:12:54","guid":{"rendered":"https:\/\/www.georgs-orden.at\/de\/?p=1451"},"modified":"2021-04-20T16:24:38","modified_gmt":"2021-04-20T14:24:38","slug":"reliquieneinsetzung-elsass","status":"publish","type":"post","link":"https:\/\/www.georgsorden.eu\/de\/reliquieneinsetzung-elsass\/","title":{"rendered":"Reliquieneinsetzung im Elsass"},"content":{"rendered":"\n<p>Am 20. und 21. Oktober wurde am Odilienberg nahe Stra\u00dfburg die Zeremonie der feierlichen Einsetzung einer Reliquie des seligen Kaiser Karl begangen. Bestens organisiert von Prof. Phillips Nuss, Paneuropa Generalsekret\u00e4r f\u00fcr das Elsass, wurde sehr bewu\u00dft dieser Ort gew\u00e4hlt &#8211; stellt doch das Kloster Hohenburg auf dem Odilienberg den in weitem Umfeld bedeutendsten Wallfahrtsort dar, der tagt\u00e4glich von unz\u00e4hligen Gl\u00e4ubigen wie auch Touristen besucht wird. Zu Recht &#8211; der Mystik, der Stimmung des Ortes konnten auch wir uns nicht entziehen.<\/p>\n\n\n\n<p>Am Samstag den 20.10 traf sich die Delegation des Sanct Georgs-Ordens, eines europ\u00e4ischen Ordens des Hauses Habsburg-Lothringen, angef\u00fchrt h\u00f6chst pers\u00f6nlich von unserem Prokurator Vinzenz Baron von Stimpfl-Abele im Lindenhof des Klosters &#8211; unterst\u00fctzt von Ordensdamen und Ordensrittern, namentlich : Zeremoni\u00e4r Michael Blaha, Komtur Josef Jost mit Gattin, Vizekomtur Peter Schmitz mit Gattin, OR Daniel Quak, OR J\u00fcrgen Laible mit Gattin (Ordensdame Dorothea Haller- Laible), OR J\u00f6rg Ottersbach mit Tochter Helene, unsere Ordensdame Eva D\u00e4mmerle, Komtur Peter Harold, sowie Vizekanzler Marcus Paar.&nbsp;<\/p>\n\n\n\n<p>Am Samstag kurz nach dem \u201eCome &#8211; together\u201c im Innenhof startete die \u201eProzession pour la paix avec les reliques du bienheureux Charles de Habsbourg-Lorraine\u201c ausgehend vom Lindenhof des Klosters zur Quelle der Heiligen Odilie &#8211; IKKH Erzherzogin Gabriela reiste p\u00fcnktlich an, um teilzunehmen. An besagter, wundersamer Quelle wurde die Reliquie abgeholt \u2026 dies bedeutete 15 Minuten Marsch bergab, 20 Minuten bergauf unter st\u00e4ndigem Gebet und Gesang &#8211; eine hoch w\u00fcrdige Prozession. Unser Zeremoni\u00e4r und unsere Ordensdelegation f\u00fchrten an, gefolgt von einer Abordnung der Grabesritter in der St\u00e4rke von 24 Mann und einer 50 Mann starken Formation der Malteser &#8211; danach viele Gl\u00e4ubige, Angeh\u00f6rige, G\u00e4ste \u2026 es war ein langer, wundervoller Zug.&nbsp;<\/p>\n\n\n\n<p>Nach kurzer Andacht an der Quelle wurde die Reliquie feierlich ins Kloster begleitet und f\u00fcr die Einsetzung am Sonntag sicher verwahrt.&nbsp;<\/p>\n\n\n\n<p>Abends kam dann &#8211; sehnlich erwartet &#8211; SKKH Erzherzog Karl im Direktflug aus der Ukraine am Odilienberg an und folgte gemeinsam mit seiner Schwester, unserem Prokurator und einigen Ordensschwestern und &#8211; br\u00fcdern einer Einladung des Grafen Andlau-Homburg auf seinen Ansitz. Dies war ein sehr angenehmer Abend, der den w\u00fcrdigen Rahmen f\u00fcr qualit\u00e4tsvolle Gespr\u00e4che stellte.&nbsp;<\/p>\n\n\n\n<p>Tags darauf, sonntags, erfolgte eine Einladung zu einem gemeinsamen Fr\u00fchst\u00fcck &#8211; unser Gastgeber : S. Exc. R\u00e9v. Monseigneur Luc Ravel, dem die kaiserlichen Hoheiten sowie auch Prokurator Baron von Stimpfl-Abele folgten. Ebenfalls bei diesem Fr\u00fchst\u00fcck : IKH Prinzessin von Lobkowicz, geborene Prinzessin von Bourbon-Parma.&nbsp;<\/p>\n\n\n\n<p>Anschlie\u00dfend begann die Aufstellung f\u00fcr die Einsetzung der Insignien des seligen Kaiser Karls. Unser Orden f\u00fchrte die kurze Prozession wiederum an und nahm im Chor der Basilika Platz. Der Erzbischof w\u00fcrdigte die Verdienste des seligen Kaiser Karls, bedankte sich bei der anwesenden kaiserlichen Familie sowie unserem Orden und unterstrich die Bedeutung des Wirken des seligen Kaiser Karls und dessen Auswirkung bis heute und weit dar\u00fcber hinaus, sowie auch die religi\u00f6se, wie auch gesellschaftspolitisch Bedeutung dieser Einsetzung !&nbsp;<\/p>\n\n\n\n<p>Den Auszug nach Ende der Messe f\u00fchrte wiederum unsere Delegation des St. Georgs-Orden an und nach dem kurzen Weg in die Einsetzungskapelle durften wir an bevorzugter Stelle Aufstellung nehmen und wohnten der Einsetzung unmittelbar bei.&nbsp;<\/p>\n\n\n\n<p>Es war eine wundervolle Erfahrung, eine gro\u00dfartige Zeremonie mit weitreichender Bedeutung, eine unvergessliche Zeit.<\/p>\n\n\n\n    <div id=\"bwg_container1_0\"         class=\"bwg_container bwg_thumbnail bwg_thumbnails \"         data-right-click-protection=\"1\"         data-bwg=\"0\"         data-scroll=\"0\"         data-gallery-type=\"thumbnails\"         data-gallery-view-type=\"thumbnails\"         data-current-url=\"\/de\/wp-json\/wp\/v2\/posts\/1451\"         data-lightbox-url=\"https:\/\/www.georgsorden.eu\/wp-admin\/admin-ajax.php?action=GalleryBox&#038;current_view=0&#038;gallery_id=17&#038;tag=0&#038;theme_id=1&#038;shortcode_id=36&#038;sort_by=filename&#038;order_by=asc&#038;current_url=%2Fde%2Fwp-json%2Fwp%2Fv2%2Fposts%2F1451\"         data-gallery-id=\"17\"         data-popup-width=\"1000\"         data-popup-height=\"700\"         data-is-album=\"gallery\"         data-buttons-position=\"bottom\">      <div id=\"bwg_container2_0\">             <div id=\"ajax_loading_0\" class=\"bwg_loading_div_1\">      <div class=\"bwg_loading_div_2\">        <div class=\"bwg_loading_div_3\">          <div id=\"loading_div_0\" class=\"bwg_spider_ajax_loading\">          <\/div>        <\/div>      <\/div>    <\/div>            <form id=\"gal_front_form_0\"              class=\"bwg-hidden\"              method=\"post\"              action=\"#\"              data-current=\"0\"              data-shortcode-id=\"36\"              data-gallery-type=\"thumbnails\"              data-gallery-id=\"17\"              data-tag=\"0\"              data-album-id=\"0\"              data-theme-id=\"1\"              data-ajax-url=\"https:\/\/www.georgsorden.eu\/wp-admin\/admin-ajax.php?action=bwg_frontend_data\">          <div id=\"bwg_container3_0\" class=\"bwg-background bwg-background-0\">                <div data-max-count=\"5\"         data-thumbnail-width=\"250\"         data-bwg=\"0\"         data-gallery-id=\"17\"         data-lightbox-url=\"https:\/\/www.georgsorden.eu\/wp-admin\/admin-ajax.php?action=GalleryBox&amp;current_view=0&amp;gallery_id=17&amp;tag=0&amp;theme_id=1&amp;shortcode_id=36&amp;sort_by=filename&amp;order_by=asc&amp;current_url=%2Fde%2Fwp-json%2Fwp%2Fv2%2Fposts%2F1451\"         id=\"bwg_thumbnails_0\"         class=\"bwg-container-0 bwg-thumbnails bwg-standard-thumbnails bwg-container bwg-border-box\">            <div class=\"bwg-item\">        <a class=\"bwg-a  bwg_lightbox\"  data-image-id=\"100\" href=\"https:\/\/www.georgsorden.eu\/wp-content\/uploads\/photo-gallery\/imported_from_media_libray\/Elsass-01.jpg?bwg=1618927891\" data-elementor-open-lightbox=\"no\">                <div class=\"bwg-item0 \">          <div class=\"bwg-item1 \">            <div class=\"bwg-item2\">              <img decoding=\"async\" class=\"skip-lazy bwg_standart_thumb_img_0 \"                   data-id=\"100\"                   data-width=\"500\"                   data-height=\"375\"                   data-src=\"https:\/\/www.georgsorden.eu\/wp-content\/uploads\/photo-gallery\/imported_from_media_libray\/thumb\/Elsass-01.jpg?bwg=1618927891\"                   src=\"https:\/\/www.georgsorden.eu\/wp-content\/uploads\/photo-gallery\/imported_from_media_libray\/thumb\/Elsass-01.jpg?bwg=1618927891\"                   alt=\"Elsass-01\"                   title=\"Elsass-01\" \/>            <\/div>            <div class=\"\">                                                      <\/div>          <\/div>        <\/div>                        <\/a>              <\/div>            <div class=\"bwg-item\">        <a class=\"bwg-a  bwg_lightbox\"  data-image-id=\"98\" href=\"https:\/\/www.georgsorden.eu\/wp-content\/uploads\/photo-gallery\/imported_from_media_libray\/Elsass-02.jpg?bwg=1618927891\" data-elementor-open-lightbox=\"no\">                <div class=\"bwg-item0 \">          <div class=\"bwg-item1 \">            <div class=\"bwg-item2\">              <img decoding=\"async\" class=\"skip-lazy bwg_standart_thumb_img_0 \"                   data-id=\"98\"                   data-width=\"317\"                   data-height=\"317\"                   data-src=\"https:\/\/www.georgsorden.eu\/wp-content\/uploads\/photo-gallery\/imported_from_media_libray\/thumb\/Elsass-02.jpg?bwg=1618927891\"                   src=\"https:\/\/www.georgsorden.eu\/wp-content\/uploads\/photo-gallery\/imported_from_media_libray\/thumb\/Elsass-02.jpg?bwg=1618927891\"                   alt=\"Elsass-02\"                   title=\"Elsass-02\" \/>            <\/div>            <div class=\"\">                                                      <\/div>          <\/div>        <\/div>                        <\/a>              <\/div>            <div class=\"bwg-item\">        <a class=\"bwg-a  bwg_lightbox\"  data-image-id=\"99\" href=\"https:\/\/www.georgsorden.eu\/wp-content\/uploads\/photo-gallery\/imported_from_media_libray\/Elsass-03.jpg?bwg=1618927891\" data-elementor-open-lightbox=\"no\">                <div class=\"bwg-item0 \">          <div class=\"bwg-item1 \">            <div class=\"bwg-item2\">              <img decoding=\"async\" class=\"skip-lazy bwg_standart_thumb_img_0 \"                   data-id=\"99\"                   data-width=\"500\"                   data-height=\"375\"                   data-src=\"https:\/\/www.georgsorden.eu\/wp-content\/uploads\/photo-gallery\/imported_from_media_libray\/thumb\/Elsass-03.jpg?bwg=1618927891\"                   src=\"https:\/\/www.georgsorden.eu\/wp-content\/uploads\/photo-gallery\/imported_from_media_libray\/thumb\/Elsass-03.jpg?bwg=1618927891\"                   alt=\"Elsass-03\"                   title=\"Elsass-03\" \/>            <\/div>            <div class=\"\">                                                      <\/div>          <\/div>        <\/div>                        <\/a>              <\/div>          <\/div>              <\/div>        <\/form>                <div id=\"bwg_spider_popup_loading_0\" class=\"bwg_spider_popup_loading\"><\/div>        <div id=\"spider_popup_overlay_0\" class=\"spider_popup_overlay\" onclick=\"spider_destroypopup(1000)\"><\/div>        <input type=\"hidden\" id=\"bwg_random_seed_0\" value=\"102564428\">                <\/div>    <\/div>    <script>      if (document.readyState === 'complete') {        if( typeof bwg_main_ready == 'function' ) {          if ( jQuery(\"#bwg_container1_0\").height() ) {            bwg_main_ready(jQuery(\"#bwg_container1_0\"));          }        }      } else {        document.addEventListener('DOMContentLoaded', function() {          if( typeof bwg_main_ready == 'function' ) {            if ( jQuery(\"#bwg_container1_0\").height() ) {             bwg_main_ready(jQuery(\"#bwg_container1_0\"));            }          }        });      }    <\/script>    \n","protected":false},"excerpt":{"rendered":"<p>Am 20. und 21. Oktober 2019 wurde am Odilienberg nahe Stra\u00dfburg die Zeremonie der feierlichen Einsetzung einer Reliquie des seligen Kaiser Karl begangen.<\/p>\n","protected":false},"author":1,"featured_media":1456,"comment_status":"closed","ping_status":"closed","sticky":false,"template":"","format":"standard","meta":{"footnotes":""},"categories":[67,27],"tags":[],"class_list":["post-1451","post","type-post","status-publish","format-standard","has-post-thumbnail","hentry","category-67","category-orden-allgemein"],"publishpress_future_action":{"enabled":false,"date":"2026-05-07 17:58:15","action":"category","newStatus":"draft","terms":[],"taxonomy":"category","extraData":[]},"publishpress_future_workflow_manual_trigger":{"enabledWorkflows":[]},"rttpg_featured_image_url":{"full":["https:\/\/www.georgsorden.eu\/wp-content\/uploads\/2021\/04\/Elsass-01.jpg",898,674,false],"landscape":["https:\/\/www.georgsorden.eu\/wp-content\/uploads\/2021\/04\/Elsass-01.jpg",898,674,false],"portraits":["https:\/\/www.georgsorden.eu\/wp-content\/uploads\/2021\/04\/Elsass-01.jpg",898,674,false],"thumbnail":["https:\/\/www.georgsorden.eu\/wp-content\/uploads\/2021\/04\/Elsass-01-150x150.jpg",150,150,true],"medium":["https:\/\/www.georgsorden.eu\/wp-content\/uploads\/2021\/04\/Elsass-01-300x225.jpg",300,225,true],"large":["https:\/\/www.georgsorden.eu\/wp-content\/uploads\/2021\/04\/Elsass-01.jpg",898,674,false],"1536x1536":["https:\/\/www.georgsorden.eu\/wp-content\/uploads\/2021\/04\/Elsass-01.jpg",898,674,false],"2048x2048":["https:\/\/www.georgsorden.eu\/wp-content\/uploads\/2021\/04\/Elsass-01.jpg",898,674,false]},"rttpg_author":{"display_name":"iktopia","author_link":"https:\/\/www.georgsorden.eu\/de\/author\/iktopia\/"},"rttpg_comment":0,"rttpg_category":"<a href=\"https:\/\/www.georgsorden.eu\/de\/category\/2018\/\" rel=\"category tag\">2018<\/a> <a href=\"https:\/\/www.georgsorden.eu\/de\/category\/orden-allgemein\/\" rel=\"category tag\">Orden allgemein<\/a>","rttpg_excerpt":"Am 20. und 21. Oktober 2019 wurde am Odilienberg nahe Stra\u00dfburg die Zeremonie der feierlichen Einsetzung einer Reliquie des seligen Kaiser Karl begangen.","_links":{"self":[{"href":"https:\/\/www.georgsorden.eu\/de\/wp-json\/wp\/v2\/posts\/1451","targetHints":{"allow":["GET"]}}],"collection":[{"href":"https:\/\/www.georgsorden.eu\/de\/wp-json\/wp\/v2\/posts"}],"about":[{"href":"https:\/\/www.georgsorden.eu\/de\/wp-json\/wp\/v2\/types\/post"}],"author":[{"embeddable":true,"href":"https:\/\/www.georgsorden.eu\/de\/wp-json\/wp\/v2\/users\/1"}],"replies":[{"embeddable":true,"href":"https:\/\/www.georgsorden.eu\/de\/wp-json\/wp\/v2\/comments?post=1451"}],"version-history":[{"count":4,"href":"https:\/\/www.georgsorden.eu\/de\/wp-json\/wp\/v2\/posts\/1451\/revisions"}],"predecessor-version":[{"id":1459,"href":"https:\/\/www.georgsorden.eu\/de\/wp-json\/wp\/v2\/posts\/1451\/revisions\/1459"}],"wp:featuredmedia":[{"embeddable":true,"href":"https:\/\/www.georgsorden.eu\/de\/wp-json\/wp\/v2\/media\/1456"}],"wp:attachment":[{"href":"https:\/\/www.georgsorden.eu\/de\/wp-json\/wp\/v2\/media?parent=1451"}],"wp:term":[{"taxonomy":"category","embeddable":true,"href":"https:\/\/www.georgsorden.eu\/de\/wp-json\/wp\/v2\/categories?post=1451"},{"taxonomy":"post_tag","embeddable":true,"href":"https:\/\/www.georgsorden.eu\/de\/wp-json\/wp\/v2\/tags?post=1451"}],"curies":[{"name":"wp","href":"https:\/\/api.w.org\/{rel}","templated":true}]}}