{"id":1460,"date":"2018-05-15T21:51:10","date_gmt":"2018-05-15T19:51:10","guid":{"rendered":"https:\/\/www.georgs-orden.at\/de\/?p=1460"},"modified":"2021-04-20T16:52:00","modified_gmt":"2021-04-20T14:52:00","slug":"mitteleuropaeische-sicherheitskonferenz","status":"publish","type":"post","link":"https:\/\/www.georgsorden.eu\/de\/mitteleuropaeische-sicherheitskonferenz\/","title":{"rendered":"Mitteleurop\u00e4ische Sicherheitskonferenz"},"content":{"rendered":"\n<h4 class=\"wp-block-heading\">Startschuss f\u00fcr vertiefte Zusammenarbeit in Mitteleuropa<\/h4>\n\n\n\n<p>Mitteleuropa w\u00e4chst seit 1989 wieder zusammen. Die mitteleurop\u00e4ischen L\u00e4nder wollen nun ihre Zusammenarbeit noch weiter vertiefen, vor allem mit Fokus auf Sicherheit und Migration. Dies war der Tenor bei der \u201eErsten Mitteleurop\u00e4ische Sicherheitskonferenz\u201c am 15. Mai im Wiener Park Hyatt Hotel, an der mehrere Minister und zahlreiche Diplomaten aus mitteleurop\u00e4ischen Staaten teilnahmen. Die Organisatoren sprachen von einem \u201eStartschuss\u201c: K\u00fcnftig soll die von \u00d6sterreich initiierte Konferenz j\u00e4hrlich stattfinden, um die l\u00e4nder\u00fcbergreifende Zusammenarbeit in Mitteleuropa zu st\u00e4rken und ein Sicherheitsbewusstsein f\u00fcr den mitteleurop\u00e4ischen Raum zu schaffen.&nbsp;<\/p>\n\n\n\n<p>\u201eEs gibt Problemstellungen, die unseren Kontinent ber\u00fchren und auch von gro\u00dfen europ\u00e4ischen L\u00e4ndern alleine nicht gel\u00f6st werden k\u00f6nnen\u201c, unterstrich eingangs der Nationalratsabgeordnete Markus Tschank unter Verweis auf die Migrationskrise im Jahr 2015 und 2016. Es bed\u00fcrfe der verst\u00e4rkten mitteleurop\u00e4ischen Integration und Koordination im Sicherheitsbereich, die komplement\u00e4r zur deutsch-franz\u00f6sischen Achse wachsen m\u00fcsse, als \u201esp\u00fcrbare verst\u00e4rkende St\u00fctze f\u00fcr Europa und die Union\u201c. Tschank ist Pr\u00e4sident des Instituts f\u00fcr Sicherheitspolitik, das diese auf Initiative von Au\u00dfen- und Verteidigungsministerium stattfindende Tagung organisiert hat. Als Partner fungierten der St. Georgs-Orden, die Paneuropa Bewegung \u00d6sterreich, SECI (S\u00fcdosteurop\u00e4ische Kooperationsinitiative) sowie die Universit\u00e4t Wien.<\/p>\n\n\n\n<h4 class=\"wp-block-heading\">\u201eEs gibt Potenzial nach oben\u201c<\/h4>\n\n\n\n<p>Erste Kooperationsbem\u00fchungen in Mitteleuropa m\u00fcsste weiter vertieft werden, sagte Tschank. \u201eEs gibt Potenzial nach oben.\u201c Der Nationalratsabgeordnete ist \u00fcberzeugt: Europa wird sich k\u00fcnftig sicherheitspolitisch so integrieren, \u201edass seine prim\u00e4re Aufgabe nicht in immer tiefer integrierten B\u00fcrokratiestrukturen, sondern in immer st\u00e4rker entwickelten Sicherheitsleistungen f\u00fcr seine B\u00fcrger bestehen muss.\u201c&nbsp;<\/p>\n\n\n\n<p>Gro\u00dfe Hoffnungen in die Zusammenarbeit in der Region setzt auch Verteidigungsminister Mario Kunasek, der den Teilnehmern eine Videobotschaft zukommen lie\u00df, da er selber gerade in Kroatien war: \u201eDie Region Mitteleuropa hat im Laufe der Jahrhunderte bewiesen, wie Einheit durch Vielfalt funktionieren kann.\u201c Nun seien zukunftsweisende und gemeinsame Ma\u00dfnahmen f\u00fcr die Sicherheit der B\u00fcrger in Mitteleuropa erforderlich. Die Mitteleurop\u00e4ische Sicherheitskonferenz schlie\u00dfe hier \u201eeine l\u00e4ngst \u00fcberf\u00e4llige L\u00fccke\u201c.&nbsp;Optimistisch fielen auch die Worte von Infrastrukturminister Norbert Hofer aus: \u201eIch bin fest \u00fcberzeugt, dass das ein starker Beginn ist f\u00fcr eine enge Klammer zur Zusammenarbeit im Sinne einer St\u00e4rkung dessen, was uns wichtig ist, n\u00e4mlich Friede, Freiheit und Wohlstand in \u00d6sterreich, in Mitteleuropa und in der Europ\u00e4ischen Union.\u201c&nbsp;<\/p>\n\n\n\n<h4 class=\"wp-block-heading\">Vom Haus Habsburg bis heute gepr\u00e4gt<\/h4>\n\n\n\n<p>Als \u201eRaum, in dem sich die Geschichte der Habsburger Monarchie entfaltete\u201c, definierte Au\u00dfenministerin Karin Kneissl Mitteleuropa. Eine \u201evielschichtige und zugleich gemeinsame Lebenskultur\u201c sei f\u00fcr diesen Raum kennzeichnend. Diese zeige sich etwa darin, dass \u2013 hier zitierte Kneissl den Publizisten Wolfgang Broer \u2013 \u201eein Ladiner und Friauler, ein Kroate und Slowene, ein M\u00e4hrer und ein Bayer, ein Slowake und ein Triestiner einer imagin\u00e4ren Mitte zugeordnet sind, die jedenfalls nicht in London, Paris oder Moskau zu lokalisieren ist\u201c. Heute seien die L\u00e4nder Mitteleuropas enge Freunde und Partner \u00d6sterreichs bei dessen Einsatz \u201ef\u00fcr eine st\u00e4rkere EU in den Bereichen Sicherheit und Verteidigung\u201c. Kneissl zitierte auch SKKH Otto von Habsburg: \u201eJe weiter wir die Grenzen der Freiheit nach Osten verschieben, desto sicherer wird die Mitte.\u201c&nbsp;<\/p>\n\n\n\n<p>Zu den Teilnehmern der anschlie\u00dfenden Podiumsdiskussion geh\u00f6rte unter anderem der stellvertretende Gro\u00dfmeister des St. Georgs-Ordens und Sonderbotschafter Ungarns, SKKH Georg von Habsburg. \u201eMitteleuropa wurde nicht zusammengeschoben, sondern ist organisch gewachsen\u201c, unterstrich er. Auch heute noch k\u00f6nne man von der Habsburgermonarchie lernen: \u201eNur in der \u00f6sterreichisch-ungarische Armee gab es Milit\u00e4rbisch\u00f6fe, Milit\u00e4rimame und Milit\u00e4rrabbiner, die gemeinsam f\u00fcr den Erfolg der Armee beteten.\u201c In den s\u00fcdosteurop\u00e4ischen Staaten hat man das nicht vergessen. Nun sei es von vorrangigem Interesse \u2013 gerade mit Blick auf unsere Sicherheit \u2013 die s\u00fcdosteurop\u00e4ischen Staaten \u201eso schnell wie m\u00f6glich an die EU heranzuholen.\u201c<\/p>\n\n\n\n<h4 class=\"wp-block-heading\">Die Schockwirkung der Fl\u00fcchtlingskrise<\/h4>\n\n\n\n<p>Einen nachhaltigen Eindruck hat der Herbst 2015 hinterlassen, wie speziell die Diskutanten aus \u00d6sterreichs Nachbarstaaten deutlich machten. Einig war man sich, dass sich ein unkontrollierter Zustrom wie damals nicht mehr wiederholen darf. Sehr deutlich wurde etwa die Innenministerin Sloweniens Vesna Gy\u00f6rk\u00f6s \u017dnidar: \u201eSzenarien wie 2015 und 2016 sind inakzeptabel.\u201c Bis heute seien die Ma\u00dfnahmen der EU gegen illegale Immigration ungen\u00fcgend. \u201eDiese Situation gef\u00e4hrdet die Grundlagen der EU.\u201c Als mehr als 1,5 Millionen Migranten \u00fcber eine Westbalkanroute in die EU kamen, sei klar geworden, \u201edass die EU als ganze dieser Herausforderung nicht gewachsen ist.\u201c \u017dnidar lobte aber die \u201eexzellente Kooperation\u201c in dieser Zeit mit der damaligen \u00f6sterreichischen Innenministerin Johanna Mikl-Leitner.&nbsp;<\/p>\n\n\n\n<p>\u00c4hnliche Worte fand die Ministerin f\u00fcr die bulgarische EU-Ratspr\u00e4sidentschaft Lilyana Pavlova: \u201eVor zwei Jahren herrschte Chaos.\u201c L\u00e4nder, die an die Krisenregionen grenzten, f\u00fchlten sich im Stich gelassen. Das m\u00fcsse sich \u00e4ndern. \u201eAnsonsten kommt die n\u00e4chste Krise und wir sind wieder nicht vorbereitet.\u201c Und: \u201eWir wollen nicht mehr diskutieren, sondern handeln.\u201c<\/p>\n\n\n\n<p>Auch Erhard Busek, Sonderkoordinator der SECI (S\u00fcdosteurop\u00e4ische Kooperationsinitiative), kritisierte in diesem Punkt die EU: \u201eEs gibt keinen Mechanismus in der EU, um sich mit diesem Problem auseinanderzusetzen.\u201c Die Instrumente fehlten. Sie zu entwickeln werde freilich mehr Geld kosten, das die Staaten dann auch zu zahlen bereit sein m\u00fcssten.&nbsp;<\/p>\n\n\n\n<h4 class=\"wp-block-heading\">&nbsp;\u201eArroganz gegen\u00fcber Ost- und Mitteleuropa\u201c<\/h4>\n\n\n\n<p>Scharfe Kritik \u00fcbte Busek auch an der gegenw\u00e4rtigen \u201eArroganz Westeuropas gegen\u00fcber Ost- und Mitteleuropa\u201c. Er sei zwar in manchen Fragen mit dem ungarischen Ministerpr\u00e4sidenten Viktor Orb\u00e1n ebenfalls nicht einer Meinung, allerdings habe dieser Recht gehabt mit seinem Vorwurf, \u201edass die EU im Jahr 2015 Schengen verletzt hat, als die Migration uferlos ohne Aufzeichnung der Personen stattgefunden hat.\u201c Ebenso bem\u00e4ngelte Busek, dass Mittel- und Osteurop\u00e4er in der F\u00fchrung der EU in der Minderzahl sind. Die ehemals kommunistischen L\u00e4nder h\u00e4tten eine andere Geschichte, aber man k\u00f6nne die Unterschiede \u201eim pers\u00f6nlichen Gespr\u00e4ch und in der Auseinandersetzung kl\u00e4ren, doch leider findet diese Auseinandersetzung viel zu wenig statt.\u201c&nbsp;<\/p>\n\n\n\n<p>Die nach wie vor \u201egeringen Kenntnisse \u00fcber Mitteleuropa\u201c in der Bev\u00f6lkerung seien \u201eein Bildungs- und ein Medienproblem.\u201c Im Bereich der Infrastruktur k\u00f6nne auch einiges getan werden. \u201eIn der Habsburgermonarchie brauchte man mit dem Zug von Wien nach Krakau vier Stunden. Heute sind es acht.\u201c Fr\u00fcher konnte man auch von Wien nach Triest mit der Bahn fahren.<\/p>\n\n\n\n<h4 class=\"wp-block-heading\">Europa muss mehr tun<\/h4>\n\n\n\n<p>Kein Teilnehmer bezweifelte, dass bald eine neue Migrationswelle auf Europa zukommen wird. \u201eDie Frage ist nicht, ob sie kommt, sondern wann sie kommen wird\u201c, unterstrich Georg von Habsburg. Man wisse etwa nicht, wie sich die Situation der Christen in \u00c4gypten weiterentwickeln wird. Eine ver\u00e4nderte politische Lage k\u00f6nne dort sofort eine neue Fl\u00fcchtlingswelle ausl\u00f6sen. Habsburg w\u00fcnscht sich ebenfalls viel mehr Aktivit\u00e4t der EU: \u201eWenn ich mich zur\u00fcckerinnere an die Wirtschaftskrise und Griechenland: Damals fand alle zwei Wochen ein Gipfeltreffen der EU statt. Ich w\u00fcrde mir w\u00fcnschen, dass sich die EU genauso intensiv mit der Frage der Migration auseinandersetzt.\u201c&nbsp;<\/p>\n\n\n\n<p>Auch konkrete Vorschl\u00e4ge wurden w\u00e4hrend der Diskussion besprochen. Die bulgarische Ministerin Lilyana Povlova stellte etwa einen von Bulgarien w\u00e4hrend der Ratspr\u00e4sidentschaft entwickelten neuen Mechanismus innerhalb der EU vor, auf den sich die europ\u00e4ischen Staaten aber noch einigen m\u00fcssen. \u201eDer bulgarische Ansatz ist auf Vorbeugung \u00fcber neue Au\u00dfenstellen ausgerichtet.\u201c \u00dcber diesen Mechanismus k\u00f6nne man mit Hilfe von neuen finanziellen Ressourcen und technischer Unterst\u00fctzung proaktiv sein, rechtzeitig informieren und agieren, wenn eine weitere Fl\u00fcchtlingswelle \u00fcber Europa hereinbricht. Auch das Budget f\u00fcr den Au\u00dfengrenzenschutz und f\u00fcr Frontex soll demnach massiv erh\u00f6ht werden. Povlova hofft auf eine Einigung noch vor Ende der bulgarischen Ratspr\u00e4sidentschaft. Dann k\u00f6nne die \u00f6sterreichische Pr\u00e4sidentschaft hier ankn\u00fcpfen. Povlova lobte dabei die exzellente Zusammenarbeit mit \u00d6sterreich, das f\u00fcr seine EU-Pr\u00e4sidentschaft \u00e4hnliche Priorit\u00e4ten gesetzt hat. \u201eEs braucht ein Europa, das sch\u00fctzt.\u201c Und: \u201eVereint sind wir stark.\u201c&nbsp;<\/p>\n\n\n\n<h4 class=\"wp-block-heading\">Regionale Kooperation, Au\u00dfengrenzenschutz, Asyl<\/h4>\n\n\n\n<p>Auch die slowenische Ministerin Vesna Gy\u00f6rk\u00f6s \u017dnidar machte deutlich: \u201eWir brauchen regionale Kooperation. Nationale Ma\u00dfnahmen allein reichen nicht aus.\u201c Unerl\u00e4sslich sei dar\u00fcber hinaus ein \u201eeffektiver Au\u00dfengrenzschutz\u201c, ohne den Schengen nicht funktionieren kann. Bis heute sind die Au\u00dfengrenzen der EU \u201eungen\u00fcgend gesch\u00fctzt\u201c. Dar\u00fcber hinaus d\u00fcrfe \u201edas Asylsystem nicht als Migrationsweg zur EU verwendet werden\u201c. Migranten sollten an den Au\u00dfengrenzen gestoppt werden. Sobald sie europ\u00e4ischen Boden betreten haben, werde es extrem schwierig, sie wieder loszuwerden. Mittlerweile gebe es zig tausende Personen, \u201edie nicht die Bedingungen f\u00fcr einen legalen Aufenthalt im Land erf\u00fcllen. Sie wandern von einem Land zum n\u00e4chsten. Das ist eine ernste Herausforderung f\u00fcr unsere Sicherheit. Darauf muss die EU eine Antwort finden.\u201c&nbsp;<\/p>\n\n\n\n<p>\u201eEin weiter Weg liegt vor uns\u201c, unterstrich der stellvertretende kroatische Minister f\u00fcr Verteidigungspolitik Petar Mihatov. Zur Zeit entstehen neue Balkanrouten. Man m\u00fcsse wachsam sein. Auch Mihatov erkl\u00e4rte: \u201eWir sollten jetzt agieren, anstatt zu warten, bis die Dinge au\u00dfer Kontrolle geraten.\u201c Europa sei bisher im Bereich der Sicherheit nicht sehr gut aufgestellt gewesen: \u201eDie Verteidigung lag lange Zeit vor allem in den H\u00e4nden der Nato.\u201c Nun gebe es ein Umdenken. Hier sieht Mihatov positive Entwicklungen. K\u00fcnftig sei eine effektive Arbeitsaufteilung zwischen der Nato und der EU denkbar. Wichtig sei zu wissen, was man sich von der EU und was von der Nato erwarten k\u00f6nne.&nbsp;<\/p>\n\n\n\n<h4 class=\"wp-block-heading\">Europas geopolitische Stellung in der Welt<\/h4>\n\n\n\n<p>Markus Tschank hofft, dass die mitteleurop\u00e4ische Kooperation auch jetzige M\u00e4ngel der EU ausgleiche kann: Da die Mechanismen in der EU zurzeit fehlen, um Herausforderungen der Migration zu meistern, m\u00fcssten die Kleinstaaten in Mitteleuropa \u201ezusammenr\u00fccken, eigene Plattformen schaffen und eigene Mechanismen entwickeln. Das ist die einzige Alternative, um diese L\u00fccke zu f\u00fcllen.\u201c&nbsp;<\/p>\n\n\n\n<p>Gleichzeitig sieht aber auch Tschank die EU als ganze gefordert, um Europas Stellung in der Welt geopolitisch zu st\u00e4rken: \u201eDie Zeit des Interessenautomatismus mit den USA ist vorbei\u201c, meinte er unter Verweis auf die neue US-Au\u00dfenpolitik von Pr\u00e4sident Trump (\u201eAmerica first\u201c). \u201eEuropa ist nun st\u00e4rker auf sich allein gestellt.\u201c Auch Infrastrukturminister Hofer hielt fest: \u201eDie EU wird f\u00fcr uns in ihrer Bedeutung immer wesentlicher. Als einzelne Mitgliedsl\u00e4nder k\u00f6nnen wir in diesem globalen Wettbewerb der Superm\u00e4chte aus meiner Sicht&nbsp;nicht bestehen.\u201c&nbsp;<\/p>\n\n\n\n<p>Dass gerade ein gut zusammenarbeitendes Mitteleuropa auch Europa st\u00e4rken kann und soll, unterstrich unter anderem Au\u00dfenministerin Kneissl. Sie verwies auf das neue Buch von Erhard Busek und Emil Brix \u201eMitteleuropa revisited: Warum Europas Zukunft in Mitteleuropa entschieden wird\u201c.\u00a0\u00a0Die zentrale These darin lautet: \u201eMitteleuropa ist die Zukunft Europas\u201c. Kneissl hielt fest: \u201eWenn wir diese These als Grundlage unserer Diskussion nehmen, dann tragen wir die Verantwortung nicht nur unserer eigenen Sicherheit. Mitteleuropa braucht Europa und Europa braucht Mitteleuropa.\u201c<\/p>\n\n\n\n    <div id=\"bwg_container1_0\"         class=\"bwg_container bwg_thumbnail bwg_thumbnails \"         data-right-click-protection=\"1\"         data-bwg=\"0\"         data-scroll=\"0\"         data-gallery-type=\"thumbnails\"         data-gallery-view-type=\"thumbnails\"         data-current-url=\"\/de\/wp-json\/wp\/v2\/posts\/1460\"         data-lightbox-url=\"https:\/\/www.georgsorden.eu\/wp-admin\/admin-ajax.php?action=GalleryBox&#038;current_view=0&#038;gallery_id=18&#038;tag=0&#038;theme_id=1&#038;shortcode_id=38&#038;sort_by=filename&#038;order_by=asc&#038;current_url=%2Fde%2Fwp-json%2Fwp%2Fv2%2Fposts%2F1460\"         data-gallery-id=\"18\"         data-popup-width=\"1000\"         data-popup-height=\"700\"         data-is-album=\"gallery\"         data-buttons-position=\"bottom\">      <div id=\"bwg_container2_0\">             <div id=\"ajax_loading_0\" class=\"bwg_loading_div_1\">      <div class=\"bwg_loading_div_2\">        <div class=\"bwg_loading_div_3\">          <div id=\"loading_div_0\" class=\"bwg_spider_ajax_loading\">          <\/div>        <\/div>      <\/div>    <\/div>            <form id=\"gal_front_form_0\"              class=\"bwg-hidden\"              method=\"post\"              action=\"#\"              data-current=\"0\"              data-shortcode-id=\"38\"              data-gallery-type=\"thumbnails\"              data-gallery-id=\"18\"              data-tag=\"0\"              data-album-id=\"0\"              data-theme-id=\"1\"              data-ajax-url=\"https:\/\/www.georgsorden.eu\/wp-admin\/admin-ajax.php?action=bwg_frontend_data\">          <div id=\"bwg_container3_0\" class=\"bwg-background bwg-background-0\">                <div data-max-count=\"5\"         data-thumbnail-width=\"250\"         data-bwg=\"0\"         data-gallery-id=\"18\"         data-lightbox-url=\"https:\/\/www.georgsorden.eu\/wp-admin\/admin-ajax.php?action=GalleryBox&amp;current_view=0&amp;gallery_id=18&amp;tag=0&amp;theme_id=1&amp;shortcode_id=38&amp;sort_by=filename&amp;order_by=asc&amp;current_url=%2Fde%2Fwp-json%2Fwp%2Fv2%2Fposts%2F1460\"         id=\"bwg_thumbnails_0\"         class=\"bwg-container-0 bwg-thumbnails bwg-standard-thumbnails bwg-container bwg-border-box\">            <div class=\"bwg-item\">        <a class=\"bwg-a  bwg_lightbox\"  data-image-id=\"101\" href=\"https:\/\/www.georgsorden.eu\/wp-content\/uploads\/photo-gallery\/imported_from_media_libray\/Sicherheitskonferenz-01.jpg?bwg=1618929565\" data-elementor-open-lightbox=\"no\">                <div class=\"bwg-item0 \">          <div class=\"bwg-item1 \">            <div class=\"bwg-item2\">              <img decoding=\"async\" class=\"skip-lazy bwg_standart_thumb_img_0 \"                   data-id=\"101\"                   data-width=\"500\"                   data-height=\"333\"                   data-src=\"https:\/\/www.georgsorden.eu\/wp-content\/uploads\/photo-gallery\/imported_from_media_libray\/thumb\/Sicherheitskonferenz-01.jpg?bwg=1618929565\"                   src=\"https:\/\/www.georgsorden.eu\/wp-content\/uploads\/photo-gallery\/imported_from_media_libray\/thumb\/Sicherheitskonferenz-01.jpg?bwg=1618929565\"                   alt=\"Sicherheitskonferenz-01\"                   title=\"Sicherheitskonferenz-01\" \/>            <\/div>            <div class=\"\">                                                      <\/div>          <\/div>        <\/div>                        <\/a>              <\/div>            <div class=\"bwg-item\">        <a class=\"bwg-a  bwg_lightbox\"  data-image-id=\"102\" href=\"https:\/\/www.georgsorden.eu\/wp-content\/uploads\/photo-gallery\/imported_from_media_libray\/Sicherheitskonferenz-02.jpg?bwg=1618929565\" data-elementor-open-lightbox=\"no\">                <div class=\"bwg-item0 \">          <div class=\"bwg-item1 \">            <div class=\"bwg-item2\">              <img decoding=\"async\" class=\"skip-lazy bwg_standart_thumb_img_0 \"                   data-id=\"102\"                   data-width=\"500\"                   data-height=\"333\"                   data-src=\"https:\/\/www.georgsorden.eu\/wp-content\/uploads\/photo-gallery\/imported_from_media_libray\/thumb\/Sicherheitskonferenz-02.jpg?bwg=1618929565\"                   src=\"https:\/\/www.georgsorden.eu\/wp-content\/uploads\/photo-gallery\/imported_from_media_libray\/thumb\/Sicherheitskonferenz-02.jpg?bwg=1618929565\"                   alt=\"Sicherheitskonferenz-02\"                   title=\"Sicherheitskonferenz-02\" \/>            <\/div>            <div class=\"\">                                                      <\/div>          <\/div>        <\/div>                        <\/a>              <\/div>            <div class=\"bwg-item\">        <a class=\"bwg-a  bwg_lightbox\"  data-image-id=\"103\" href=\"https:\/\/www.georgsorden.eu\/wp-content\/uploads\/photo-gallery\/imported_from_media_libray\/Sicherheitskonferenz-03.jpg?bwg=1618929565\" data-elementor-open-lightbox=\"no\">                <div class=\"bwg-item0 \">          <div class=\"bwg-item1 \">            <div class=\"bwg-item2\">              <img decoding=\"async\" class=\"skip-lazy bwg_standart_thumb_img_0 \"                   data-id=\"103\"                   data-width=\"500\"                   data-height=\"334\"                   data-src=\"https:\/\/www.georgsorden.eu\/wp-content\/uploads\/photo-gallery\/imported_from_media_libray\/thumb\/Sicherheitskonferenz-03.jpg?bwg=1618929565\"                   src=\"https:\/\/www.georgsorden.eu\/wp-content\/uploads\/photo-gallery\/imported_from_media_libray\/thumb\/Sicherheitskonferenz-03.jpg?bwg=1618929565\"                   alt=\"Sicherheitskonferenz-03\"                   title=\"Sicherheitskonferenz-03\" \/>            <\/div>            <div class=\"\">                                                      <\/div>          <\/div>        <\/div>                        <\/a>              <\/div>            <div class=\"bwg-item\">        <a class=\"bwg-a  bwg_lightbox\"  data-image-id=\"104\" href=\"https:\/\/www.georgsorden.eu\/wp-content\/uploads\/photo-gallery\/imported_from_media_libray\/Sicherheitskonferenz-04.jpg?bwg=1618929565\" data-elementor-open-lightbox=\"no\">                <div class=\"bwg-item0 \">          <div class=\"bwg-item1 \">            <div class=\"bwg-item2\">              <img decoding=\"async\" class=\"skip-lazy bwg_standart_thumb_img_0 \"                   data-id=\"104\"                   data-width=\"500\"                   data-height=\"334\"                   data-src=\"https:\/\/www.georgsorden.eu\/wp-content\/uploads\/photo-gallery\/imported_from_media_libray\/thumb\/Sicherheitskonferenz-04.jpg?bwg=1618929565\"                   src=\"https:\/\/www.georgsorden.eu\/wp-content\/uploads\/photo-gallery\/imported_from_media_libray\/thumb\/Sicherheitskonferenz-04.jpg?bwg=1618929565\"                   alt=\"Sicherheitskonferenz-04\"                   title=\"Sicherheitskonferenz-04\" \/>            <\/div>            <div class=\"\">                                                      <\/div>          <\/div>        <\/div>                        <\/a>              <\/div>            <div class=\"bwg-item\">        <a class=\"bwg-a  bwg_lightbox\"  data-image-id=\"105\" href=\"https:\/\/www.georgsorden.eu\/wp-content\/uploads\/photo-gallery\/imported_from_media_libray\/Sicherheitskonferenz-05.jpg?bwg=1618929565\" data-elementor-open-lightbox=\"no\">                <div class=\"bwg-item0 \">          <div class=\"bwg-item1 \">            <div class=\"bwg-item2\">              <img decoding=\"async\" class=\"skip-lazy bwg_standart_thumb_img_0 \"                   data-id=\"105\"                   data-width=\"500\"                   data-height=\"333\"                   data-src=\"https:\/\/www.georgsorden.eu\/wp-content\/uploads\/photo-gallery\/imported_from_media_libray\/thumb\/Sicherheitskonferenz-05.jpg?bwg=1618929565\"                   src=\"https:\/\/www.georgsorden.eu\/wp-content\/uploads\/photo-gallery\/imported_from_media_libray\/thumb\/Sicherheitskonferenz-05.jpg?bwg=1618929565\"                   alt=\"Sicherheitskonferenz-05\"                   title=\"Sicherheitskonferenz-05\" \/>            <\/div>            <div class=\"\">                                                      <\/div>          <\/div>        <\/div>                        <\/a>              <\/div>            <div class=\"bwg-item\">        <a class=\"bwg-a  bwg_lightbox\"  data-image-id=\"106\" href=\"https:\/\/www.georgsorden.eu\/wp-content\/uploads\/photo-gallery\/imported_from_media_libray\/Sicherheitskonferenz-06.jpg?bwg=1618929565\" data-elementor-open-lightbox=\"no\">                <div class=\"bwg-item0 \">          <div class=\"bwg-item1 \">            <div class=\"bwg-item2\">              <img decoding=\"async\" class=\"skip-lazy bwg_standart_thumb_img_0 \"                   data-id=\"106\"                   data-width=\"500\"                   data-height=\"331\"                   data-src=\"https:\/\/www.georgsorden.eu\/wp-content\/uploads\/photo-gallery\/imported_from_media_libray\/thumb\/Sicherheitskonferenz-06.jpg?bwg=1618929565\"                   src=\"https:\/\/www.georgsorden.eu\/wp-content\/uploads\/photo-gallery\/imported_from_media_libray\/thumb\/Sicherheitskonferenz-06.jpg?bwg=1618929565\"                   alt=\"Sicherheitskonferenz-06\"                   title=\"Sicherheitskonferenz-06\" \/>            <\/div>            <div class=\"\">                                                      <\/div>          <\/div>        <\/div>                        <\/a>              <\/div>            <div class=\"bwg-item\">        <a class=\"bwg-a  bwg_lightbox\"  data-image-id=\"107\" href=\"https:\/\/www.georgsorden.eu\/wp-content\/uploads\/photo-gallery\/imported_from_media_libray\/Sicherheitskonferenz-07.jpg?bwg=1618929565\" data-elementor-open-lightbox=\"no\">                <div class=\"bwg-item0 \">          <div class=\"bwg-item1 \">            <div class=\"bwg-item2\">              <img decoding=\"async\" class=\"skip-lazy bwg_standart_thumb_img_0 \"                   data-id=\"107\"                   data-width=\"500\"                   data-height=\"333\"                   data-src=\"https:\/\/www.georgsorden.eu\/wp-content\/uploads\/photo-gallery\/imported_from_media_libray\/thumb\/Sicherheitskonferenz-07.jpg?bwg=1618929565\"                   src=\"https:\/\/www.georgsorden.eu\/wp-content\/uploads\/photo-gallery\/imported_from_media_libray\/thumb\/Sicherheitskonferenz-07.jpg?bwg=1618929565\"                   alt=\"Sicherheitskonferenz-07\"                   title=\"Sicherheitskonferenz-07\" \/>            <\/div>            <div class=\"\">                                                      <\/div>          <\/div>        <\/div>                        <\/a>              <\/div>            <div class=\"bwg-item\">        <a class=\"bwg-a  bwg_lightbox\"  data-image-id=\"108\" href=\"https:\/\/www.georgsorden.eu\/wp-content\/uploads\/photo-gallery\/imported_from_media_libray\/Sicherheitskonferenz-08.jpg?bwg=1618929565\" data-elementor-open-lightbox=\"no\">                <div class=\"bwg-item0 \">          <div class=\"bwg-item1 \">            <div class=\"bwg-item2\">              <img decoding=\"async\" class=\"skip-lazy bwg_standart_thumb_img_0 \"                   data-id=\"108\"                   data-width=\"500\"                   data-height=\"333\"                   data-src=\"https:\/\/www.georgsorden.eu\/wp-content\/uploads\/photo-gallery\/imported_from_media_libray\/thumb\/Sicherheitskonferenz-08.jpg?bwg=1618929565\"                   src=\"https:\/\/www.georgsorden.eu\/wp-content\/uploads\/photo-gallery\/imported_from_media_libray\/thumb\/Sicherheitskonferenz-08.jpg?bwg=1618929565\"                   alt=\"Sicherheitskonferenz-08\"                   title=\"Sicherheitskonferenz-08\" \/>            <\/div>            <div class=\"\">                                                      <\/div>          <\/div>        <\/div>                        <\/a>              <\/div>            <div class=\"bwg-item\">        <a class=\"bwg-a  bwg_lightbox\"  data-image-id=\"109\" href=\"https:\/\/www.georgsorden.eu\/wp-content\/uploads\/photo-gallery\/imported_from_media_libray\/Sicherheitskonferenz-09.jpg?bwg=1618929565\" data-elementor-open-lightbox=\"no\">                <div class=\"bwg-item0 \">          <div class=\"bwg-item1 \">            <div class=\"bwg-item2\">              <img decoding=\"async\" class=\"skip-lazy bwg_standart_thumb_img_0 \"                   data-id=\"109\"                   data-width=\"500\"                   data-height=\"333\"                   data-src=\"https:\/\/www.georgsorden.eu\/wp-content\/uploads\/photo-gallery\/imported_from_media_libray\/thumb\/Sicherheitskonferenz-09.jpg?bwg=1618929565\"                   src=\"https:\/\/www.georgsorden.eu\/wp-content\/uploads\/photo-gallery\/imported_from_media_libray\/thumb\/Sicherheitskonferenz-09.jpg?bwg=1618929565\"                   alt=\"Sicherheitskonferenz-09\"                   title=\"Sicherheitskonferenz-09\" \/>            <\/div>            <div class=\"\">                                                      <\/div>          <\/div>        <\/div>                        <\/a>              <\/div>            <div class=\"bwg-item\">        <a class=\"bwg-a  bwg_lightbox\"  data-image-id=\"110\" href=\"https:\/\/www.georgsorden.eu\/wp-content\/uploads\/photo-gallery\/imported_from_media_libray\/Sicherheitskonferenz-10.jpg?bwg=1618929565\" data-elementor-open-lightbox=\"no\">                <div class=\"bwg-item0 \">          <div class=\"bwg-item1 \">            <div class=\"bwg-item2\">              <img decoding=\"async\" class=\"skip-lazy bwg_standart_thumb_img_0 \"                   data-id=\"110\"                   data-width=\"500\"                   data-height=\"333\"                   data-src=\"https:\/\/www.georgsorden.eu\/wp-content\/uploads\/photo-gallery\/imported_from_media_libray\/thumb\/Sicherheitskonferenz-10.jpg?bwg=1618929565\"                   src=\"https:\/\/www.georgsorden.eu\/wp-content\/uploads\/photo-gallery\/imported_from_media_libray\/thumb\/Sicherheitskonferenz-10.jpg?bwg=1618929565\"                   alt=\"Sicherheitskonferenz-10\"                   title=\"Sicherheitskonferenz-10\" \/>            <\/div>            <div class=\"\">                                                      <\/div>          <\/div>        <\/div>                        <\/a>              <\/div>            <div class=\"bwg-item\">        <a class=\"bwg-a  bwg_lightbox\"  data-image-id=\"111\" href=\"https:\/\/www.georgsorden.eu\/wp-content\/uploads\/photo-gallery\/imported_from_media_libray\/Sicherheitskonferenz-11.jpg?bwg=1618929565\" data-elementor-open-lightbox=\"no\">                <div class=\"bwg-item0 \">          <div class=\"bwg-item1 \">            <div class=\"bwg-item2\">              <img decoding=\"async\" class=\"skip-lazy bwg_standart_thumb_img_0 \"                   data-id=\"111\"                   data-width=\"500\"                   data-height=\"332\"                   data-src=\"https:\/\/www.georgsorden.eu\/wp-content\/uploads\/photo-gallery\/imported_from_media_libray\/thumb\/Sicherheitskonferenz-11.jpg?bwg=1618929565\"                   src=\"https:\/\/www.georgsorden.eu\/wp-content\/uploads\/photo-gallery\/imported_from_media_libray\/thumb\/Sicherheitskonferenz-11.jpg?bwg=1618929565\"                   alt=\"Sicherheitskonferenz-11\"                   title=\"Sicherheitskonferenz-11\" \/>            <\/div>            <div class=\"\">                                                      <\/div>          <\/div>        <\/div>                        <\/a>              <\/div>            <div class=\"bwg-item\">        <a class=\"bwg-a  bwg_lightbox\"  data-image-id=\"112\" href=\"https:\/\/www.georgsorden.eu\/wp-content\/uploads\/photo-gallery\/imported_from_media_libray\/Sicherheitskonferenz-12.jpg?bwg=1618929565\" data-elementor-open-lightbox=\"no\">                <div class=\"bwg-item0 \">          <div class=\"bwg-item1 \">            <div class=\"bwg-item2\">              <img decoding=\"async\" class=\"skip-lazy bwg_standart_thumb_img_0 \"                   data-id=\"112\"                   data-width=\"500\"                   data-height=\"332\"                   data-src=\"https:\/\/www.georgsorden.eu\/wp-content\/uploads\/photo-gallery\/imported_from_media_libray\/thumb\/Sicherheitskonferenz-12.jpg?bwg=1618929565\"                   src=\"https:\/\/www.georgsorden.eu\/wp-content\/uploads\/photo-gallery\/imported_from_media_libray\/thumb\/Sicherheitskonferenz-12.jpg?bwg=1618929565\"                   alt=\"Sicherheitskonferenz-12\"                   title=\"Sicherheitskonferenz-12\" \/>            <\/div>            <div class=\"\">                                                      <\/div>          <\/div>        <\/div>                        <\/a>              <\/div>          <\/div>              <\/div>        <\/form>                <div id=\"bwg_spider_popup_loading_0\" class=\"bwg_spider_popup_loading\"><\/div>        <div id=\"spider_popup_overlay_0\" class=\"spider_popup_overlay\" onclick=\"spider_destroypopup(1000)\"><\/div>        <input type=\"hidden\" id=\"bwg_random_seed_0\" value=\"1656186382\">                <\/div>    <\/div>    <script>      if (document.readyState === 'complete') {        if( typeof bwg_main_ready == 'function' ) {          if ( jQuery(\"#bwg_container1_0\").height() ) {            bwg_main_ready(jQuery(\"#bwg_container1_0\"));          }        }      } else {        document.addEventListener('DOMContentLoaded', function() {          if( typeof bwg_main_ready == 'function' ) {            if ( jQuery(\"#bwg_container1_0\").height() ) {             bwg_main_ready(jQuery(\"#bwg_container1_0\"));            }          }        });      }    <\/script>    \n","protected":false},"excerpt":{"rendered":"<p>Am 15. Mai 2018 fand die &#8222;Erste Mitteleurop\u00e4ische Sicherheitskonferenz&#8220; statt, an der mehrere Minister und zahlreiche Diplomaten aus mitteleurop\u00e4ischen Staaten teilnahmen.<\/p>\n","protected":false},"author":1,"featured_media":1467,"comment_status":"closed","ping_status":"closed","sticky":false,"template":"","format":"standard","meta":{"footnotes":""},"categories":[67,27],"tags":[],"class_list":["post-1460","post","type-post","status-publish","format-standard","has-post-thumbnail","hentry","category-67","category-orden-allgemein"],"publishpress_future_action":{"enabled":false,"date":"2026-05-07 17:58:12","action":"category","newStatus":"draft","terms":[],"taxonomy":"category","extraData":[]},"publishpress_future_workflow_manual_trigger":{"enabledWorkflows":[]},"rttpg_featured_image_url":{"full":["https:\/\/www.georgsorden.eu\/wp-content\/uploads\/2021\/04\/Sicherheitskonferenz-05.jpg",1014,675,false],"landscape":["https:\/\/www.georgsorden.eu\/wp-content\/uploads\/2021\/04\/Sicherheitskonferenz-05.jpg",1014,675,false],"portraits":["https:\/\/www.georgsorden.eu\/wp-content\/uploads\/2021\/04\/Sicherheitskonferenz-05.jpg",1014,675,false],"thumbnail":["https:\/\/www.georgsorden.eu\/wp-content\/uploads\/2021\/04\/Sicherheitskonferenz-05-150x150.jpg",150,150,true],"medium":["https:\/\/www.georgsorden.eu\/wp-content\/uploads\/2021\/04\/Sicherheitskonferenz-05-300x200.jpg",300,200,true],"large":["https:\/\/www.georgsorden.eu\/wp-content\/uploads\/2021\/04\/Sicherheitskonferenz-05.jpg",1014,675,false],"1536x1536":["https:\/\/www.georgsorden.eu\/wp-content\/uploads\/2021\/04\/Sicherheitskonferenz-05.jpg",1014,675,false],"2048x2048":["https:\/\/www.georgsorden.eu\/wp-content\/uploads\/2021\/04\/Sicherheitskonferenz-05.jpg",1014,675,false]},"rttpg_author":{"display_name":"iktopia","author_link":"https:\/\/www.georgsorden.eu\/de\/author\/iktopia\/"},"rttpg_comment":0,"rttpg_category":"<a href=\"https:\/\/www.georgsorden.eu\/de\/category\/2018\/\" rel=\"category tag\">2018<\/a> <a href=\"https:\/\/www.georgsorden.eu\/de\/category\/orden-allgemein\/\" rel=\"category tag\">Orden allgemein<\/a>","rttpg_excerpt":"Am 15. Mai 2018 fand die \"Erste Mitteleurop\u00e4ische Sicherheitskonferenz\" statt, an der mehrere Minister und zahlreiche Diplomaten aus mitteleurop\u00e4ischen Staaten teilnahmen.","_links":{"self":[{"href":"https:\/\/www.georgsorden.eu\/de\/wp-json\/wp\/v2\/posts\/1460","targetHints":{"allow":["GET"]}}],"collection":[{"href":"https:\/\/www.georgsorden.eu\/de\/wp-json\/wp\/v2\/posts"}],"about":[{"href":"https:\/\/www.georgsorden.eu\/de\/wp-json\/wp\/v2\/types\/post"}],"author":[{"embeddable":true,"href":"https:\/\/www.georgsorden.eu\/de\/wp-json\/wp\/v2\/users\/1"}],"replies":[{"embeddable":true,"href":"https:\/\/www.georgsorden.eu\/de\/wp-json\/wp\/v2\/comments?post=1460"}],"version-history":[{"count":3,"href":"https:\/\/www.georgsorden.eu\/de\/wp-json\/wp\/v2\/posts\/1460\/revisions"}],"predecessor-version":[{"id":1476,"href":"https:\/\/www.georgsorden.eu\/de\/wp-json\/wp\/v2\/posts\/1460\/revisions\/1476"}],"wp:featuredmedia":[{"embeddable":true,"href":"https:\/\/www.georgsorden.eu\/de\/wp-json\/wp\/v2\/media\/1467"}],"wp:attachment":[{"href":"https:\/\/www.georgsorden.eu\/de\/wp-json\/wp\/v2\/media?parent=1460"}],"wp:term":[{"taxonomy":"category","embeddable":true,"href":"https:\/\/www.georgsorden.eu\/de\/wp-json\/wp\/v2\/categories?post=1460"},{"taxonomy":"post_tag","embeddable":true,"href":"https:\/\/www.georgsorden.eu\/de\/wp-json\/wp\/v2\/tags?post=1460"}],"curies":[{"name":"wp","href":"https:\/\/api.w.org\/{rel}","templated":true}]}}