{"id":1477,"date":"2018-04-21T21:10:25","date_gmt":"2018-04-21T19:10:25","guid":{"rendered":"https:\/\/www.georgs-orden.at\/de\/?p=1477"},"modified":"2021-11-22T15:29:37","modified_gmt":"2021-11-22T14:29:37","slug":"ordenstag-wien","status":"publish","type":"post","link":"https:\/\/www.georgsorden.eu\/de\/ordenstag-wien\/","title":{"rendered":"Ordenstag in Wien"},"content":{"rendered":"\n<h4 class=\"wp-block-heading\">\u201eWir senden eine Botschaft der Einheit in die Welt hinaus\u201c<\/h4>\n\n\n\n<p>Erhellt von den morgendlichen Sonnenstrahlen und weitgehend menschenleer pr\u00e4sentierte sich Samstagfr\u00fch der Wiener Innenbezirk. Lediglich ein paar Jogger und die Fr\u00fchaufsteher unter den Touristen durchquerten am 21. April 2018 um 7 Uhr fr\u00fch bereits den Inneren Burghof der Hofburg, als 13 Postulantinnen und 58 Postulanten des St. Georgs-Orden, sowie die Traditionsregimenter Aufstellung nahmen. Die von einzelnen Passanten neugierig be\u00e4ugte Menschenansammlung wuchs binnen einer halben Stunde auf rund 450 Personen an, denn es traten noch die Ordensdamen und Ordensritter in Viererreihen hinter die Postulanten. Am Ende der Prozession nahm die Ordensregierung Aufstellung, an der Spitze der Gro\u00dfmeister S.k.k.H. Karl von Habsburg und der stellvertretende Gro\u00dfmeister S.k.k.H. Georg von Habsburg.\u00a0<\/p>\n\n\n\n<p>Die morgendliche Stille wich schon bald der Marschmusik der anmarschierenden Regimentskapelle IR4, der Traditionskapelle des St. Georgs-Orden. Nach der obligaten Meldung an den Gro\u00dfmeister, dem Erklingen der Kaiserhymne und weiterer M\u00e4rsche folgte nach acht Uhr der formierte Abmarsch durch den Graben zum Wiener Stephansdom.\u00a0<\/p>\n\n\n\n<h4 class=\"wp-block-heading\">&nbsp;\u201eDie Faszination des hl. Georg kennt keine Grenzen\u201c<\/h4>\n\n\n\n<p>Der anschlie\u00dfenden Gottesdienst im Dom wohnten gesch\u00e4tzte 800 Besucher bei. Milit\u00e4rbischof Werner Freist\u00e4tter hob in seiner Predigt drei wesentliche Aspekte des Wirkens des Heiligen Georgs \u2013 des Schutzpatrons des Ordens \u2013 hervor. Bemerkenswert sei etwa die \u00f6kumenische Dimension des im Jahr 303 unter Kaiser Diokletian hingerichteten Heiligen. So wurde der M\u00e4rtyrer schon sehr fr\u00fch in ungew\u00f6hnlich vielen Regionen verehrt, darunter dem Vorderen Orient, \u00c4thiopien, \u00c4gypten, im merowingischen Frankenreich, Italien und bald auch im deutschen Sprachraum. \u201eDie Faszination des hl. Georg kennt keine Grenzen\u201c, unterstrich Freist\u00e4tter. In der r\u00f6misch-katholischen Kirche gilt er heute ebenso als Heilige, wie in der orthodoxen Kirche, und selbst im Islam wird er als bedeutender Prophet angesehen.<\/p>\n\n\n\n<p>Das christliche Rittertum ist eine weitere, wesentliche Dimension des Heiligen Georg: \u201eDas ritterliche Ideal ist von Hilfsbereitschaft, G\u00fcte und vom Einstehen f\u00fcr den Glauben gepr\u00e4gt.\u201c Es verlange auch den \u201egem\u00e4\u00dfigten Gebrauch von Waffengewalt\u201c, gerade in der heutigen Zeit. Wer in Not ger\u00e4t, k\u00f6nne vom Heiligen Schutz und Hilfe erlangen. Zu guter Letzt hob Freist\u00e4tter auch noch das Martyrium Georgs hervor: Er gab f\u00fcr den Glauben sein eigenes Leben. Dies sei ein Ansporn zur unbedingten Nachfolge Christi, wo immer man gerade ist. In allen Situationen gelte es Mut, Kraft und Hoffnung aus dem Glauben zu sch\u00f6pfen.&nbsp;<\/p>\n\n\n\n<h4 class=\"wp-block-heading\">Aufnahme von vier neuen Ehrenrittern<\/h4>\n\n\n\n<p>Auf die Messe folgte die festliche Investitur, an deren Beginn zun\u00e4chst vier Pers\u00f6nlichkeiten zu Ehrenrittern ernannt wurden, und zwar der bekannte Wiener Dompfarrer Toni Faber, der Grazer B\u00fcrgermeister Siegfrid Nagl, der ehemalige bulgarische Pr\u00e4sident Rossen Plewneliew und der ehemalige nieder\u00f6sterreichische Landeshauptmann Erwin Pr\u00f6ll. Danach traten die Postulanten nach Aufruf ihres Namens vor den Gro\u00dfmeister und wurden investiert. Mit Abschluss der Investitur war der Orden auf insgesamt 700 Ordensdamen und Ordensritter angewachsen.\u00a0<\/p>\n\n\n\n<p>Bei sommerlichen Temperaturen nahmen die Ordensangeh\u00f6rigen auf dem mittlerweile stark belebten Stephansplatz Stellung. Der Abmarsch f\u00fchrte schlie\u00dflich zum Palais Coburg, wo sich 450 G\u00e4ste in den historischen Kasematten zum Lunch einfanden.&nbsp;<\/p>\n\n\n\n<h4 class=\"wp-block-heading\">&nbsp;Wiederaufleben der mitteleurop\u00e4ischen Identit\u00e4t<\/h4>\n\n\n\n<p>Nach der Nachmittagspause m\u00fcndete der Ordenstag beim Gala Dinner im Zeremoniensaal der Hofburg in seinen abschlie\u00dfenden H\u00f6hepunkt. Erzherzog Karl von Habsburg kam vor 400 G\u00e4sten auf das Gedenkjahr \u2013 100 Jahre Ende des Ersten Weltkriegs \u2013 zu sprechen. Bemerkenswert sei \u00d6sterreichs Entwicklung seither, unterstrich der Gro\u00dfmeister: \u201eEntgegen s\u00e4mtlichen Voraussagen von verschiedensten Seiten ging \u00d6sterreich nicht unter, sondern hat sich phantastisch entwickelt, ist zusammengewachsen und nimmt heute eine zentrale Funktion in Mitteleuropa ein.\u201c&nbsp;<\/p>\n\n\n\n<p>Hochzufrieden zeigte sich der Erzherzog auch \u00fcber die Entwicklung des Ordens. \u201eHeute gelingt es uns zweifelsohne die mitteleurop\u00e4ische Identit\u00e4t wieder aufleben zu lassen. Man sieht das an unseren Komtureien und an unserem Wachstum.\u201c Die Ritter m\u00fcssten ihre Werte, ihr Land und ihren Kontinent verteidigen. \u201eEinige unserer neuen, eben investierten Ritter stehen in der ersten Front. Deshalb m\u00f6chte ich besonders zwei meiner eben investierten Freunde aus der Ukraine hier begr\u00fc\u00dfen. Sie sind zwei hoch dekorierte Gener\u00e4le, die sich beide verdient gemacht haben bei der Verteidigung ihres europ\u00e4ischen Landes gegen\u00fcber Russland. Ich freue mich, dass Ihr beide hier seid\u201c, erkl\u00e4rte der Gro\u00dfmeister unter tosendem Applaus.&nbsp;<\/p>\n\n\n\n<h4 class=\"wp-block-heading\">&nbsp;\u201eIch habe einen Traum\u201c&nbsp;<\/h4>\n\n\n\n<p>Ebenso erfreut zeigte sich Erzherzog Karl \u00fcber die Investitur des ehemaligen Pr\u00e4sidenten Bulgariens Rossen Plewneliew.&nbsp;<\/p>\n\n\n\n<p>\u201eHeute erleben wir mehrere Krisen und Konflikte\u201c, meinte Plewneliew in seiner anschlie\u00dfenden Rede. Manche spr\u00e4chen zurzeit von zwei Krisen in Europa, andere von f\u00fcnf oder sieben. \u201eIch denke wir haben elf Krisen.\u201c Rossen Plewneliew erw\u00e4hnte unter anderem die Konflikte mit Russland und rund um die Ukraine, die Situation Griechenlands, den Brexit, den Terrorismus und das neue Aufflackern des Nationalismus.&nbsp;<\/p>\n\n\n\n<p>Doch es blieb nicht beim Pessimismus. \u201eWir sind zusammenkommen um unsere Leidenschaft f\u00fcr das zu teilen, was wir unseren Kindern hinterlassen wollen. Ich habe einen Traum und den will ich mit euch allen jetzt teilen. Wenn wir auch nur eine dieser elf Krisen auf unsere Art und Weise, auf europ\u00e4ische Art und Weise l\u00f6sen, k\u00f6nnen wir danach allen Menschen signalisieren: Wir k\u00f6nnen alle Probleme l\u00f6sen.\u201c&nbsp;<\/p>\n\n\n\n<h4 class=\"wp-block-heading\">&nbsp;Ein einzigartiges Friedensprojekt<\/h4>\n\n\n\n<p>Das Beisammensein an diesem Abend, die \u201evon uns allen geteilte Leidenschaft f\u00fcr Europa sendet eine Botschaft der Einheit in die Welt hinaus. Wir wissen, was fr\u00fcher in Europa falsch lief und wir wissen, wie wir das in den Griff bekommen k\u00f6nnen. Wir k\u00f6nnen stolz sein, unsere Lektionen aus der Geschichte gelernt zu haben.\u201c Wichtige Vorbilder seien die Gr\u00fcndungsv\u00e4ter der Europ\u00e4ischen Union, unterstrich Plewneliew. \u201eWir k\u00f6nnen heute allen beweisen, dass der europ\u00e4ische Traum ein einzigartiges Friedensprojekt ist. Die Welt beobachtet uns. Es ist Zeit unser Selbstvertrauen wiederzufinden.\u201c&nbsp;<\/p>\n\n\n\n<p>Kurz erhob auch noch der Prokurator Baron Vinzenz von Stimpfl-Abele das Wort: \u201eRitter sind auch daf\u00fcr bekannt, ordentlich feiern zu k\u00f6nnen, und ich denke, wir haben nach diesem so erfolgreichen Ordenskonvent mehr als genug Gr\u00fcnde daf\u00fcr.\u201c Der in den fr\u00fchen Morgenstunden begonnene Tag sollte nicht minder sp\u00e4t enden. Bis nach Mitternacht wurde gefeiert.&nbsp;<\/p>\n\n\n\n    <div id=\"bwg_container1_0\"         class=\"bwg_container bwg_thumbnail bwg_thumbnails \"         data-right-click-protection=\"1\"         data-bwg=\"0\"         data-scroll=\"0\"         data-gallery-type=\"thumbnails\"         data-gallery-view-type=\"thumbnails\"         data-current-url=\"\/de\/wp-json\/wp\/v2\/posts\/1477\"         data-lightbox-url=\"https:\/\/www.georgsorden.eu\/wp-admin\/admin-ajax.php?action=GalleryBox&#038;current_view=0&#038;gallery_id=20&#038;tag=0&#038;theme_id=1&#038;shortcode_id=42&#038;sort_by=filename&#038;order_by=asc&#038;current_url=%2Fde%2Fwp-json%2Fwp%2Fv2%2Fposts%2F1477\"         data-gallery-id=\"20\"         data-popup-width=\"1000\"         data-popup-height=\"700\"         data-is-album=\"gallery\"         data-buttons-position=\"bottom\">      <div id=\"bwg_container2_0\">             <div id=\"ajax_loading_0\" class=\"bwg_loading_div_1\">      <div class=\"bwg_loading_div_2\">        <div class=\"bwg_loading_div_3\">          <div id=\"loading_div_0\" class=\"bwg_spider_ajax_loading\">          <\/div>        <\/div>      <\/div>    <\/div>            <form id=\"gal_front_form_0\"              class=\"bwg-hidden\"              method=\"post\"              action=\"#\"              data-current=\"0\"              data-shortcode-id=\"42\"              data-gallery-type=\"thumbnails\"              data-gallery-id=\"20\"              data-tag=\"0\"              data-album-id=\"0\"              data-theme-id=\"1\"              data-ajax-url=\"https:\/\/www.georgsorden.eu\/wp-admin\/admin-ajax.php?action=bwg_frontend_data\">          <div id=\"bwg_container3_0\" class=\"bwg-background bwg-background-0\">                <div data-max-count=\"5\"         data-thumbnail-width=\"250\"         data-bwg=\"0\"         data-gallery-id=\"20\"         data-lightbox-url=\"https:\/\/www.georgsorden.eu\/wp-admin\/admin-ajax.php?action=GalleryBox&amp;current_view=0&amp;gallery_id=20&amp;tag=0&amp;theme_id=1&amp;shortcode_id=42&amp;sort_by=filename&amp;order_by=asc&amp;current_url=%2Fde%2Fwp-json%2Fwp%2Fv2%2Fposts%2F1477\"         id=\"bwg_thumbnails_0\"         class=\"bwg-container-0 bwg-thumbnails bwg-standard-thumbnails bwg-container bwg-border-box\">            <div class=\"bwg-item\">        <a class=\"bwg-a  bwg_lightbox\"  data-image-id=\"117\" href=\"https:\/\/www.georgsorden.eu\/wp-content\/uploads\/photo-gallery\/imported_from_media_libray\/Wien-April2018-01.jpg?bwg=1618990354\" data-elementor-open-lightbox=\"no\">                <div class=\"bwg-item0 \">          <div class=\"bwg-item1 \">            <div class=\"bwg-item2\">              <img decoding=\"async\" class=\"skip-lazy bwg_standart_thumb_img_0 \"                   data-id=\"117\"                   data-width=\"500\"                   data-height=\"333\"                   data-src=\"https:\/\/www.georgsorden.eu\/wp-content\/uploads\/photo-gallery\/imported_from_media_libray\/thumb\/Wien-April2018-01.jpg?bwg=1618990354\"                   src=\"https:\/\/www.georgsorden.eu\/wp-content\/uploads\/photo-gallery\/imported_from_media_libray\/thumb\/Wien-April2018-01.jpg?bwg=1618990354\"                   alt=\"Wien-April2018-01\"                   title=\"Wien-April2018-01\" \/>            <\/div>            <div class=\"\">                                                      <\/div>          <\/div>        <\/div>                        <\/a>              <\/div>            <div class=\"bwg-item\">        <a class=\"bwg-a  bwg_lightbox\"  data-image-id=\"118\" href=\"https:\/\/www.georgsorden.eu\/wp-content\/uploads\/photo-gallery\/imported_from_media_libray\/Wien-April2018-02.jpg?bwg=1618990354\" data-elementor-open-lightbox=\"no\">                <div class=\"bwg-item0 \">          <div class=\"bwg-item1 \">            <div class=\"bwg-item2\">              <img decoding=\"async\" class=\"skip-lazy bwg_standart_thumb_img_0 \"                   data-id=\"118\"                   data-width=\"500\"                   data-height=\"333\"                   data-src=\"https:\/\/www.georgsorden.eu\/wp-content\/uploads\/photo-gallery\/imported_from_media_libray\/thumb\/Wien-April2018-02.jpg?bwg=1618990354\"                   src=\"https:\/\/www.georgsorden.eu\/wp-content\/uploads\/photo-gallery\/imported_from_media_libray\/thumb\/Wien-April2018-02.jpg?bwg=1618990354\"                   alt=\"Wien-April2018-02\"                   title=\"Wien-April2018-02\" \/>            <\/div>            <div class=\"\">                                                      <\/div>          <\/div>        <\/div>                        <\/a>              <\/div>            <div class=\"bwg-item\">        <a class=\"bwg-a  bwg_lightbox\"  data-image-id=\"119\" href=\"https:\/\/www.georgsorden.eu\/wp-content\/uploads\/photo-gallery\/imported_from_media_libray\/Wien-April2018-03.jpg?bwg=1618990354\" data-elementor-open-lightbox=\"no\">                <div class=\"bwg-item0 \">          <div class=\"bwg-item1 \">            <div class=\"bwg-item2\">              <img decoding=\"async\" class=\"skip-lazy bwg_standart_thumb_img_0 \"                   data-id=\"119\"                   data-width=\"500\"                   data-height=\"333\"                   data-src=\"https:\/\/www.georgsorden.eu\/wp-content\/uploads\/photo-gallery\/imported_from_media_libray\/thumb\/Wien-April2018-03.jpg?bwg=1618990354\"                   src=\"https:\/\/www.georgsorden.eu\/wp-content\/uploads\/photo-gallery\/imported_from_media_libray\/thumb\/Wien-April2018-03.jpg?bwg=1618990354\"                   alt=\"Wien-April2018-03\"                   title=\"Wien-April2018-03\" \/>            <\/div>            <div class=\"\">                                                      <\/div>          <\/div>        <\/div>                        <\/a>              <\/div>            <div class=\"bwg-item\">        <a class=\"bwg-a  bwg_lightbox\"  data-image-id=\"120\" href=\"https:\/\/www.georgsorden.eu\/wp-content\/uploads\/photo-gallery\/imported_from_media_libray\/Wien-April2018-04.jpg?bwg=1618990354\" data-elementor-open-lightbox=\"no\">                <div class=\"bwg-item0 \">          <div class=\"bwg-item1 \">            <div class=\"bwg-item2\">              <img decoding=\"async\" class=\"skip-lazy bwg_standart_thumb_img_0 \"                   data-id=\"120\"                   data-width=\"500\"                   data-height=\"333\"                   data-src=\"https:\/\/www.georgsorden.eu\/wp-content\/uploads\/photo-gallery\/imported_from_media_libray\/thumb\/Wien-April2018-04.jpg?bwg=1618990354\"                   src=\"https:\/\/www.georgsorden.eu\/wp-content\/uploads\/photo-gallery\/imported_from_media_libray\/thumb\/Wien-April2018-04.jpg?bwg=1618990354\"                   alt=\"Wien-April2018-04\"                   title=\"Wien-April2018-04\" \/>            <\/div>            <div class=\"\">                                                      <\/div>          <\/div>        <\/div>                        <\/a>              <\/div>            <div class=\"bwg-item\">        <a class=\"bwg-a  bwg_lightbox\"  data-image-id=\"121\" href=\"https:\/\/www.georgsorden.eu\/wp-content\/uploads\/photo-gallery\/imported_from_media_libray\/Wien-April2018-05.jpg?bwg=1618990354\" data-elementor-open-lightbox=\"no\">                <div class=\"bwg-item0 \">          <div class=\"bwg-item1 \">            <div class=\"bwg-item2\">              <img decoding=\"async\" class=\"skip-lazy bwg_standart_thumb_img_0 \"                   data-id=\"121\"                   data-width=\"500\"                   data-height=\"333\"                   data-src=\"https:\/\/www.georgsorden.eu\/wp-content\/uploads\/photo-gallery\/imported_from_media_libray\/thumb\/Wien-April2018-05.jpg?bwg=1618990354\"                   src=\"https:\/\/www.georgsorden.eu\/wp-content\/uploads\/photo-gallery\/imported_from_media_libray\/thumb\/Wien-April2018-05.jpg?bwg=1618990354\"                   alt=\"Wien-April2018-05\"                   title=\"Wien-April2018-05\" \/>            <\/div>            <div class=\"\">                                                      <\/div>          <\/div>        <\/div>                        <\/a>              <\/div>            <div class=\"bwg-item\">        <a class=\"bwg-a  bwg_lightbox\"  data-image-id=\"122\" href=\"https:\/\/www.georgsorden.eu\/wp-content\/uploads\/photo-gallery\/imported_from_media_libray\/Wien-April2018-06.jpg?bwg=1618990354\" data-elementor-open-lightbox=\"no\">                <div class=\"bwg-item0 \">          <div class=\"bwg-item1 \">            <div class=\"bwg-item2\">              <img decoding=\"async\" class=\"skip-lazy bwg_standart_thumb_img_0 \"                   data-id=\"122\"                   data-width=\"500\"                   data-height=\"333\"                   data-src=\"https:\/\/www.georgsorden.eu\/wp-content\/uploads\/photo-gallery\/imported_from_media_libray\/thumb\/Wien-April2018-06.jpg?bwg=1618990354\"                   src=\"https:\/\/www.georgsorden.eu\/wp-content\/uploads\/photo-gallery\/imported_from_media_libray\/thumb\/Wien-April2018-06.jpg?bwg=1618990354\"                   alt=\"Wien-April2018-06\"                   title=\"Wien-April2018-06\" \/>            <\/div>            <div class=\"\">                                                      <\/div>          <\/div>        <\/div>                        <\/a>              <\/div>            <div class=\"bwg-item\">        <a class=\"bwg-a  bwg_lightbox\"  data-image-id=\"123\" href=\"https:\/\/www.georgsorden.eu\/wp-content\/uploads\/photo-gallery\/imported_from_media_libray\/Wien-April2018-06a.jpg?bwg=1618990354\" data-elementor-open-lightbox=\"no\">                <div class=\"bwg-item0 \">          <div class=\"bwg-item1 \">            <div class=\"bwg-item2\">              <img decoding=\"async\" class=\"skip-lazy bwg_standart_thumb_img_0 \"                   data-id=\"123\"                   data-width=\"500\"                   data-height=\"334\"                   data-src=\"https:\/\/www.georgsorden.eu\/wp-content\/uploads\/photo-gallery\/imported_from_media_libray\/thumb\/Wien-April2018-06a.jpg?bwg=1618990354\"                   src=\"https:\/\/www.georgsorden.eu\/wp-content\/uploads\/photo-gallery\/imported_from_media_libray\/thumb\/Wien-April2018-06a.jpg?bwg=1618990354\"                   alt=\"Wien-April2018-06a\"                   title=\"Wien-April2018-06a\" \/>            <\/div>            <div class=\"\">                                                      <\/div>          <\/div>        <\/div>                        <\/a>              <\/div>            <div class=\"bwg-item\">        <a class=\"bwg-a  bwg_lightbox\"  data-image-id=\"124\" href=\"https:\/\/www.georgsorden.eu\/wp-content\/uploads\/photo-gallery\/imported_from_media_libray\/Wien-April2018-06b.jpg?bwg=1618990354\" data-elementor-open-lightbox=\"no\">                <div class=\"bwg-item0 \">          <div class=\"bwg-item1 \">            <div class=\"bwg-item2\">              <img decoding=\"async\" class=\"skip-lazy bwg_standart_thumb_img_0 \"                   data-id=\"124\"                   data-width=\"500\"                   data-height=\"334\"                   data-src=\"https:\/\/www.georgsorden.eu\/wp-content\/uploads\/photo-gallery\/imported_from_media_libray\/thumb\/Wien-April2018-06b.jpg?bwg=1618990354\"                   src=\"https:\/\/www.georgsorden.eu\/wp-content\/uploads\/photo-gallery\/imported_from_media_libray\/thumb\/Wien-April2018-06b.jpg?bwg=1618990354\"                   alt=\"Wien-April2018-06b\"                   title=\"Wien-April2018-06b\" \/>            <\/div>            <div class=\"\">                                                      <\/div>          <\/div>        <\/div>                        <\/a>              <\/div>            <div class=\"bwg-item\">        <a class=\"bwg-a  bwg_lightbox\"  data-image-id=\"125\" href=\"https:\/\/www.georgsorden.eu\/wp-content\/uploads\/photo-gallery\/imported_from_media_libray\/Wien-April2018-07.jpg?bwg=1618990354\" data-elementor-open-lightbox=\"no\">                <div class=\"bwg-item0 \">          <div class=\"bwg-item1 \">            <div class=\"bwg-item2\">              <img decoding=\"async\" class=\"skip-lazy bwg_standart_thumb_img_0 \"                   data-id=\"125\"                   data-width=\"500\"                   data-height=\"333\"                   data-src=\"https:\/\/www.georgsorden.eu\/wp-content\/uploads\/photo-gallery\/imported_from_media_libray\/thumb\/Wien-April2018-07.jpg?bwg=1618990354\"                   src=\"https:\/\/www.georgsorden.eu\/wp-content\/uploads\/photo-gallery\/imported_from_media_libray\/thumb\/Wien-April2018-07.jpg?bwg=1618990354\"                   alt=\"Wien-April2018-07\"                   title=\"Wien-April2018-07\" \/>            <\/div>            <div class=\"\">                                                      <\/div>          <\/div>        <\/div>                        <\/a>              <\/div>            <div class=\"bwg-item\">        <a class=\"bwg-a  bwg_lightbox\"  data-image-id=\"126\" href=\"https:\/\/www.georgsorden.eu\/wp-content\/uploads\/photo-gallery\/imported_from_media_libray\/Wien-April2018-08.jpg?bwg=1618990354\" data-elementor-open-lightbox=\"no\">                <div class=\"bwg-item0 \">          <div class=\"bwg-item1 \">            <div class=\"bwg-item2\">              <img decoding=\"async\" class=\"skip-lazy bwg_standart_thumb_img_0 \"                   data-id=\"126\"                   data-width=\"333\"                   data-height=\"500\"                   data-src=\"https:\/\/www.georgsorden.eu\/wp-content\/uploads\/photo-gallery\/imported_from_media_libray\/thumb\/Wien-April2018-08.jpg?bwg=1618990354\"                   src=\"https:\/\/www.georgsorden.eu\/wp-content\/uploads\/photo-gallery\/imported_from_media_libray\/thumb\/Wien-April2018-08.jpg?bwg=1618990354\"                   alt=\"Wien-April2018-08\"                   title=\"Wien-April2018-08\" \/>            <\/div>            <div class=\"\">                                                      <\/div>          <\/div>        <\/div>                        <\/a>              <\/div>            <div class=\"bwg-item\">        <a class=\"bwg-a  bwg_lightbox\"  data-image-id=\"127\" href=\"https:\/\/www.georgsorden.eu\/wp-content\/uploads\/photo-gallery\/imported_from_media_libray\/Wien-April2018-09.jpg?bwg=1618990354\" data-elementor-open-lightbox=\"no\">                <div class=\"bwg-item0 \">          <div class=\"bwg-item1 \">            <div class=\"bwg-item2\">              <img decoding=\"async\" class=\"skip-lazy bwg_standart_thumb_img_0 \"                   data-id=\"127\"                   data-width=\"500\"                   data-height=\"333\"                   data-src=\"https:\/\/www.georgsorden.eu\/wp-content\/uploads\/photo-gallery\/imported_from_media_libray\/thumb\/Wien-April2018-09.jpg?bwg=1618990354\"                   src=\"https:\/\/www.georgsorden.eu\/wp-content\/uploads\/photo-gallery\/imported_from_media_libray\/thumb\/Wien-April2018-09.jpg?bwg=1618990354\"                   alt=\"Wien-April2018-09\"                   title=\"Wien-April2018-09\" \/>            <\/div>            <div class=\"\">                                                      <\/div>          <\/div>        <\/div>                        <\/a>              <\/div>            <div class=\"bwg-item\">        <a class=\"bwg-a  bwg_lightbox\"  data-image-id=\"128\" href=\"https:\/\/www.georgsorden.eu\/wp-content\/uploads\/photo-gallery\/imported_from_media_libray\/Wien-April2018-10.jpg?bwg=1618990354\" data-elementor-open-lightbox=\"no\">                <div class=\"bwg-item0 \">          <div class=\"bwg-item1 \">            <div class=\"bwg-item2\">              <img decoding=\"async\" class=\"skip-lazy bwg_standart_thumb_img_0 \"                   data-id=\"128\"                   data-width=\"500\"                   data-height=\"333\"                   data-src=\"https:\/\/www.georgsorden.eu\/wp-content\/uploads\/photo-gallery\/imported_from_media_libray\/thumb\/Wien-April2018-10.jpg?bwg=1618990354\"                   src=\"https:\/\/www.georgsorden.eu\/wp-content\/uploads\/photo-gallery\/imported_from_media_libray\/thumb\/Wien-April2018-10.jpg?bwg=1618990354\"                   alt=\"Wien-April2018-10\"                   title=\"Wien-April2018-10\" \/>            <\/div>            <div class=\"\">                                                      <\/div>          <\/div>        <\/div>                        <\/a>              <\/div>            <div class=\"bwg-item\">        <a class=\"bwg-a  bwg_lightbox\"  data-image-id=\"129\" href=\"https:\/\/www.georgsorden.eu\/wp-content\/uploads\/photo-gallery\/imported_from_media_libray\/Wien-April2018-11.jpg?bwg=1618990354\" data-elementor-open-lightbox=\"no\">                <div class=\"bwg-item0 \">          <div class=\"bwg-item1 \">            <div class=\"bwg-item2\">              <img decoding=\"async\" class=\"skip-lazy bwg_standart_thumb_img_0 \"                   data-id=\"129\"                   data-width=\"500\"                   data-height=\"334\"                   data-src=\"https:\/\/www.georgsorden.eu\/wp-content\/uploads\/photo-gallery\/imported_from_media_libray\/thumb\/Wien-April2018-11.jpg?bwg=1618990354\"                   src=\"https:\/\/www.georgsorden.eu\/wp-content\/uploads\/photo-gallery\/imported_from_media_libray\/thumb\/Wien-April2018-11.jpg?bwg=1618990354\"                   alt=\"Wien-April2018-11\"                   title=\"Wien-April2018-11\" \/>            <\/div>            <div class=\"\">                                                      <\/div>          <\/div>        <\/div>                        <\/a>              <\/div>            <div class=\"bwg-item\">        <a class=\"bwg-a  bwg_lightbox\"  data-image-id=\"130\" href=\"https:\/\/www.georgsorden.eu\/wp-content\/uploads\/photo-gallery\/imported_from_media_libray\/Wien-April2018-11a.jpg?bwg=1618990354\" data-elementor-open-lightbox=\"no\">                <div class=\"bwg-item0 \">          <div class=\"bwg-item1 \">            <div class=\"bwg-item2\">              <img decoding=\"async\" class=\"skip-lazy bwg_standart_thumb_img_0 \"                   data-id=\"130\"                   data-width=\"500\"                   data-height=\"334\"                   data-src=\"https:\/\/www.georgsorden.eu\/wp-content\/uploads\/photo-gallery\/imported_from_media_libray\/thumb\/Wien-April2018-11a.jpg?bwg=1618990354\"                   src=\"https:\/\/www.georgsorden.eu\/wp-content\/uploads\/photo-gallery\/imported_from_media_libray\/thumb\/Wien-April2018-11a.jpg?bwg=1618990354\"                   alt=\"Wien-April2018-11a\"                   title=\"Wien-April2018-11a\" \/>            <\/div>            <div class=\"\">                                                      <\/div>          <\/div>        <\/div>                        <\/a>              <\/div>            <div class=\"bwg-item\">        <a class=\"bwg-a  bwg_lightbox\"  data-image-id=\"116\" href=\"https:\/\/www.georgsorden.eu\/wp-content\/uploads\/photo-gallery\/imported_from_media_libray\/Wien-April2018-12.jpg?bwg=1618990354\" data-elementor-open-lightbox=\"no\">                <div class=\"bwg-item0 \">          <div class=\"bwg-item1 \">            <div class=\"bwg-item2\">              <img decoding=\"async\" class=\"skip-lazy bwg_standart_thumb_img_0 \"                   data-id=\"116\"                   data-width=\"500\"                   data-height=\"334\"                   data-src=\"https:\/\/www.georgsorden.eu\/wp-content\/uploads\/photo-gallery\/imported_from_media_libray\/thumb\/Wien-April2018-12.jpg?bwg=1618990354\"                   src=\"https:\/\/www.georgsorden.eu\/wp-content\/uploads\/photo-gallery\/imported_from_media_libray\/thumb\/Wien-April2018-12.jpg?bwg=1618990354\"                   alt=\"Wien-April2018-12\"                   title=\"Wien-April2018-12\" \/>            <\/div>            <div class=\"\">                                                      <\/div>          <\/div>        <\/div>                        <\/a>              <\/div>          <\/div>              <\/div>        <\/form>                <div id=\"bwg_spider_popup_loading_0\" class=\"bwg_spider_popup_loading\"><\/div>        <div id=\"spider_popup_overlay_0\" class=\"spider_popup_overlay\" onclick=\"spider_destroypopup(1000)\"><\/div>        <input type=\"hidden\" id=\"bwg_random_seed_0\" value=\"1580240035\">                <\/div>    <\/div>    <script>      if (document.readyState === 'complete') {        if( typeof bwg_main_ready == 'function' ) {          if ( jQuery(\"#bwg_container1_0\").height() ) {            bwg_main_ready(jQuery(\"#bwg_container1_0\"));          }        }      } else {        document.addEventListener('DOMContentLoaded', function() {          if( typeof bwg_main_ready == 'function' ) {            if ( jQuery(\"#bwg_container1_0\").height() ) {             bwg_main_ready(jQuery(\"#bwg_container1_0\"));            }          }        });      }    <\/script>    \n","protected":false},"excerpt":{"rendered":"<p>Beim Ordenstag am 21. April 2018 in Wien wurden im Rahmen der festlichen Investitur vier Pers\u00f6nlichkeiten zu Ehrenrittern ernannt.<\/p>\n","protected":false},"author":1,"featured_media":1501,"comment_status":"closed","ping_status":"closed","sticky":false,"template":"","format":"standard","meta":{"footnotes":""},"categories":[67,27],"tags":[],"class_list":["post-1477","post","type-post","status-publish","format-standard","has-post-thumbnail","hentry","category-67","category-orden-allgemein"],"publishpress_future_action":{"enabled":false,"date":"2026-05-07 17:58:11","action":"category","newStatus":"draft","terms":[],"taxonomy":"category","extraData":[]},"publishpress_future_workflow_manual_trigger":{"enabledWorkflows":[]},"rttpg_featured_image_url":{"full":["https:\/\/www.georgsorden.eu\/wp-content\/uploads\/2021\/04\/Wien-April2018-10.jpg",1600,1066,false],"landscape":["https:\/\/www.georgsorden.eu\/wp-content\/uploads\/2021\/04\/Wien-April2018-10.jpg",1600,1066,false],"portraits":["https:\/\/www.georgsorden.eu\/wp-content\/uploads\/2021\/04\/Wien-April2018-10.jpg",1600,1066,false],"thumbnail":["https:\/\/www.georgsorden.eu\/wp-content\/uploads\/2021\/04\/Wien-April2018-10-150x150.jpg",150,150,true],"medium":["https:\/\/www.georgsorden.eu\/wp-content\/uploads\/2021\/04\/Wien-April2018-10-300x200.jpg",300,200,true],"large":["https:\/\/www.georgsorden.eu\/wp-content\/uploads\/2021\/04\/Wien-April2018-10-1024x682.jpg",1024,682,true],"1536x1536":["https:\/\/www.georgsorden.eu\/wp-content\/uploads\/2021\/04\/Wien-April2018-10-1536x1023.jpg",1536,1023,true],"2048x2048":["https:\/\/www.georgsorden.eu\/wp-content\/uploads\/2021\/04\/Wien-April2018-10.jpg",1600,1066,false]},"rttpg_author":{"display_name":"iktopia","author_link":"https:\/\/www.georgsorden.eu\/de\/author\/iktopia\/"},"rttpg_comment":0,"rttpg_category":"<a href=\"https:\/\/www.georgsorden.eu\/de\/category\/2018\/\" rel=\"category tag\">2018<\/a> <a href=\"https:\/\/www.georgsorden.eu\/de\/category\/orden-allgemein\/\" rel=\"category tag\">Orden allgemein<\/a>","rttpg_excerpt":"Beim Ordenstag am 21. April 2018 in Wien wurden im Rahmen der festlichen Investitur vier Pers\u00f6nlichkeiten zu Ehrenrittern ernannt.","_links":{"self":[{"href":"https:\/\/www.georgsorden.eu\/de\/wp-json\/wp\/v2\/posts\/1477","targetHints":{"allow":["GET"]}}],"collection":[{"href":"https:\/\/www.georgsorden.eu\/de\/wp-json\/wp\/v2\/posts"}],"about":[{"href":"https:\/\/www.georgsorden.eu\/de\/wp-json\/wp\/v2\/types\/post"}],"author":[{"embeddable":true,"href":"https:\/\/www.georgsorden.eu\/de\/wp-json\/wp\/v2\/users\/1"}],"replies":[{"embeddable":true,"href":"https:\/\/www.georgsorden.eu\/de\/wp-json\/wp\/v2\/comments?post=1477"}],"version-history":[{"count":5,"href":"https:\/\/www.georgsorden.eu\/de\/wp-json\/wp\/v2\/posts\/1477\/revisions"}],"predecessor-version":[{"id":3741,"href":"https:\/\/www.georgsorden.eu\/de\/wp-json\/wp\/v2\/posts\/1477\/revisions\/3741"}],"wp:featuredmedia":[{"embeddable":true,"href":"https:\/\/www.georgsorden.eu\/de\/wp-json\/wp\/v2\/media\/1501"}],"wp:attachment":[{"href":"https:\/\/www.georgsorden.eu\/de\/wp-json\/wp\/v2\/media?parent=1477"}],"wp:term":[{"taxonomy":"category","embeddable":true,"href":"https:\/\/www.georgsorden.eu\/de\/wp-json\/wp\/v2\/categories?post=1477"},{"taxonomy":"post_tag","embeddable":true,"href":"https:\/\/www.georgsorden.eu\/de\/wp-json\/wp\/v2\/tags?post=1477"}],"curies":[{"name":"wp","href":"https:\/\/api.w.org\/{rel}","templated":true}]}}