{"id":1521,"date":"2018-05-15T21:16:21","date_gmt":"2018-05-15T19:16:21","guid":{"rendered":"https:\/\/www.georgs-orden.at\/de\/?p=1521"},"modified":"2022-09-13T15:56:20","modified_gmt":"2022-09-13T13:56:20","slug":"dinner-sicherheitskonferenz","status":"publish","type":"post","link":"https:\/\/www.georgsorden.eu\/de\/dinner-sicherheitskonferenz\/","title":{"rendered":"Stilvolles Dinner nach der Mitteleurop\u00e4ischen Sicherheitskonferenz"},"content":{"rendered":"\n<h4 class=\"wp-block-heading\">Gem\u00fctlicher Ausklang, kraftvolle Worte<\/h4>\n\n\n\n<p>In den wundersch\u00f6nen R\u00e4umlichkeiten des Grand Hotel fand die \u201eErste Mitteleurop\u00e4ische Sicherheitskonferenz\u201c am 15. Mai 2018 ihren Ausklang \u2013 dem Direktor des Grand Hotels und Ordensritter des St. Georgs-Orden Horst Mayer sei dank. Bei Speis und Trank unterhielten sich die G\u00e4ste in launiger Atmosph\u00e4re, teils bis sp\u00e4t in die Nacht. Anwesend waren neben der slowenischen Innenministerin Vesna Gy\u00f6rk\u00f6s \u017dnidar und dem kroatischen Verteidigungsminister Petar Mihatov, die beide am Nachmittag an einer Podiumsdiskussion teilgenommen hatten, IKKH Camilla von Habsburg-Lothringen, der bulgarische Pr\u00e4sident a. D. und Ehrenritter des St. Georgs-Ordens Rosen Plevneliev, der Botschafter des Souver\u00e4nen Malteserordens Michael Dzeba sowie Oliver Voigt, Vorsitzender der Mediengruppe \u00d6sterreich\/Oe24.<\/p>\n\n\n<div class=\"wpum-message warning\">\n\t<p>Dieser Inhalt ist nur f\u00fcr Mitglieder zug\u00e4nglich. Bitte <a href=\"https:\/\/www.georgsorden.eu\/de\/log-in\/?redirect_to=https:\/\/www.georgsorden.eu\/de\/wp-json\/wp\/v2\/posts\/1521\">melden Sie sich an<\/a>.<\/p>\n<\/div>\n\n\n\n\n\n\n\n\n\n\n\n\n\n\n\n\n\n\n\n\n\n\n\n\n","protected":false},"excerpt":{"rendered":"<p>In den wundersch\u00f6nen R\u00e4umlichkeiten des Grand Hotel fand die \u201eErste Mitteleurop\u00e4ische Sicherheitskonferenz\u201c am 15. Mai 2018 ihren Ausklang \u2013 dem Direktor des Grand Hotels und Ordensritter des St. Georgs-Orden Horst Mayer sei dank.<\/p>\n","protected":false},"author":1,"featured_media":1524,"comment_status":"closed","ping_status":"closed","sticky":false,"template":"","format":"standard","meta":{"footnotes":""},"categories":[67,27],"tags":[],"class_list":["post-1521","post","type-post","status-publish","format-standard","has-post-thumbnail","hentry","category-67","category-orden-allgemein"],"publishpress_future_action":{"enabled":false,"date":"2026-05-07 17:58:15","action":"category","newStatus":"draft","terms":[],"taxonomy":"category","extraData":[]},"publishpress_future_workflow_manual_trigger":{"enabledWorkflows":[]},"rttpg_featured_image_url":{"full":["https:\/\/www.georgsorden.eu\/wp-content\/uploads\/2021\/04\/Dinner-01.jpg",1081,722,false],"landscape":["https:\/\/www.georgsorden.eu\/wp-content\/uploads\/2021\/04\/Dinner-01.jpg",1081,722,false],"portraits":["https:\/\/www.georgsorden.eu\/wp-content\/uploads\/2021\/04\/Dinner-01.jpg",1081,722,false],"thumbnail":["https:\/\/www.georgsorden.eu\/wp-content\/uploads\/2021\/04\/Dinner-01-150x150.jpg",150,150,true],"medium":["https:\/\/www.georgsorden.eu\/wp-content\/uploads\/2021\/04\/Dinner-01-300x200.jpg",300,200,true],"large":["https:\/\/www.georgsorden.eu\/wp-content\/uploads\/2021\/04\/Dinner-01-1024x684.jpg",1024,684,true],"1536x1536":["https:\/\/www.georgsorden.eu\/wp-content\/uploads\/2021\/04\/Dinner-01.jpg",1081,722,false],"2048x2048":["https:\/\/www.georgsorden.eu\/wp-content\/uploads\/2021\/04\/Dinner-01.jpg",1081,722,false]},"rttpg_author":{"display_name":"iktopia","author_link":"https:\/\/www.georgsorden.eu\/de\/author\/iktopia\/"},"rttpg_comment":0,"rttpg_category":"<a href=\"https:\/\/www.georgsorden.eu\/de\/category\/2018\/\" rel=\"category tag\">2018<\/a> <a href=\"https:\/\/www.georgsorden.eu\/de\/category\/orden-allgemein\/\" rel=\"category tag\">Orden allgemein<\/a>","rttpg_excerpt":"In den wundersch\u00f6nen R\u00e4umlichkeiten des Grand Hotel fand die \u201eErste Mitteleurop\u00e4ische Sicherheitskonferenz\u201c am 15. Mai 2018 ihren Ausklang \u2013 dem Direktor des Grand Hotels und Ordensritter des St. Georgs-Orden Horst Mayer sei dank.","_links":{"self":[{"href":"https:\/\/www.georgsorden.eu\/de\/wp-json\/wp\/v2\/posts\/1521","targetHints":{"allow":["GET"]}}],"collection":[{"href":"https:\/\/www.georgsorden.eu\/de\/wp-json\/wp\/v2\/posts"}],"about":[{"href":"https:\/\/www.georgsorden.eu\/de\/wp-json\/wp\/v2\/types\/post"}],"author":[{"embeddable":true,"href":"https:\/\/www.georgsorden.eu\/de\/wp-json\/wp\/v2\/users\/1"}],"replies":[{"embeddable":true,"href":"https:\/\/www.georgsorden.eu\/de\/wp-json\/wp\/v2\/comments?post=1521"}],"version-history":[{"count":14,"href":"https:\/\/www.georgsorden.eu\/de\/wp-json\/wp\/v2\/posts\/1521\/revisions"}],"predecessor-version":[{"id":6503,"href":"https:\/\/www.georgsorden.eu\/de\/wp-json\/wp\/v2\/posts\/1521\/revisions\/6503"}],"wp:featuredmedia":[{"embeddable":true,"href":"https:\/\/www.georgsorden.eu\/de\/wp-json\/wp\/v2\/media\/1524"}],"wp:attachment":[{"href":"https:\/\/www.georgsorden.eu\/de\/wp-json\/wp\/v2\/media?parent=1521"}],"wp:term":[{"taxonomy":"category","embeddable":true,"href":"https:\/\/www.georgsorden.eu\/de\/wp-json\/wp\/v2\/categories?post=1521"},{"taxonomy":"post_tag","embeddable":true,"href":"https:\/\/www.georgsorden.eu\/de\/wp-json\/wp\/v2\/tags?post=1521"}],"curies":[{"name":"wp","href":"https:\/\/api.w.org\/{rel}","templated":true}]}}