{"id":15772,"date":"2025-06-13T22:05:00","date_gmt":"2025-06-13T20:05:00","guid":{"rendered":"https:\/\/www.georgsorden.eu\/de\/?p=15772"},"modified":"2025-06-24T13:02:45","modified_gmt":"2025-06-24T11:02:45","slug":"ordo-sancti-silvestri-papae-13-06-2025","status":"publish","type":"post","link":"https:\/\/www.georgsorden.eu\/de\/ordo-sancti-silvestri-papae-13-06-2025\/","title":{"rendered":"Ordo Sancti Silvestri Papae \u2013 ein ganz besonderes Ritterkreuz f\u00fcr unseren obersten Ritter"},"content":{"rendered":"\n<p>Am 13. Juni 2025 wurde unserem Prokurator Baron Vinzenz von Stimpfl-Abele eine hohe Ehre zuteil: S. Em. Kardinal Dr. Christoph Sch\u00f6nborn OP verlieh ihm das Ritterkreuz des P\u00e4pstlichen Silvesterordens. <\/p>\n\n\n\n<p>Zu diesem Anlass waren nicht nur zahlreiche Mitglieder der Ordensregierung, allen voran Kanzler Dr. Stefan Schermeier und die Vizekanzler Michael Blaha, MSc sowie LAbg. a.D. Mag. Gerald Ebinger, sondern als Vertreter des Geistlichen Rates auch Generalvikar Mag. Lic. theol. Yuriy Kolasa und Pater PhDr. Marek Pu\u010dal\u00edk O.Cr., die Pr\u00e4sidentin der Damen, Baronin KommR Mag. Gabriela von Stimpfl-Abele, und Vizepr\u00e4sidentin Ulrike G\u00fcnther, ferner hochrangige Repr\u00e4sentanten der Katholisch-\u00d6sterreichischen Landsmannschaften und des Mittelsch\u00fcler-Kartell-Verbandes, sowie nat\u00fcrlich Familie und Freunde ins Erzbisch\u00f6fliche Palais zu Wien gekommen. Als besonders weit angereiste G\u00e4ste freute sich der Prokurator, S. E. Erzbischof em. Dr. Stanislaus Ho\u010devar SDB, begleitet von Komtur Mag. Johannes J. Krmc, Ehrenritter Rektor Prof. Dr. Ludvik Toplak sowie den Abgeordneten zum Europaparlament Mag. Lukas Mandl begr\u00fc\u00dfen zu d\u00fcrfen.<\/p>\n\n\n\n<div class=\"wp-block-columns is-layout-flex wp-container-core-columns-is-layout-9d6595d7 wp-block-columns-is-layout-flex\">\n<div class=\"wp-block-column is-layout-flow wp-block-column-is-layout-flow\" style=\"flex-basis:33.33%\">\n<figure class=\"wp-block-image size-large\"><a href=\"https:\/\/www.georgsorden.eu\/wp-content\/uploads\/2025\/06\/Verleihung-2025-06-13-15.45.25.jpg\" rel=\"lightbox-0\"><img loading=\"lazy\" decoding=\"async\" width=\"768\" height=\"1024\" src=\"https:\/\/www.georgsorden.eu\/wp-content\/uploads\/2025\/06\/Verleihung-2025-06-13-15.45.25-768x1024.jpg\" alt=\"\" class=\"wp-image-15750\" srcset=\"https:\/\/www.georgsorden.eu\/wp-content\/uploads\/2025\/06\/Verleihung-2025-06-13-15.45.25-768x1024.jpg 768w, https:\/\/www.georgsorden.eu\/wp-content\/uploads\/2025\/06\/Verleihung-2025-06-13-15.45.25-225x300.jpg 225w, https:\/\/www.georgsorden.eu\/wp-content\/uploads\/2025\/06\/Verleihung-2025-06-13-15.45.25-1152x1536.jpg 1152w, https:\/\/www.georgsorden.eu\/wp-content\/uploads\/2025\/06\/Verleihung-2025-06-13-15.45.25.jpg 1530w\" sizes=\"auto, (max-width: 768px) 100vw, 768px\" \/><\/a><\/figure>\n<\/div>\n\n\n\n<div class=\"wp-block-column is-layout-flow wp-block-column-is-layout-flow\" style=\"flex-basis:66.66%\">\n<figure class=\"wp-block-image size-full is-resized\"><a href=\"https:\/\/www.georgsorden.eu\/wp-content\/uploads\/2025\/06\/Verleihung-2025-06-13-16.18.26.jpg\" rel=\"lightbox-1\"><img loading=\"lazy\" decoding=\"async\" width=\"1000\" height=\"750\" src=\"https:\/\/www.georgsorden.eu\/wp-content\/uploads\/2025\/06\/Verleihung-2025-06-13-16.18.26.jpg\" alt=\"\" class=\"wp-image-15754\" style=\"width:528px;height:auto\" srcset=\"https:\/\/www.georgsorden.eu\/wp-content\/uploads\/2025\/06\/Verleihung-2025-06-13-16.18.26.jpg 1000w, https:\/\/www.georgsorden.eu\/wp-content\/uploads\/2025\/06\/Verleihung-2025-06-13-16.18.26-300x225.jpg 300w, https:\/\/www.georgsorden.eu\/wp-content\/uploads\/2025\/06\/Verleihung-2025-06-13-16.18.26-768x576.jpg 768w\" sizes=\"auto, (max-width: 1000px) 100vw, 1000px\" \/><\/a><\/figure>\n<\/div>\n<\/div>\n\n\n\n<p>In seiner sehr pers\u00f6nlichen Laudatio w\u00fcrdigte S. E. Bischof em. DDr. Klaus&nbsp;K\u00fcng das jahrzehntelange Wirken seines Freundes Baron Vinzenz von Stimpfl-Abele, beginnend mit einem kurzen R\u00fcckblick auf dessen Kindheit und Jugend: \u201eVinzenz ist in einer vom christlichen Glauben gepr\u00e4gten, adeligen Familie aufgewachsen. Er wurde von seinem Onkel Leopold im Dom von Salzburg getauft. Pater Leopold war ein Salesianer, der in der bayrischen Bischofsstadt Eichst\u00e4tt gewirkt hat. Ein hervorragender Seelsorger, vor allem f\u00fcr junge Menschen. Durch die Verbindung mit ihm wurde in Vinzenz eine gro\u00dfe Liebe zum hl. Franz von Sales geweckt. Der hl. Franz von Sales hat Vinzenz neben dem hl. Vinzenz Ferrer, seinem Namenspatron, stark gepr\u00e4gt. So ist er auch schon seit Jahren Pr\u00e4sident des \u201eVereins der Freunde der Salesianerinnen\u201c und eng verbunden mit den Schwestern am Rennweg, wo er \u2013 wie man mir verraten hat \u2013 normalerweise am Sonntagsgottesdienst teilnimmt.\u201c<\/p>\n\n\n\n<p>Der Vorsitzende unseres Geistlichen Rates berichtete weiters, dass Baron von Stimpfl-Abele sehr fr\u00fch begann in der Pfarrkirche Aigen zu ministrieren, in deren Pfarrgebiet zu dieser Zeit auch Erzherzog Karl zuhause und mit seiner Familie dort oft in der Heiligen Messe war. \u201eDort ist dann auch durch Vinzenz\u00b4 Initiative eine Pfarrjugend entstanden. Er war damals gerade 16. Das ist f\u00fcr ihn kennzeichnend: fest im Glauben verwurzelt und engagiert\u201c, so Bischof Klaus.<\/p>\n\n\n\n<div class=\"wp-block-columns is-layout-flex wp-container-core-columns-is-layout-9d6595d7 wp-block-columns-is-layout-flex\">\n<div class=\"wp-block-column is-layout-flow wp-block-column-is-layout-flow\">\n<figure class=\"wp-block-image size-full\"><a href=\"https:\/\/www.georgsorden.eu\/wp-content\/uploads\/2025\/06\/Verleihung-2025-06-13-15.04.09.jpg\" rel=\"lightbox-2\"><img loading=\"lazy\" decoding=\"async\" width=\"750\" height=\"1000\" src=\"https:\/\/www.georgsorden.eu\/wp-content\/uploads\/2025\/06\/Verleihung-2025-06-13-15.04.09.jpg\" alt=\"\" class=\"wp-image-15745\" srcset=\"https:\/\/www.georgsorden.eu\/wp-content\/uploads\/2025\/06\/Verleihung-2025-06-13-15.04.09.jpg 750w, https:\/\/www.georgsorden.eu\/wp-content\/uploads\/2025\/06\/Verleihung-2025-06-13-15.04.09-225x300.jpg 225w\" sizes=\"auto, (max-width: 750px) 100vw, 750px\" \/><\/a><\/figure>\n<\/div>\n\n\n\n<div class=\"wp-block-column is-layout-flow wp-block-column-is-layout-flow\">\n<figure class=\"wp-block-image size-full\"><a href=\"https:\/\/www.georgsorden.eu\/wp-content\/uploads\/2025\/06\/Verleihung-2025-06-13-15.33.46.jpg\" rel=\"lightbox-3\"><img loading=\"lazy\" decoding=\"async\" width=\"750\" height=\"1000\" src=\"https:\/\/www.georgsorden.eu\/wp-content\/uploads\/2025\/06\/Verleihung-2025-06-13-15.33.46.jpg\" alt=\"\" class=\"wp-image-15747\" srcset=\"https:\/\/www.georgsorden.eu\/wp-content\/uploads\/2025\/06\/Verleihung-2025-06-13-15.33.46.jpg 750w, https:\/\/www.georgsorden.eu\/wp-content\/uploads\/2025\/06\/Verleihung-2025-06-13-15.33.46-225x300.jpg 225w\" sizes=\"auto, (max-width: 750px) 100vw, 750px\" \/><\/a><\/figure>\n<\/div>\n\n\n\n<div class=\"wp-block-column is-layout-flow wp-block-column-is-layout-flow\">\n<figure class=\"wp-block-image size-full\"><a href=\"https:\/\/www.georgsorden.eu\/wp-content\/uploads\/2025\/06\/Verleihung-2025-06-13-15.45.10.jpg\" rel=\"lightbox-4\"><img loading=\"lazy\" decoding=\"async\" width=\"750\" height=\"1000\" src=\"https:\/\/www.georgsorden.eu\/wp-content\/uploads\/2025\/06\/Verleihung-2025-06-13-15.45.10.jpg\" alt=\"\" class=\"wp-image-15748\" srcset=\"https:\/\/www.georgsorden.eu\/wp-content\/uploads\/2025\/06\/Verleihung-2025-06-13-15.45.10.jpg 750w, https:\/\/www.georgsorden.eu\/wp-content\/uploads\/2025\/06\/Verleihung-2025-06-13-15.45.10-225x300.jpg 225w\" sizes=\"auto, (max-width: 750px) 100vw, 750px\" \/><\/a><\/figure>\n<\/div>\n<\/div>\n\n\n\n<p>Ein zentrales Element der Laudatio war das Engagement unseres Prokurators im und f\u00fcr den St. Georgs-Orden: \u201eVinzenz sagt immer, f\u00fcr ihn ist der Glaube nicht nur eine Gnade, sondern vor allem auch Verantwortung, Auftrag und Pflicht. Ein sehr ritterlicher Zugang! So ist es nicht \u00fcberraschend, dass er seinen Weg in den St. Georgs-Orden \u2013 den europ\u00e4ischen Orden des Hauses Habsburg-Lothringen \u2013 gefunden hat, der f\u00fcr so vieles steht, das in seinem Leben zentral und elementar ist. Seit \u00fcber 8 Jahren f\u00fchrt er nun unsere Gemeinschaft, die fast tausend Mitglieder hat, als Prokurator, also als Alter Ego von Gro\u00dfmeister Erzherzog Karl, an. Es war und ist ihm wichtig, dass der St. Georgs-Orden das christliche Element nicht nur nicht in den Hintergrund geraten l\u00e4sst, sondern als Fundament der eigenen Gemeinschaft und ganz Europas versteht. Er betrachtet den St. Georgs-Orden nicht als Konkurrenz zu den kirchlichen Orden, die er zutiefst respektiert, sondern als Erg\u00e4nzung. Denn als nicht rein katholisch, sondern christlich, kann und soll sich der St. Georgs-Orden zu einer Kraft zu entwickeln, in welcher ein verbindender christlicher Geist herrscht und eine \u00fcbergreifende wertebezogene Einheit besteht, die dabei hilft, in ganz Europa geschlossen, Seite an Seite, gegen das Achtfache Elend und die Ausw\u00fcchse des Zeitgeistes anzuk\u00e4mpfen. Vinzenz wei\u00df sich diesbez\u00fcglich auch besonders durch den von ihm so gesch\u00e4tzten Kardinal Kurt Koch best\u00e4rkt, der einmal klar gesagt hat, dass die Einheit nicht einfach eine Aufgabe ist, die wir auch noch haben, sondern dass sie der Wille des Herrn ist und es dazu keine Alternative gibt als die zu versuchen, mit all unseren Kr\u00e4ften dazu beizutragen.\u201c &nbsp;<\/p>\n\n\n\n<p>Der Laudator sprach auch den Interreligi\u00f6sen Dialog in Salzburg an, den der Prokurator initiiert hat und der heuer zum zweiten Mal in Kooperation mit der Erzdi\u00f6zese stattfindet. Durch den konstruktiven Austausch h\u00f6chstrangigen Vertreter von Christentum, Judentum und Islam, w\u00fcrde der St Georgs-Orden ein kleines St\u00fcck weit zu einer christlichen Kommunikationsplattform und Br\u00fccke zwischen den abrahamitischen Religionen, unterstrich Seine Exzellenz.<\/p>\n\n\n\n<p>\u201eDazu passt, dass Vinzenz \u00fcberall, wo er ein Ehrenamt oder eine Funktion innehat, die Verehrung des Seligen Kaisers Karl f\u00f6rdert, dessen tiefer Glaube im 1. Weltkrieg zum Bem\u00fchen um einen fairen Frieden auf Augenh\u00f6he gef\u00fchrt hat, leider ohne Erfolg. Der Selige Kaiser Karl k\u00f6nnte und sollte uns aber gerade in der aktuellen Verfassung der Gesellschaft und im Hinblick auf den in Europa tobenden brutalen Angriffskrieg ein bedeutendes Vorbild sein.\u201c<\/p>\n\n\n\n<div class=\"wp-block-columns is-layout-flex wp-container-core-columns-is-layout-9d6595d7 wp-block-columns-is-layout-flex\">\n<div class=\"wp-block-column is-layout-flow wp-block-column-is-layout-flow\">\n<figure class=\"wp-block-image size-large\"><a href=\"https:\/\/www.georgsorden.eu\/wp-content\/uploads\/2025\/06\/Verleihung-2025-06-13-_162448.jpg\" rel=\"lightbox-5\"><img loading=\"lazy\" decoding=\"async\" width=\"1024\" height=\"768\" src=\"https:\/\/www.georgsorden.eu\/wp-content\/uploads\/2025\/06\/Verleihung-2025-06-13-_162448-1024x768.jpg\" alt=\"\" class=\"wp-image-15973\" srcset=\"https:\/\/www.georgsorden.eu\/wp-content\/uploads\/2025\/06\/Verleihung-2025-06-13-_162448-1024x768.jpg 1024w, https:\/\/www.georgsorden.eu\/wp-content\/uploads\/2025\/06\/Verleihung-2025-06-13-_162448-300x225.jpg 300w, https:\/\/www.georgsorden.eu\/wp-content\/uploads\/2025\/06\/Verleihung-2025-06-13-_162448-768x576.jpg 768w, https:\/\/www.georgsorden.eu\/wp-content\/uploads\/2025\/06\/Verleihung-2025-06-13-_162448.jpg 1280w\" sizes=\"auto, (max-width: 1024px) 100vw, 1024px\" \/><\/a><\/figure>\n<\/div>\n\n\n\n<div class=\"wp-block-column is-layout-flow wp-block-column-is-layout-flow\">\n<figure class=\"wp-block-image size-large\"><a href=\"https:\/\/www.georgsorden.eu\/wp-content\/uploads\/2025\/06\/Verleihung-2025-06-13-Urkunde-web.jpg\" rel=\"lightbox-6\"><img loading=\"lazy\" decoding=\"async\" width=\"1024\" height=\"768\" src=\"https:\/\/www.georgsorden.eu\/wp-content\/uploads\/2025\/06\/Verleihung-2025-06-13-Urkunde-web-1024x768.jpg\" alt=\"\" class=\"wp-image-15778\" srcset=\"https:\/\/www.georgsorden.eu\/wp-content\/uploads\/2025\/06\/Verleihung-2025-06-13-Urkunde-web-1024x768.jpg 1024w, https:\/\/www.georgsorden.eu\/wp-content\/uploads\/2025\/06\/Verleihung-2025-06-13-Urkunde-web-300x225.jpg 300w, https:\/\/www.georgsorden.eu\/wp-content\/uploads\/2025\/06\/Verleihung-2025-06-13-Urkunde-web-768x576.jpg 768w, https:\/\/www.georgsorden.eu\/wp-content\/uploads\/2025\/06\/Verleihung-2025-06-13-Urkunde-web-1536x1152.jpg 1536w, https:\/\/www.georgsorden.eu\/wp-content\/uploads\/2025\/06\/Verleihung-2025-06-13-Urkunde-web.jpg 2016w\" sizes=\"auto, (max-width: 1024px) 100vw, 1024px\" \/><\/a><\/figure>\n<\/div>\n\n\n\n<div class=\"wp-block-column is-layout-flow wp-block-column-is-layout-flow\">\n<figure class=\"wp-block-image size-large\"><a href=\"https:\/\/www.georgsorden.eu\/wp-content\/uploads\/2025\/06\/Verleihung-2025-06-13-_161442.jpg\" rel=\"lightbox-7\"><img loading=\"lazy\" decoding=\"async\" width=\"1024\" height=\"768\" src=\"https:\/\/www.georgsorden.eu\/wp-content\/uploads\/2025\/06\/Verleihung-2025-06-13-_161442-1024x768.jpg\" alt=\"\" class=\"wp-image-15976\" srcset=\"https:\/\/www.georgsorden.eu\/wp-content\/uploads\/2025\/06\/Verleihung-2025-06-13-_161442-1024x768.jpg 1024w, https:\/\/www.georgsorden.eu\/wp-content\/uploads\/2025\/06\/Verleihung-2025-06-13-_161442-300x225.jpg 300w, https:\/\/www.georgsorden.eu\/wp-content\/uploads\/2025\/06\/Verleihung-2025-06-13-_161442-768x576.jpg 768w, https:\/\/www.georgsorden.eu\/wp-content\/uploads\/2025\/06\/Verleihung-2025-06-13-_161442.jpg 1280w\" sizes=\"auto, (max-width: 1024px) 100vw, 1024px\" \/><\/a><\/figure>\n<\/div>\n<\/div>\n\n\n\n<p>Bischof Klaus schloss mit den Worten: \u201eIn diesem Sinn hat Vinzenz als Prokurator den St. Georgs-Orden ausgerichtet und ihm auch nach au\u00dfen Profil gegeben. Und er hat dies von Anfang an besonnen, mit ruhiger Hand und als wirkliches Vorbild f\u00fcr die Ordensritter und Ordensdamen verwirklicht. Beachtlich sind immer wieder seine Reden, in denen er gekonnt und auf hohem Niveau, ohne zu polarisieren, wesentliche Themen anspricht. Beachtlich sind auch seine zahlreichen Publikationen, in denen er regelm\u00e4\u00dfig hei\u00dfe gesellschaftspolitische Fragen aufgreift und die christlich-europ\u00e4ischen Werte den Ausw\u00fcchsen des Zeitgeistes und ritterliche Haltung der gesellschaftlichen Orientierungslosigkeit entgegensetzt. Seine Beitr\u00e4ge bewirken bei vielen Menschen ein Nachdenken, auch ein tieferes Eindringen in die Frage, was der Glaube im t\u00e4glichen Leben bewirken kann und soll. F\u00fcr all das sind wir ihm sehr dankbar und sehr froh dar\u00fcber, dass ihm heute angesichts seiner vielen Verdienste das Ritterkreuz des Silvesterordens \u00fcberreicht wird!\u201c<\/p>\n\n\n\n<p>Kardinal Sch\u00f6nborn erg\u00e4nzte spontan, dass der hl. Vinzenz Ferrer Dominikaner gewesen war, wie auch er selbst, dann \u00fcberreichte er Baron von Stimpfl-Abele unter gro\u00dfem Applaus der Anwesenden den Orden und die p\u00e4pstliche Urkunde.<\/p>\n\n\n\n<p>Im Anschluss an die Verleihung stand noch eine Agape auf dem Programm, danach ging es ins Lokal Landstein im 3. Bezirk, wohin die Delegation Nieder\u00f6sterreich &#8211; Wienerwald zur Feier dieser hohen Auszeichnung geladen hatte. Delegationsleiter Dir. G\u00fcnter Bergauer, MBA, und sein Stellvertreter Matthias Dolenc, MA, begr\u00fc\u00dften die zahlreich erschienen Ordensdamen, Ordensritter und G\u00e4ste, darunter auch die beiden Nichten des Prokurators, die Baronessen Sophie und Victoria von Stimpfl-Abele. Vizekanzler Michael Blaha, MSc, ergriff dann das Wort, um dem Prokurator im Namen der Ordensregierung wie auch des gesamten Ordens aufs Herzlichste Anerkennung und Dank f\u00fcr seine gro\u00dfen Verdienste auszudr\u00fccken und mit einem Toast zur Ehrung zu gratulieren.<\/p>\n\n\n\n<div class=\"wp-block-columns is-layout-flex wp-container-core-columns-is-layout-9d6595d7 wp-block-columns-is-layout-flex\">\n<div class=\"wp-block-column is-layout-flow wp-block-column-is-layout-flow\">\n<figure class=\"wp-block-image size-full\"><a href=\"https:\/\/www.georgsorden.eu\/wp-content\/uploads\/2025\/06\/Verleihung-2025-06-13-18.52.19.jpg\" rel=\"lightbox-8\"><img loading=\"lazy\" decoding=\"async\" width=\"1000\" height=\"750\" src=\"https:\/\/www.georgsorden.eu\/wp-content\/uploads\/2025\/06\/Verleihung-2025-06-13-18.52.19.jpg\" alt=\"\" class=\"wp-image-15763\" srcset=\"https:\/\/www.georgsorden.eu\/wp-content\/uploads\/2025\/06\/Verleihung-2025-06-13-18.52.19.jpg 1000w, https:\/\/www.georgsorden.eu\/wp-content\/uploads\/2025\/06\/Verleihung-2025-06-13-18.52.19-300x225.jpg 300w, https:\/\/www.georgsorden.eu\/wp-content\/uploads\/2025\/06\/Verleihung-2025-06-13-18.52.19-768x576.jpg 768w\" sizes=\"auto, (max-width: 1000px) 100vw, 1000px\" \/><\/a><\/figure>\n<\/div>\n\n\n\n<div class=\"wp-block-column is-layout-flow wp-block-column-is-layout-flow\">\n<figure class=\"wp-block-image size-full\"><a href=\"https:\/\/www.georgsorden.eu\/wp-content\/uploads\/2025\/06\/Verleihung-2025-06-13-18.57.54-1.jpg\" rel=\"lightbox-9\"><img loading=\"lazy\" decoding=\"async\" width=\"1000\" height=\"750\" src=\"https:\/\/www.georgsorden.eu\/wp-content\/uploads\/2025\/06\/Verleihung-2025-06-13-18.57.54-1.jpg\" alt=\"\" class=\"wp-image-15768\" srcset=\"https:\/\/www.georgsorden.eu\/wp-content\/uploads\/2025\/06\/Verleihung-2025-06-13-18.57.54-1.jpg 1000w, https:\/\/www.georgsorden.eu\/wp-content\/uploads\/2025\/06\/Verleihung-2025-06-13-18.57.54-1-300x225.jpg 300w, https:\/\/www.georgsorden.eu\/wp-content\/uploads\/2025\/06\/Verleihung-2025-06-13-18.57.54-1-768x576.jpg 768w\" sizes=\"auto, (max-width: 1000px) 100vw, 1000px\" \/><\/a><\/figure>\n<\/div>\n<\/div>\n\n\n\n<p>Prokurator Baron Vinzenz von Stimpfl-Abele dazu: \u201eEigentlich muss ich mich bedanken, n\u00e4mlich bei meiner Familie, bei unserem Gro\u00dfmeister und bei Euch. Denn das richtige R\u00fcstzeug f\u00fcr diesen Kampf um und f\u00fcr unsere christlich-europ\u00e4ischen Werte, den ich solange ich atme k\u00e4mpfen werde, hat mir meine Familie gegeben, wof\u00fcr ich ihr immer dankbar sein werde. Die beste Armee f\u00fcr diesen Kampf hat mir Erzherzog Karl anvertraut \u2013 den St. Georgs-Orden. Diese Gemeinschaft hat die richtigen Ideale, sie pflegt und verteidigt die tiefen, so wertvollen, Wurzeln unserer Gesellschaft und Kultur mit vereinten Kr\u00e4ften. So ist dieser Orden, den ich heute erhalten habe, aus meiner Sicht auch ein St\u00fcck weit eine Auszeichnung f\u00fcr den St. Georgs-Orden. Viribus Unitis!\u201c <\/p>\n\n\n\n<p>Danach wurde noch auf den Geburtstag des Delegationsleiters angesto\u00dfen und auf dessen gro\u00dfz\u00fcgige Einladung hin bei Speis und Trank bis nach Mitternacht gefeiert.<\/p>\n\n\n\n<h4 class=\"wp-block-heading\">Impressionen<\/h4>\n\n\n\n    <div id=\"bwg_container1_0\"         class=\"bwg_container bwg_thumbnail bwg_thumbnails \"         data-right-click-protection=\"1\"         data-bwg=\"0\"         data-scroll=\"0\"         data-gallery-type=\"thumbnails\"         data-gallery-view-type=\"thumbnails\"         data-current-url=\"\/de\/wp-json\/wp\/v2\/posts\/15772\"         data-lightbox-url=\"https:\/\/www.georgsorden.eu\/wp-admin\/admin-ajax.php?action=GalleryBox&#038;current_view=0&#038;gallery_id=167&#038;tag=0&#038;theme_id=1&#038;shortcode_id=342&#038;sort_by=alt&#038;order_by=asc&#038;current_url=%2Fde%2Fwp-json%2Fwp%2Fv2%2Fposts%2F15772\"         data-gallery-id=\"167\"         data-popup-width=\"1000\"         data-popup-height=\"700\"         data-is-album=\"gallery\"         data-buttons-position=\"bottom\">      <div id=\"bwg_container2_0\">             <div id=\"ajax_loading_0\" class=\"bwg_loading_div_1\">      <div class=\"bwg_loading_div_2\">        <div class=\"bwg_loading_div_3\">          <div id=\"loading_div_0\" class=\"bwg_spider_ajax_loading\">          <\/div>        <\/div>      <\/div>    <\/div>            <form id=\"gal_front_form_0\"              class=\"bwg-hidden\"              method=\"post\"              action=\"#\"              data-current=\"0\"              data-shortcode-id=\"342\"              data-gallery-type=\"thumbnails\"              data-gallery-id=\"167\"              data-tag=\"0\"              data-album-id=\"0\"              data-theme-id=\"1\"              data-ajax-url=\"https:\/\/www.georgsorden.eu\/wp-admin\/admin-ajax.php?action=bwg_frontend_data\">          <div id=\"bwg_container3_0\" class=\"bwg-background bwg-background-0\">                <div data-max-count=\"5\"         data-thumbnail-width=\"250\"         data-bwg=\"0\"         data-gallery-id=\"167\"         data-lightbox-url=\"https:\/\/www.georgsorden.eu\/wp-admin\/admin-ajax.php?action=GalleryBox&amp;current_view=0&amp;gallery_id=167&amp;tag=0&amp;theme_id=1&amp;shortcode_id=342&amp;sort_by=alt&amp;order_by=asc&amp;current_url=%2Fde%2Fwp-json%2Fwp%2Fv2%2Fposts%2F15772\"         id=\"bwg_thumbnails_0\"         class=\"bwg-container-0 bwg-thumbnails bwg-standard-thumbnails bwg-container bwg-border-box\">            <div class=\"bwg-item\">        <a class=\"bwg-a  bwg_lightbox\"  data-image-id=\"7195\" href=\"https:\/\/www.georgsorden.eu\/wp-content\/uploads\/photo-gallery\/imported_from_media_libray\/Verleihung-2025-06-13-EC3A6429-web.jpg?bwg=1750758874\" data-elementor-open-lightbox=\"no\">                <div class=\"bwg-item0 \">          <div class=\"bwg-item1 \">            <div class=\"bwg-item2\">              <img decoding=\"async\" class=\"skip-lazy bwg_standart_thumb_img_0 \"                   data-id=\"7195\"                   data-width=\"500.00\"                   data-height=\"334.00\"                   data-src=\"https:\/\/www.georgsorden.eu\/wp-content\/uploads\/photo-gallery\/imported_from_media_libray\/thumb\/Verleihung-2025-06-13-EC3A6429-web.jpg?bwg=1750758874\"                   src=\"https:\/\/www.georgsorden.eu\/wp-content\/uploads\/photo-gallery\/imported_from_media_libray\/thumb\/Verleihung-2025-06-13-EC3A6429-web.jpg?bwg=1750758874\"                   alt=\"Verleihung-2025-06-13-001\"                   title=\"Verleihung-2025-06-13-001\" \/>            <\/div>            <div class=\"\">                                                      <\/div>          <\/div>        <\/div>                        <\/a>              <\/div>            <div class=\"bwg-item\">        <a class=\"bwg-a  bwg_lightbox\"  data-image-id=\"7194\" href=\"https:\/\/www.georgsorden.eu\/wp-content\/uploads\/photo-gallery\/imported_from_media_libray\/Verleihung-2025-06-13-EC3A6445-web.jpg?bwg=1750758874\" data-elementor-open-lightbox=\"no\">                <div class=\"bwg-item0 \">          <div class=\"bwg-item1 \">            <div class=\"bwg-item2\">              <img decoding=\"async\" class=\"skip-lazy bwg_standart_thumb_img_0 \"                   data-id=\"7194\"                   data-width=\"500.00\"                   data-height=\"334.00\"                   data-src=\"https:\/\/www.georgsorden.eu\/wp-content\/uploads\/photo-gallery\/imported_from_media_libray\/thumb\/Verleihung-2025-06-13-EC3A6445-web.jpg?bwg=1750758874\"                   src=\"https:\/\/www.georgsorden.eu\/wp-content\/uploads\/photo-gallery\/imported_from_media_libray\/thumb\/Verleihung-2025-06-13-EC3A6445-web.jpg?bwg=1750758874\"                   alt=\"Verleihung-2025-06-13-002\"                   title=\"Verleihung-2025-06-13-002\" \/>            <\/div>            <div class=\"\">                                                      <\/div>          <\/div>        <\/div>                        <\/a>              <\/div>            <div class=\"bwg-item\">        <a class=\"bwg-a  bwg_lightbox\"  data-image-id=\"7193\" href=\"https:\/\/www.georgsorden.eu\/wp-content\/uploads\/photo-gallery\/imported_from_media_libray\/Verleihung-2025-06-13-EC3A6718-web.jpg?bwg=1750758874\" data-elementor-open-lightbox=\"no\">                <div class=\"bwg-item0 \">          <div class=\"bwg-item1 \">            <div class=\"bwg-item2\">              <img decoding=\"async\" class=\"skip-lazy bwg_standart_thumb_img_0 \"                   data-id=\"7193\"                   data-width=\"500.00\"                   data-height=\"334.00\"                   data-src=\"https:\/\/www.georgsorden.eu\/wp-content\/uploads\/photo-gallery\/imported_from_media_libray\/thumb\/Verleihung-2025-06-13-EC3A6718-web.jpg?bwg=1750758874\"                   src=\"https:\/\/www.georgsorden.eu\/wp-content\/uploads\/photo-gallery\/imported_from_media_libray\/thumb\/Verleihung-2025-06-13-EC3A6718-web.jpg?bwg=1750758874\"                   alt=\"Verleihung-2025-06-13-010\"                   title=\"Verleihung-2025-06-13-010\" \/>            <\/div>            <div class=\"\">                                                      <\/div>          <\/div>        <\/div>                        <\/a>              <\/div>            <div class=\"bwg-item\">        <a class=\"bwg-a  bwg_lightbox\"  data-image-id=\"7192\" href=\"https:\/\/www.georgsorden.eu\/wp-content\/uploads\/photo-gallery\/imported_from_media_libray\/Verleihung-2025-06-13-EC3A6735-web.jpg?bwg=1750758874\" data-elementor-open-lightbox=\"no\">                <div class=\"bwg-item0 \">          <div class=\"bwg-item1 \">            <div class=\"bwg-item2\">              <img decoding=\"async\" class=\"skip-lazy bwg_standart_thumb_img_0 \"                   data-id=\"7192\"                   data-width=\"500.00\"                   data-height=\"334.00\"                   data-src=\"https:\/\/www.georgsorden.eu\/wp-content\/uploads\/photo-gallery\/imported_from_media_libray\/thumb\/Verleihung-2025-06-13-EC3A6735-web.jpg?bwg=1750758874\"                   src=\"https:\/\/www.georgsorden.eu\/wp-content\/uploads\/photo-gallery\/imported_from_media_libray\/thumb\/Verleihung-2025-06-13-EC3A6735-web.jpg?bwg=1750758874\"                   alt=\"Verleihung-2025-06-13-011\"                   title=\"Verleihung-2025-06-13-011\" \/>            <\/div>            <div class=\"\">                                                      <\/div>          <\/div>        <\/div>                        <\/a>              <\/div>            <div class=\"bwg-item\">        <a class=\"bwg-a  bwg_lightbox\"  data-image-id=\"7191\" href=\"https:\/\/www.georgsorden.eu\/wp-content\/uploads\/photo-gallery\/imported_from_media_libray\/Verleihung-2025-06-13-EC3A6855-web.jpg?bwg=1750758874\" data-elementor-open-lightbox=\"no\">                <div class=\"bwg-item0 \">          <div class=\"bwg-item1 \">            <div class=\"bwg-item2\">              <img decoding=\"async\" class=\"skip-lazy bwg_standart_thumb_img_0 \"                   data-id=\"7191\"                   data-width=\"500.00\"                   data-height=\"334.00\"                   data-src=\"https:\/\/www.georgsorden.eu\/wp-content\/uploads\/photo-gallery\/imported_from_media_libray\/thumb\/Verleihung-2025-06-13-EC3A6855-web.jpg?bwg=1750758874\"                   src=\"https:\/\/www.georgsorden.eu\/wp-content\/uploads\/photo-gallery\/imported_from_media_libray\/thumb\/Verleihung-2025-06-13-EC3A6855-web.jpg?bwg=1750758874\"                   alt=\"Verleihung-2025-06-13-012\"                   title=\"Verleihung-2025-06-13-012\" \/>            <\/div>            <div class=\"\">                                                      <\/div>          <\/div>        <\/div>                        <\/a>              <\/div>            <div class=\"bwg-item\">        <a class=\"bwg-a  bwg_lightbox\"  data-image-id=\"7219\" href=\"https:\/\/www.georgsorden.eu\/wp-content\/uploads\/photo-gallery\/imported_from_media_libray\/Verleihung-2025-06-13-15.33.46.jpg?bwg=1750759559\" data-elementor-open-lightbox=\"no\">                <div class=\"bwg-item0 \">          <div class=\"bwg-item1 \">            <div class=\"bwg-item2\">              <img decoding=\"async\" class=\"skip-lazy bwg_standart_thumb_img_0 \"                   data-id=\"7219\"                   data-width=\"375.00\"                   data-height=\"500.00\"                   data-src=\"https:\/\/www.georgsorden.eu\/wp-content\/uploads\/photo-gallery\/imported_from_media_libray\/thumb\/Verleihung-2025-06-13-15.33.46.jpg?bwg=1750759559\"                   src=\"https:\/\/www.georgsorden.eu\/wp-content\/uploads\/photo-gallery\/imported_from_media_libray\/thumb\/Verleihung-2025-06-13-15.33.46.jpg?bwg=1750759559\"                   alt=\"Verleihung-2025-06-13-013\"                   title=\"Verleihung-2025-06-13-013\" \/>            <\/div>            <div class=\"\">                                                      <\/div>          <\/div>        <\/div>                        <\/a>              <\/div>            <div class=\"bwg-item\">        <a class=\"bwg-a  bwg_lightbox\"  data-image-id=\"7218\" href=\"https:\/\/www.georgsorden.eu\/wp-content\/uploads\/photo-gallery\/imported_from_media_libray\/Verleihung-2025-06-13-15.45.10.jpg?bwg=1750759559\" data-elementor-open-lightbox=\"no\">                <div class=\"bwg-item0 \">          <div class=\"bwg-item1 \">            <div class=\"bwg-item2\">              <img decoding=\"async\" class=\"skip-lazy bwg_standart_thumb_img_0 \"                   data-id=\"7218\"                   data-width=\"375.00\"                   data-height=\"500.00\"                   data-src=\"https:\/\/www.georgsorden.eu\/wp-content\/uploads\/photo-gallery\/imported_from_media_libray\/thumb\/Verleihung-2025-06-13-15.45.10.jpg?bwg=1750759559\"                   src=\"https:\/\/www.georgsorden.eu\/wp-content\/uploads\/photo-gallery\/imported_from_media_libray\/thumb\/Verleihung-2025-06-13-15.45.10.jpg?bwg=1750759559\"                   alt=\"Verleihung-2025-06-13-014\"                   title=\"Verleihung-2025-06-13-014\" \/>            <\/div>            <div class=\"\">                                                      <\/div>          <\/div>        <\/div>                        <\/a>              <\/div>            <div class=\"bwg-item\">        <a class=\"bwg-a  bwg_lightbox\"  data-image-id=\"7190\" href=\"https:\/\/www.georgsorden.eu\/wp-content\/uploads\/photo-gallery\/imported_from_media_libray\/Verleihung-2025-06-13-EC3A6865-web.jpg?bwg=1750758874\" data-elementor-open-lightbox=\"no\">                <div class=\"bwg-item0 \">          <div class=\"bwg-item1 \">            <div class=\"bwg-item2\">              <img decoding=\"async\" class=\"skip-lazy bwg_standart_thumb_img_0 \"                   data-id=\"7190\"                   data-width=\"500.00\"                   data-height=\"334.00\"                   data-src=\"https:\/\/www.georgsorden.eu\/wp-content\/uploads\/photo-gallery\/imported_from_media_libray\/thumb\/Verleihung-2025-06-13-EC3A6865-web.jpg?bwg=1750758874\"                   src=\"https:\/\/www.georgsorden.eu\/wp-content\/uploads\/photo-gallery\/imported_from_media_libray\/thumb\/Verleihung-2025-06-13-EC3A6865-web.jpg?bwg=1750758874\"                   alt=\"Verleihung-2025-06-13-020\"                   title=\"Verleihung-2025-06-13-020\" \/>            <\/div>            <div class=\"\">                                                      <\/div>          <\/div>        <\/div>                        <\/a>              <\/div>            <div class=\"bwg-item\">        <a class=\"bwg-a  bwg_lightbox\"  data-image-id=\"7189\" href=\"https:\/\/www.georgsorden.eu\/wp-content\/uploads\/photo-gallery\/imported_from_media_libray\/Verleihung-2025-06-13-EC3A6871-web.jpg?bwg=1750758874\" data-elementor-open-lightbox=\"no\">                <div class=\"bwg-item0 \">          <div class=\"bwg-item1 \">            <div class=\"bwg-item2\">              <img decoding=\"async\" class=\"skip-lazy bwg_standart_thumb_img_0 \"                   data-id=\"7189\"                   data-width=\"500.00\"                   data-height=\"334.00\"                   data-src=\"https:\/\/www.georgsorden.eu\/wp-content\/uploads\/photo-gallery\/imported_from_media_libray\/thumb\/Verleihung-2025-06-13-EC3A6871-web.jpg?bwg=1750758874\"                   src=\"https:\/\/www.georgsorden.eu\/wp-content\/uploads\/photo-gallery\/imported_from_media_libray\/thumb\/Verleihung-2025-06-13-EC3A6871-web.jpg?bwg=1750758874\"                   alt=\"Verleihung-2025-06-13-021\"                   title=\"Verleihung-2025-06-13-021\" \/>            <\/div>            <div class=\"\">                                                      <\/div>          <\/div>        <\/div>                        <\/a>              <\/div>            <div class=\"bwg-item\">        <a class=\"bwg-a  bwg_lightbox\"  data-image-id=\"7188\" href=\"https:\/\/www.georgsorden.eu\/wp-content\/uploads\/photo-gallery\/imported_from_media_libray\/Verleihung-2025-06-13-EC3A6892-web.jpg?bwg=1750758874\" data-elementor-open-lightbox=\"no\">                <div class=\"bwg-item0 \">          <div class=\"bwg-item1 \">            <div class=\"bwg-item2\">              <img decoding=\"async\" class=\"skip-lazy bwg_standart_thumb_img_0 \"                   data-id=\"7188\"                   data-width=\"500.00\"                   data-height=\"334.00\"                   data-src=\"https:\/\/www.georgsorden.eu\/wp-content\/uploads\/photo-gallery\/imported_from_media_libray\/thumb\/Verleihung-2025-06-13-EC3A6892-web.jpg?bwg=1750758874\"                   src=\"https:\/\/www.georgsorden.eu\/wp-content\/uploads\/photo-gallery\/imported_from_media_libray\/thumb\/Verleihung-2025-06-13-EC3A6892-web.jpg?bwg=1750758874\"                   alt=\"Verleihung-2025-06-13-030\"                   title=\"Verleihung-2025-06-13-030\" \/>            <\/div>            <div class=\"\">                                                      <\/div>          <\/div>        <\/div>                        <\/a>              <\/div>            <div class=\"bwg-item\">        <a class=\"bwg-a  bwg_lightbox\"  data-image-id=\"7187\" href=\"https:\/\/www.georgsorden.eu\/wp-content\/uploads\/photo-gallery\/imported_from_media_libray\/Verleihung-2025-06-13-EC3A6903-web.jpg?bwg=1750758874\" data-elementor-open-lightbox=\"no\">                <div class=\"bwg-item0 \">          <div class=\"bwg-item1 \">            <div class=\"bwg-item2\">              <img decoding=\"async\" class=\"skip-lazy bwg_standart_thumb_img_0 \"                   data-id=\"7187\"                   data-width=\"500.00\"                   data-height=\"334.00\"                   data-src=\"https:\/\/www.georgsorden.eu\/wp-content\/uploads\/photo-gallery\/imported_from_media_libray\/thumb\/Verleihung-2025-06-13-EC3A6903-web.jpg?bwg=1750758874\"                   src=\"https:\/\/www.georgsorden.eu\/wp-content\/uploads\/photo-gallery\/imported_from_media_libray\/thumb\/Verleihung-2025-06-13-EC3A6903-web.jpg?bwg=1750758874\"                   alt=\"Verleihung-2025-06-13-031\"                   title=\"Verleihung-2025-06-13-031\" \/>            <\/div>            <div class=\"\">                                                      <\/div>          <\/div>        <\/div>                        <\/a>              <\/div>            <div class=\"bwg-item\">        <a class=\"bwg-a  bwg_lightbox\"  data-image-id=\"7186\" href=\"https:\/\/www.georgsorden.eu\/wp-content\/uploads\/photo-gallery\/imported_from_media_libray\/Verleihung-2025-06-13-EC3A7069-web.jpg?bwg=1750758874\" data-elementor-open-lightbox=\"no\">                <div class=\"bwg-item0 \">          <div class=\"bwg-item1 \">            <div class=\"bwg-item2\">              <img decoding=\"async\" class=\"skip-lazy bwg_standart_thumb_img_0 \"                   data-id=\"7186\"                   data-width=\"500.00\"                   data-height=\"334.00\"                   data-src=\"https:\/\/www.georgsorden.eu\/wp-content\/uploads\/photo-gallery\/imported_from_media_libray\/thumb\/Verleihung-2025-06-13-EC3A7069-web.jpg?bwg=1750758874\"                   src=\"https:\/\/www.georgsorden.eu\/wp-content\/uploads\/photo-gallery\/imported_from_media_libray\/thumb\/Verleihung-2025-06-13-EC3A7069-web.jpg?bwg=1750758874\"                   alt=\"Verleihung-2025-06-13-032\"                   title=\"Verleihung-2025-06-13-032\" \/>            <\/div>            <div class=\"\">                                                      <\/div>          <\/div>        <\/div>                        <\/a>              <\/div>            <div class=\"bwg-item\">        <a class=\"bwg-a  bwg_lightbox\"  data-image-id=\"7185\" href=\"https:\/\/www.georgsorden.eu\/wp-content\/uploads\/photo-gallery\/imported_from_media_libray\/Verleihung-2025-06-13-EC3A7237-web.jpg?bwg=1750758874\" data-elementor-open-lightbox=\"no\">                <div class=\"bwg-item0 \">          <div class=\"bwg-item1 \">            <div class=\"bwg-item2\">              <img decoding=\"async\" class=\"skip-lazy bwg_standart_thumb_img_0 \"                   data-id=\"7185\"                   data-width=\"500.00\"                   data-height=\"334.00\"                   data-src=\"https:\/\/www.georgsorden.eu\/wp-content\/uploads\/photo-gallery\/imported_from_media_libray\/thumb\/Verleihung-2025-06-13-EC3A7237-web.jpg?bwg=1750758874\"                   src=\"https:\/\/www.georgsorden.eu\/wp-content\/uploads\/photo-gallery\/imported_from_media_libray\/thumb\/Verleihung-2025-06-13-EC3A7237-web.jpg?bwg=1750758874\"                   alt=\"Verleihung-2025-06-13-033\"                   title=\"Verleihung-2025-06-13-033\" \/>            <\/div>            <div class=\"\">                                                      <\/div>          <\/div>        <\/div>                        <\/a>              <\/div>            <div class=\"bwg-item\">        <a class=\"bwg-a  bwg_lightbox\"  data-image-id=\"7184\" href=\"https:\/\/www.georgsorden.eu\/wp-content\/uploads\/photo-gallery\/imported_from_media_libray\/Verleihung-2025-06-13-EC3A7244-web.jpg?bwg=1750758874\" data-elementor-open-lightbox=\"no\">                <div class=\"bwg-item0 \">          <div class=\"bwg-item1 \">            <div class=\"bwg-item2\">              <img decoding=\"async\" class=\"skip-lazy bwg_standart_thumb_img_0 \"                   data-id=\"7184\"                   data-width=\"500.00\"                   data-height=\"334.00\"                   data-src=\"https:\/\/www.georgsorden.eu\/wp-content\/uploads\/photo-gallery\/imported_from_media_libray\/thumb\/Verleihung-2025-06-13-EC3A7244-web.jpg?bwg=1750758874\"                   src=\"https:\/\/www.georgsorden.eu\/wp-content\/uploads\/photo-gallery\/imported_from_media_libray\/thumb\/Verleihung-2025-06-13-EC3A7244-web.jpg?bwg=1750758874\"                   alt=\"Verleihung-2025-06-13-034\"                   title=\"Verleihung-2025-06-13-034\" \/>            <\/div>            <div class=\"\">                                                      <\/div>          <\/div>        <\/div>                        <\/a>              <\/div>            <div class=\"bwg-item\">        <a class=\"bwg-a  bwg_lightbox\"  data-image-id=\"7183\" href=\"https:\/\/www.georgsorden.eu\/wp-content\/uploads\/photo-gallery\/imported_from_media_libray\/Verleihung-2025-06-13-EC3A7346-web.jpg?bwg=1750758874\" data-elementor-open-lightbox=\"no\">                <div class=\"bwg-item0 \">          <div class=\"bwg-item1 \">            <div class=\"bwg-item2\">              <img decoding=\"async\" class=\"skip-lazy bwg_standart_thumb_img_0 \"                   data-id=\"7183\"                   data-width=\"500.00\"                   data-height=\"334.00\"                   data-src=\"https:\/\/www.georgsorden.eu\/wp-content\/uploads\/photo-gallery\/imported_from_media_libray\/thumb\/Verleihung-2025-06-13-EC3A7346-web.jpg?bwg=1750758874\"                   src=\"https:\/\/www.georgsorden.eu\/wp-content\/uploads\/photo-gallery\/imported_from_media_libray\/thumb\/Verleihung-2025-06-13-EC3A7346-web.jpg?bwg=1750758874\"                   alt=\"Verleihung-2025-06-13-035\"                   title=\"Verleihung-2025-06-13-035\" \/>            <\/div>            <div class=\"\">                                                      <\/div>          <\/div>        <\/div>                        <\/a>              <\/div>            <div class=\"bwg-item\">        <a class=\"bwg-a  bwg_lightbox\"  data-image-id=\"7182\" href=\"https:\/\/www.georgsorden.eu\/wp-content\/uploads\/photo-gallery\/imported_from_media_libray\/Verleihung-2025-06-13-RR3A6483-web.jpg?bwg=1750758874\" data-elementor-open-lightbox=\"no\">                <div class=\"bwg-item0 \">          <div class=\"bwg-item1 \">            <div class=\"bwg-item2\">              <img decoding=\"async\" class=\"skip-lazy bwg_standart_thumb_img_0 \"                   data-id=\"7182\"                   data-width=\"500.00\"                   data-height=\"334.00\"                   data-src=\"https:\/\/www.georgsorden.eu\/wp-content\/uploads\/photo-gallery\/imported_from_media_libray\/thumb\/Verleihung-2025-06-13-RR3A6483-web.jpg?bwg=1750758874\"                   src=\"https:\/\/www.georgsorden.eu\/wp-content\/uploads\/photo-gallery\/imported_from_media_libray\/thumb\/Verleihung-2025-06-13-RR3A6483-web.jpg?bwg=1750758874\"                   alt=\"Verleihung-2025-06-13-040\"                   title=\"Verleihung-2025-06-13-040\" \/>            <\/div>            <div class=\"\">                                                      <\/div>          <\/div>        <\/div>                        <\/a>              <\/div>            <div class=\"bwg-item\">        <a class=\"bwg-a  bwg_lightbox\"  data-image-id=\"7181\" href=\"https:\/\/www.georgsorden.eu\/wp-content\/uploads\/photo-gallery\/imported_from_media_libray\/Verleihung-2025-06-13-RR3A6506-web.jpg?bwg=1750758874\" data-elementor-open-lightbox=\"no\">                <div class=\"bwg-item0 \">          <div class=\"bwg-item1 \">            <div class=\"bwg-item2\">              <img decoding=\"async\" class=\"skip-lazy bwg_standart_thumb_img_0 \"                   data-id=\"7181\"                   data-width=\"500.00\"                   data-height=\"334.00\"                   data-src=\"https:\/\/www.georgsorden.eu\/wp-content\/uploads\/photo-gallery\/imported_from_media_libray\/thumb\/Verleihung-2025-06-13-RR3A6506-web.jpg?bwg=1750758874\"                   src=\"https:\/\/www.georgsorden.eu\/wp-content\/uploads\/photo-gallery\/imported_from_media_libray\/thumb\/Verleihung-2025-06-13-RR3A6506-web.jpg?bwg=1750758874\"                   alt=\"Verleihung-2025-06-13-041\"                   title=\"Verleihung-2025-06-13-041\" \/>            <\/div>            <div class=\"\">                                                      <\/div>          <\/div>        <\/div>                        <\/a>              <\/div>            <div class=\"bwg-item\">        <a class=\"bwg-a  bwg_lightbox\"  data-image-id=\"7180\" href=\"https:\/\/www.georgsorden.eu\/wp-content\/uploads\/photo-gallery\/imported_from_media_libray\/Verleihung-2025-06-13-RR3A6512-web.jpg?bwg=1750758874\" data-elementor-open-lightbox=\"no\">                <div class=\"bwg-item0 \">          <div class=\"bwg-item1 \">            <div class=\"bwg-item2\">              <img decoding=\"async\" class=\"skip-lazy bwg_standart_thumb_img_0 \"                   data-id=\"7180\"                   data-width=\"500.00\"                   data-height=\"334.00\"                   data-src=\"https:\/\/www.georgsorden.eu\/wp-content\/uploads\/photo-gallery\/imported_from_media_libray\/thumb\/Verleihung-2025-06-13-RR3A6512-web.jpg?bwg=1750758874\"                   src=\"https:\/\/www.georgsorden.eu\/wp-content\/uploads\/photo-gallery\/imported_from_media_libray\/thumb\/Verleihung-2025-06-13-RR3A6512-web.jpg?bwg=1750758874\"                   alt=\"Verleihung-2025-06-13-042\"                   title=\"Verleihung-2025-06-13-042\" \/>            <\/div>            <div class=\"\">                                                      <\/div>          <\/div>        <\/div>                        <\/a>              <\/div>            <div class=\"bwg-item\">        <a class=\"bwg-a  bwg_lightbox\"  data-image-id=\"7217\" href=\"https:\/\/www.georgsorden.eu\/wp-content\/uploads\/photo-gallery\/imported_from_media_libray\/Verleihung-2025-06-13-15.45.24.jpg?bwg=1750759559\" data-elementor-open-lightbox=\"no\">                <div class=\"bwg-item0 \">          <div class=\"bwg-item1 \">            <div class=\"bwg-item2\">              <img decoding=\"async\" class=\"skip-lazy bwg_standart_thumb_img_0 \"                   data-id=\"7217\"                   data-width=\"375.00\"                   data-height=\"500.00\"                   data-src=\"https:\/\/www.georgsorden.eu\/wp-content\/uploads\/photo-gallery\/imported_from_media_libray\/thumb\/Verleihung-2025-06-13-15.45.24.jpg?bwg=1750759559\"                   src=\"https:\/\/www.georgsorden.eu\/wp-content\/uploads\/photo-gallery\/imported_from_media_libray\/thumb\/Verleihung-2025-06-13-15.45.24.jpg?bwg=1750759559\"                   alt=\"Verleihung-2025-06-13-042a\"                   title=\"Verleihung-2025-06-13-042a\" \/>            <\/div>            <div class=\"\">                                                      <\/div>          <\/div>        <\/div>                        <\/a>              <\/div>            <div class=\"bwg-item\">        <a class=\"bwg-a  bwg_lightbox\"  data-image-id=\"7179\" href=\"https:\/\/www.georgsorden.eu\/wp-content\/uploads\/photo-gallery\/imported_from_media_libray\/Verleihung-2025-06-13-RR3A6530-web.jpg?bwg=1750758874\" data-elementor-open-lightbox=\"no\">                <div class=\"bwg-item0 \">          <div class=\"bwg-item1 \">            <div class=\"bwg-item2\">              <img decoding=\"async\" class=\"skip-lazy bwg_standart_thumb_img_0 \"                   data-id=\"7179\"                   data-width=\"500.00\"                   data-height=\"334.00\"                   data-src=\"https:\/\/www.georgsorden.eu\/wp-content\/uploads\/photo-gallery\/imported_from_media_libray\/thumb\/Verleihung-2025-06-13-RR3A6530-web.jpg?bwg=1750758874\"                   src=\"https:\/\/www.georgsorden.eu\/wp-content\/uploads\/photo-gallery\/imported_from_media_libray\/thumb\/Verleihung-2025-06-13-RR3A6530-web.jpg?bwg=1750758874\"                   alt=\"Verleihung-2025-06-13-043\"                   title=\"Verleihung-2025-06-13-043\" \/>            <\/div>            <div class=\"\">                                                      <\/div>          <\/div>        <\/div>                        <\/a>              <\/div>            <div class=\"bwg-item\">        <a class=\"bwg-a  bwg_lightbox\"  data-image-id=\"7178\" href=\"https:\/\/www.georgsorden.eu\/wp-content\/uploads\/photo-gallery\/imported_from_media_libray\/Verleihung-2025-06-13-RR3A6542-web.jpg?bwg=1750758874\" data-elementor-open-lightbox=\"no\">                <div class=\"bwg-item0 \">          <div class=\"bwg-item1 \">            <div class=\"bwg-item2\">              <img decoding=\"async\" class=\"skip-lazy bwg_standart_thumb_img_0 \"                   data-id=\"7178\"                   data-width=\"500.00\"                   data-height=\"334.00\"                   data-src=\"https:\/\/www.georgsorden.eu\/wp-content\/uploads\/photo-gallery\/imported_from_media_libray\/thumb\/Verleihung-2025-06-13-RR3A6542-web.jpg?bwg=1750758874\"                   src=\"https:\/\/www.georgsorden.eu\/wp-content\/uploads\/photo-gallery\/imported_from_media_libray\/thumb\/Verleihung-2025-06-13-RR3A6542-web.jpg?bwg=1750758874\"                   alt=\"Verleihung-2025-06-13-044\"                   title=\"Verleihung-2025-06-13-044\" \/>            <\/div>            <div class=\"\">                                                      <\/div>          <\/div>        <\/div>                        <\/a>              <\/div>            <div class=\"bwg-item\">        <a class=\"bwg-a  bwg_lightbox\"  data-image-id=\"7177\" href=\"https:\/\/www.georgsorden.eu\/wp-content\/uploads\/photo-gallery\/imported_from_media_libray\/Verleihung-2025-06-13-RR3A6555-web.jpg?bwg=1750758874\" data-elementor-open-lightbox=\"no\">                <div class=\"bwg-item0 \">          <div class=\"bwg-item1 \">            <div class=\"bwg-item2\">              <img decoding=\"async\" class=\"skip-lazy bwg_standart_thumb_img_0 \"                   data-id=\"7177\"                   data-width=\"500.00\"                   data-height=\"334.00\"                   data-src=\"https:\/\/www.georgsorden.eu\/wp-content\/uploads\/photo-gallery\/imported_from_media_libray\/thumb\/Verleihung-2025-06-13-RR3A6555-web.jpg?bwg=1750758874\"                   src=\"https:\/\/www.georgsorden.eu\/wp-content\/uploads\/photo-gallery\/imported_from_media_libray\/thumb\/Verleihung-2025-06-13-RR3A6555-web.jpg?bwg=1750758874\"                   alt=\"Verleihung-2025-06-13-045\"                   title=\"Verleihung-2025-06-13-045\" \/>            <\/div>            <div class=\"\">                                                      <\/div>          <\/div>        <\/div>                        <\/a>              <\/div>            <div class=\"bwg-item\">        <a class=\"bwg-a  bwg_lightbox\"  data-image-id=\"7200\" href=\"https:\/\/www.georgsorden.eu\/wp-content\/uploads\/photo-gallery\/imported_from_media_libray\/Verleihung-2025-06-13-Urkunde-web.jpg?bwg=1750759380\" data-elementor-open-lightbox=\"no\">                <div class=\"bwg-item0 \">          <div class=\"bwg-item1 \">            <div class=\"bwg-item2\">              <img decoding=\"async\" class=\"skip-lazy bwg_standart_thumb_img_0 \"                   data-id=\"7200\"                   data-width=\"500.00\"                   data-height=\"375.00\"                   data-src=\"https:\/\/www.georgsorden.eu\/wp-content\/uploads\/photo-gallery\/imported_from_media_libray\/thumb\/Verleihung-2025-06-13-Urkunde-web.jpg?bwg=1750759380\"                   src=\"https:\/\/www.georgsorden.eu\/wp-content\/uploads\/photo-gallery\/imported_from_media_libray\/thumb\/Verleihung-2025-06-13-Urkunde-web.jpg?bwg=1750759380\"                   alt=\"Verleihung-2025-06-13-046\"                   title=\"Verleihung-2025-06-13-046\" \/>            <\/div>            <div class=\"\">                                                      <\/div>          <\/div>        <\/div>                        <\/a>              <\/div>            <div class=\"bwg-item\">        <a class=\"bwg-a  bwg_lightbox\"  data-image-id=\"7176\" href=\"https:\/\/www.georgsorden.eu\/wp-content\/uploads\/photo-gallery\/imported_from_media_libray\/Verleihung-2025-06-13-RR3A6752-web.jpg?bwg=1750758874\" data-elementor-open-lightbox=\"no\">                <div class=\"bwg-item0 \">          <div class=\"bwg-item1 \">            <div class=\"bwg-item2\">              <img decoding=\"async\" class=\"skip-lazy bwg_standart_thumb_img_0 \"                   data-id=\"7176\"                   data-width=\"500.00\"                   data-height=\"334.00\"                   data-src=\"https:\/\/www.georgsorden.eu\/wp-content\/uploads\/photo-gallery\/imported_from_media_libray\/thumb\/Verleihung-2025-06-13-RR3A6752-web.jpg?bwg=1750758874\"                   src=\"https:\/\/www.georgsorden.eu\/wp-content\/uploads\/photo-gallery\/imported_from_media_libray\/thumb\/Verleihung-2025-06-13-RR3A6752-web.jpg?bwg=1750758874\"                   alt=\"Verleihung-2025-06-13-060\"                   title=\"Verleihung-2025-06-13-060\" \/>            <\/div>            <div class=\"\">                                                      <\/div>          <\/div>        <\/div>                        <\/a>              <\/div>            <div class=\"bwg-item\">        <a class=\"bwg-a  bwg_lightbox\"  data-image-id=\"7175\" href=\"https:\/\/www.georgsorden.eu\/wp-content\/uploads\/photo-gallery\/imported_from_media_libray\/Verleihung-2025-06-13-RR3A6805-web.jpg?bwg=1750758874\" data-elementor-open-lightbox=\"no\">                <div class=\"bwg-item0 \">          <div class=\"bwg-item1 \">            <div class=\"bwg-item2\">              <img decoding=\"async\" class=\"skip-lazy bwg_standart_thumb_img_0 \"                   data-id=\"7175\"                   data-width=\"500.00\"                   data-height=\"334.00\"                   data-src=\"https:\/\/www.georgsorden.eu\/wp-content\/uploads\/photo-gallery\/imported_from_media_libray\/thumb\/Verleihung-2025-06-13-RR3A6805-web.jpg?bwg=1750758874\"                   src=\"https:\/\/www.georgsorden.eu\/wp-content\/uploads\/photo-gallery\/imported_from_media_libray\/thumb\/Verleihung-2025-06-13-RR3A6805-web.jpg?bwg=1750758874\"                   alt=\"Verleihung-2025-06-13-061\"                   title=\"Verleihung-2025-06-13-061\" \/>            <\/div>            <div class=\"\">                                                      <\/div>          <\/div>        <\/div>                        <\/a>              <\/div>            <div class=\"bwg-item\">        <a class=\"bwg-a  bwg_lightbox\"  data-image-id=\"7174\" href=\"https:\/\/www.georgsorden.eu\/wp-content\/uploads\/photo-gallery\/imported_from_media_libray\/Verleihung-2025-06-13-RR3A6848-web.jpg?bwg=1750758874\" data-elementor-open-lightbox=\"no\">                <div class=\"bwg-item0 \">          <div class=\"bwg-item1 \">            <div class=\"bwg-item2\">              <img decoding=\"async\" class=\"skip-lazy bwg_standart_thumb_img_0 \"                   data-id=\"7174\"                   data-width=\"500.00\"                   data-height=\"375.00\"                   data-src=\"https:\/\/www.georgsorden.eu\/wp-content\/uploads\/photo-gallery\/imported_from_media_libray\/thumb\/Verleihung-2025-06-13-RR3A6848-web.jpg?bwg=1750758874\"                   src=\"https:\/\/www.georgsorden.eu\/wp-content\/uploads\/photo-gallery\/imported_from_media_libray\/thumb\/Verleihung-2025-06-13-RR3A6848-web.jpg?bwg=1750758874\"                   alt=\"Verleihung-2025-06-13-065\"                   title=\"Verleihung-2025-06-13-065\" \/>            <\/div>            <div class=\"\">                                                      <\/div>          <\/div>        <\/div>                        <\/a>              <\/div>            <div class=\"bwg-item\">        <a class=\"bwg-a  bwg_lightbox\"  data-image-id=\"7197\" href=\"https:\/\/www.georgsorden.eu\/wp-content\/uploads\/photo-gallery\/imported_from_media_libray\/Verleihung-2025-06-13-RR3A6859-web.jpg?bwg=1750758874\" data-elementor-open-lightbox=\"no\">                <div class=\"bwg-item0 \">          <div class=\"bwg-item1 \">            <div class=\"bwg-item2\">              <img decoding=\"async\" class=\"skip-lazy bwg_standart_thumb_img_0 \"                   data-id=\"7197\"                   data-width=\"500.00\"                   data-height=\"334.00\"                   data-src=\"https:\/\/www.georgsorden.eu\/wp-content\/uploads\/photo-gallery\/imported_from_media_libray\/thumb\/Verleihung-2025-06-13-RR3A6859-web.jpg?bwg=1750758874\"                   src=\"https:\/\/www.georgsorden.eu\/wp-content\/uploads\/photo-gallery\/imported_from_media_libray\/thumb\/Verleihung-2025-06-13-RR3A6859-web.jpg?bwg=1750758874\"                   alt=\"Verleihung-2025-06-13-066\"                   title=\"Verleihung-2025-06-13-066\" \/>            <\/div>            <div class=\"\">                                                      <\/div>          <\/div>        <\/div>                        <\/a>              <\/div>            <div class=\"bwg-item\">        <a class=\"bwg-a  bwg_lightbox\"  data-image-id=\"7199\" href=\"https:\/\/www.georgsorden.eu\/wp-content\/uploads\/photo-gallery\/imported_from_media_libray\/Verleihung-2025-06-13-_162448.jpg?bwg=1750758874\" data-elementor-open-lightbox=\"no\">                <div class=\"bwg-item0 \">          <div class=\"bwg-item1 \">            <div class=\"bwg-item2\">              <img decoding=\"async\" class=\"skip-lazy bwg_standart_thumb_img_0 \"                   data-id=\"7199\"                   data-width=\"500.00\"                   data-height=\"375.00\"                   data-src=\"https:\/\/www.georgsorden.eu\/wp-content\/uploads\/photo-gallery\/imported_from_media_libray\/thumb\/Verleihung-2025-06-13-_162448.jpg?bwg=1750758874\"                   src=\"https:\/\/www.georgsorden.eu\/wp-content\/uploads\/photo-gallery\/imported_from_media_libray\/thumb\/Verleihung-2025-06-13-_162448.jpg?bwg=1750758874\"                   alt=\"Verleihung-2025-06-13-067\"                   title=\"Verleihung-2025-06-13-067\" \/>            <\/div>            <div class=\"\">                                                      <\/div>          <\/div>        <\/div>                        <\/a>              <\/div>            <div class=\"bwg-item\">        <a class=\"bwg-a  bwg_lightbox\"  data-image-id=\"7198\" href=\"https:\/\/www.georgsorden.eu\/wp-content\/uploads\/photo-gallery\/imported_from_media_libray\/Verleihung-2025-06-13-_161442.jpg?bwg=1750758874\" data-elementor-open-lightbox=\"no\">                <div class=\"bwg-item0 \">          <div class=\"bwg-item1 \">            <div class=\"bwg-item2\">              <img decoding=\"async\" class=\"skip-lazy bwg_standart_thumb_img_0 \"                   data-id=\"7198\"                   data-width=\"500.00\"                   data-height=\"375.00\"                   data-src=\"https:\/\/www.georgsorden.eu\/wp-content\/uploads\/photo-gallery\/imported_from_media_libray\/thumb\/Verleihung-2025-06-13-_161442.jpg?bwg=1750758874\"                   src=\"https:\/\/www.georgsorden.eu\/wp-content\/uploads\/photo-gallery\/imported_from_media_libray\/thumb\/Verleihung-2025-06-13-_161442.jpg?bwg=1750758874\"                   alt=\"Verleihung-2025-06-13-068\"                   title=\"Verleihung-2025-06-13-068\" \/>            <\/div>            <div class=\"\">                                                      <\/div>          <\/div>        <\/div>                        <\/a>              <\/div>            <div class=\"bwg-item\">        <a class=\"bwg-a  bwg_lightbox\"  data-image-id=\"7173\" href=\"https:\/\/www.georgsorden.eu\/wp-content\/uploads\/photo-gallery\/imported_from_media_libray\/Verleihung-2025-06-13-RR3A6855-web.jpg?bwg=1750758874\" data-elementor-open-lightbox=\"no\">                <div class=\"bwg-item0 \">          <div class=\"bwg-item1 \">            <div class=\"bwg-item2\">              <img decoding=\"async\" class=\"skip-lazy bwg_standart_thumb_img_0 \"                   data-id=\"7173\"                   data-width=\"500.00\"                   data-height=\"334.00\"                   data-src=\"https:\/\/www.georgsorden.eu\/wp-content\/uploads\/photo-gallery\/imported_from_media_libray\/thumb\/Verleihung-2025-06-13-RR3A6855-web.jpg?bwg=1750758874\"                   src=\"https:\/\/www.georgsorden.eu\/wp-content\/uploads\/photo-gallery\/imported_from_media_libray\/thumb\/Verleihung-2025-06-13-RR3A6855-web.jpg?bwg=1750758874\"                   alt=\"Verleihung-2025-06-13-100\"                   title=\"Verleihung-2025-06-13-100\" \/>            <\/div>            <div class=\"\">                                                      <\/div>          <\/div>        <\/div>                        <\/a>              <\/div>            <div class=\"bwg-item\">        <a class=\"bwg-a  bwg_lightbox\"  data-image-id=\"7216\" href=\"https:\/\/www.georgsorden.eu\/wp-content\/uploads\/photo-gallery\/imported_from_media_libray\/Verleihung-2025-06-13-17.14.11.jpg?bwg=1750759380\" data-elementor-open-lightbox=\"no\">                <div class=\"bwg-item0 \">          <div class=\"bwg-item1 \">            <div class=\"bwg-item2\">              <img decoding=\"async\" class=\"skip-lazy bwg_standart_thumb_img_0 \"                   data-id=\"7216\"                   data-width=\"375.00\"                   data-height=\"500.00\"                   data-src=\"https:\/\/www.georgsorden.eu\/wp-content\/uploads\/photo-gallery\/imported_from_media_libray\/thumb\/Verleihung-2025-06-13-17.14.11.jpg?bwg=1750759380\"                   src=\"https:\/\/www.georgsorden.eu\/wp-content\/uploads\/photo-gallery\/imported_from_media_libray\/thumb\/Verleihung-2025-06-13-17.14.11.jpg?bwg=1750759380\"                   alt=\"Verleihung-2025-06-13-200\"                   title=\"Verleihung-2025-06-13-200\" \/>            <\/div>            <div class=\"\">                                                      <\/div>          <\/div>        <\/div>                        <\/a>              <\/div>            <div class=\"bwg-item\">        <a class=\"bwg-a  bwg_lightbox\"  data-image-id=\"7215\" href=\"https:\/\/www.georgsorden.eu\/wp-content\/uploads\/photo-gallery\/imported_from_media_libray\/Verleihung-2025-06-13-17.16.56.jpg?bwg=1750759380\" data-elementor-open-lightbox=\"no\">                <div class=\"bwg-item0 \">          <div class=\"bwg-item1 \">            <div class=\"bwg-item2\">              <img decoding=\"async\" class=\"skip-lazy bwg_standart_thumb_img_0 \"                   data-id=\"7215\"                   data-width=\"375.00\"                   data-height=\"500.00\"                   data-src=\"https:\/\/www.georgsorden.eu\/wp-content\/uploads\/photo-gallery\/imported_from_media_libray\/thumb\/Verleihung-2025-06-13-17.16.56.jpg?bwg=1750759380\"                   src=\"https:\/\/www.georgsorden.eu\/wp-content\/uploads\/photo-gallery\/imported_from_media_libray\/thumb\/Verleihung-2025-06-13-17.16.56.jpg?bwg=1750759380\"                   alt=\"Verleihung-2025-06-13-201\"                   title=\"Verleihung-2025-06-13-201\" \/>            <\/div>            <div class=\"\">                                                      <\/div>          <\/div>        <\/div>                        <\/a>              <\/div>            <div class=\"bwg-item\">        <a class=\"bwg-a  bwg_lightbox\"  data-image-id=\"7214\" href=\"https:\/\/www.georgsorden.eu\/wp-content\/uploads\/photo-gallery\/imported_from_media_libray\/Verleihung-2025-06-13-17.17.41.jpg?bwg=1750759380\" data-elementor-open-lightbox=\"no\">                <div class=\"bwg-item0 \">          <div class=\"bwg-item1 \">            <div class=\"bwg-item2\">              <img decoding=\"async\" class=\"skip-lazy bwg_standart_thumb_img_0 \"                   data-id=\"7214\"                   data-width=\"375.00\"                   data-height=\"500.00\"                   data-src=\"https:\/\/www.georgsorden.eu\/wp-content\/uploads\/photo-gallery\/imported_from_media_libray\/thumb\/Verleihung-2025-06-13-17.17.41.jpg?bwg=1750759380\"                   src=\"https:\/\/www.georgsorden.eu\/wp-content\/uploads\/photo-gallery\/imported_from_media_libray\/thumb\/Verleihung-2025-06-13-17.17.41.jpg?bwg=1750759380\"                   alt=\"Verleihung-2025-06-13-202\"                   title=\"Verleihung-2025-06-13-202\" \/>            <\/div>            <div class=\"\">                                                      <\/div>          <\/div>        <\/div>                        <\/a>              <\/div>            <div class=\"bwg-item\">        <a class=\"bwg-a  bwg_lightbox\"  data-image-id=\"7213\" href=\"https:\/\/www.georgsorden.eu\/wp-content\/uploads\/photo-gallery\/imported_from_media_libray\/Verleihung-2025-06-13-18.48.57.jpg?bwg=1750759380\" data-elementor-open-lightbox=\"no\">                <div class=\"bwg-item0 \">          <div class=\"bwg-item1 \">            <div class=\"bwg-item2\">              <img decoding=\"async\" class=\"skip-lazy bwg_standart_thumb_img_0 \"                   data-id=\"7213\"                   data-width=\"500.00\"                   data-height=\"375.00\"                   data-src=\"https:\/\/www.georgsorden.eu\/wp-content\/uploads\/photo-gallery\/imported_from_media_libray\/thumb\/Verleihung-2025-06-13-18.48.57.jpg?bwg=1750759380\"                   src=\"https:\/\/www.georgsorden.eu\/wp-content\/uploads\/photo-gallery\/imported_from_media_libray\/thumb\/Verleihung-2025-06-13-18.48.57.jpg?bwg=1750759380\"                   alt=\"Verleihung-2025-06-13-203\"                   title=\"Verleihung-2025-06-13-203\" \/>            <\/div>            <div class=\"\">                                                      <\/div>          <\/div>        <\/div>                        <\/a>              <\/div>            <div class=\"bwg-item\">        <a class=\"bwg-a  bwg_lightbox\"  data-image-id=\"7212\" href=\"https:\/\/www.georgsorden.eu\/wp-content\/uploads\/photo-gallery\/imported_from_media_libray\/Verleihung-2025-06-13-18.49.45.jpg?bwg=1750759380\" data-elementor-open-lightbox=\"no\">                <div class=\"bwg-item0 \">          <div class=\"bwg-item1 \">            <div class=\"bwg-item2\">              <img decoding=\"async\" class=\"skip-lazy bwg_standart_thumb_img_0 \"                   data-id=\"7212\"                   data-width=\"500.00\"                   data-height=\"375.00\"                   data-src=\"https:\/\/www.georgsorden.eu\/wp-content\/uploads\/photo-gallery\/imported_from_media_libray\/thumb\/Verleihung-2025-06-13-18.49.45.jpg?bwg=1750759380\"                   src=\"https:\/\/www.georgsorden.eu\/wp-content\/uploads\/photo-gallery\/imported_from_media_libray\/thumb\/Verleihung-2025-06-13-18.49.45.jpg?bwg=1750759380\"                   alt=\"Verleihung-2025-06-13-204\"                   title=\"Verleihung-2025-06-13-204\" \/>            <\/div>            <div class=\"\">                                                      <\/div>          <\/div>        <\/div>                        <\/a>              <\/div>            <div class=\"bwg-item\">        <a class=\"bwg-a  bwg_lightbox\"  data-image-id=\"7211\" href=\"https:\/\/www.georgsorden.eu\/wp-content\/uploads\/photo-gallery\/imported_from_media_libray\/Verleihung-2025-06-13-18.49.52-1.jpg?bwg=1750759380\" data-elementor-open-lightbox=\"no\">                <div class=\"bwg-item0 \">          <div class=\"bwg-item1 \">            <div class=\"bwg-item2\">              <img decoding=\"async\" class=\"skip-lazy bwg_standart_thumb_img_0 \"                   data-id=\"7211\"                   data-width=\"375.00\"                   data-height=\"500.00\"                   data-src=\"https:\/\/www.georgsorden.eu\/wp-content\/uploads\/photo-gallery\/imported_from_media_libray\/thumb\/Verleihung-2025-06-13-18.49.52-1.jpg?bwg=1750759380\"                   src=\"https:\/\/www.georgsorden.eu\/wp-content\/uploads\/photo-gallery\/imported_from_media_libray\/thumb\/Verleihung-2025-06-13-18.49.52-1.jpg?bwg=1750759380\"                   alt=\"Verleihung-2025-06-13-205\"                   title=\"Verleihung-2025-06-13-205\" \/>            <\/div>            <div class=\"\">                                                      <\/div>          <\/div>        <\/div>                        <\/a>              <\/div>            <div class=\"bwg-item\">        <a class=\"bwg-a  bwg_lightbox\"  data-image-id=\"7210\" href=\"https:\/\/www.georgsorden.eu\/wp-content\/uploads\/photo-gallery\/imported_from_media_libray\/Verleihung-2025-06-13-18.51.19.jpg?bwg=1750759380\" data-elementor-open-lightbox=\"no\">                <div class=\"bwg-item0 \">          <div class=\"bwg-item1 \">            <div class=\"bwg-item2\">              <img decoding=\"async\" class=\"skip-lazy bwg_standart_thumb_img_0 \"                   data-id=\"7210\"                   data-width=\"375.00\"                   data-height=\"500.00\"                   data-src=\"https:\/\/www.georgsorden.eu\/wp-content\/uploads\/photo-gallery\/imported_from_media_libray\/thumb\/Verleihung-2025-06-13-18.51.19.jpg?bwg=1750759380\"                   src=\"https:\/\/www.georgsorden.eu\/wp-content\/uploads\/photo-gallery\/imported_from_media_libray\/thumb\/Verleihung-2025-06-13-18.51.19.jpg?bwg=1750759380\"                   alt=\"Verleihung-2025-06-13-206\"                   title=\"Verleihung-2025-06-13-206\" \/>            <\/div>            <div class=\"\">                                                      <\/div>          <\/div>        <\/div>                        <\/a>              <\/div>            <div class=\"bwg-item\">        <a class=\"bwg-a  bwg_lightbox\"  data-image-id=\"7209\" href=\"https:\/\/www.georgsorden.eu\/wp-content\/uploads\/photo-gallery\/imported_from_media_libray\/Verleihung-2025-06-13-18.51.57.jpg?bwg=1750759380\" data-elementor-open-lightbox=\"no\">                <div class=\"bwg-item0 \">          <div class=\"bwg-item1 \">            <div class=\"bwg-item2\">              <img decoding=\"async\" class=\"skip-lazy bwg_standart_thumb_img_0 \"                   data-id=\"7209\"                   data-width=\"375.00\"                   data-height=\"500.00\"                   data-src=\"https:\/\/www.georgsorden.eu\/wp-content\/uploads\/photo-gallery\/imported_from_media_libray\/thumb\/Verleihung-2025-06-13-18.51.57.jpg?bwg=1750759380\"                   src=\"https:\/\/www.georgsorden.eu\/wp-content\/uploads\/photo-gallery\/imported_from_media_libray\/thumb\/Verleihung-2025-06-13-18.51.57.jpg?bwg=1750759380\"                   alt=\"Verleihung-2025-06-13-207\"                   title=\"Verleihung-2025-06-13-207\" \/>            <\/div>            <div class=\"\">                                                      <\/div>          <\/div>        <\/div>                        <\/a>              <\/div>            <div class=\"bwg-item\">        <a class=\"bwg-a  bwg_lightbox\"  data-image-id=\"7208\" href=\"https:\/\/www.georgsorden.eu\/wp-content\/uploads\/photo-gallery\/imported_from_media_libray\/Verleihung-2025-06-13-18.52.19.jpg?bwg=1750759380\" data-elementor-open-lightbox=\"no\">                <div class=\"bwg-item0 \">          <div class=\"bwg-item1 \">            <div class=\"bwg-item2\">              <img decoding=\"async\" class=\"skip-lazy bwg_standart_thumb_img_0 \"                   data-id=\"7208\"                   data-width=\"500.00\"                   data-height=\"375.00\"                   data-src=\"https:\/\/www.georgsorden.eu\/wp-content\/uploads\/photo-gallery\/imported_from_media_libray\/thumb\/Verleihung-2025-06-13-18.52.19.jpg?bwg=1750759380\"                   src=\"https:\/\/www.georgsorden.eu\/wp-content\/uploads\/photo-gallery\/imported_from_media_libray\/thumb\/Verleihung-2025-06-13-18.52.19.jpg?bwg=1750759380\"                   alt=\"Verleihung-2025-06-13-208\"                   title=\"Verleihung-2025-06-13-208\" \/>            <\/div>            <div class=\"\">                                                      <\/div>          <\/div>        <\/div>                        <\/a>              <\/div>            <div class=\"bwg-item\">        <a class=\"bwg-a  bwg_lightbox\"  data-image-id=\"7207\" href=\"https:\/\/www.georgsorden.eu\/wp-content\/uploads\/photo-gallery\/imported_from_media_libray\/Verleihung-2025-06-13-18.53.09.jpg?bwg=1750759380\" data-elementor-open-lightbox=\"no\">                <div class=\"bwg-item0 \">          <div class=\"bwg-item1 \">            <div class=\"bwg-item2\">              <img decoding=\"async\" class=\"skip-lazy bwg_standart_thumb_img_0 \"                   data-id=\"7207\"                   data-width=\"375.00\"                   data-height=\"500.00\"                   data-src=\"https:\/\/www.georgsorden.eu\/wp-content\/uploads\/photo-gallery\/imported_from_media_libray\/thumb\/Verleihung-2025-06-13-18.53.09.jpg?bwg=1750759380\"                   src=\"https:\/\/www.georgsorden.eu\/wp-content\/uploads\/photo-gallery\/imported_from_media_libray\/thumb\/Verleihung-2025-06-13-18.53.09.jpg?bwg=1750759380\"                   alt=\"Verleihung-2025-06-13-209\"                   title=\"Verleihung-2025-06-13-209\" \/>            <\/div>            <div class=\"\">                                                      <\/div>          <\/div>        <\/div>                        <\/a>              <\/div>            <div class=\"bwg-item\">        <a class=\"bwg-a  bwg_lightbox\"  data-image-id=\"7206\" href=\"https:\/\/www.georgsorden.eu\/wp-content\/uploads\/photo-gallery\/imported_from_media_libray\/Verleihung-2025-06-13-18.53.39.jpg?bwg=1750759380\" data-elementor-open-lightbox=\"no\">                <div class=\"bwg-item0 \">          <div class=\"bwg-item1 \">            <div class=\"bwg-item2\">              <img decoding=\"async\" class=\"skip-lazy bwg_standart_thumb_img_0 \"                   data-id=\"7206\"                   data-width=\"500.00\"                   data-height=\"375.00\"                   data-src=\"https:\/\/www.georgsorden.eu\/wp-content\/uploads\/photo-gallery\/imported_from_media_libray\/thumb\/Verleihung-2025-06-13-18.53.39.jpg?bwg=1750759380\"                   src=\"https:\/\/www.georgsorden.eu\/wp-content\/uploads\/photo-gallery\/imported_from_media_libray\/thumb\/Verleihung-2025-06-13-18.53.39.jpg?bwg=1750759380\"                   alt=\"Verleihung-2025-06-13-210\"                   title=\"Verleihung-2025-06-13-210\" \/>            <\/div>            <div class=\"\">                                                      <\/div>          <\/div>        <\/div>                        <\/a>              <\/div>            <div class=\"bwg-item\">        <a class=\"bwg-a  bwg_lightbox\"  data-image-id=\"7205\" href=\"https:\/\/www.georgsorden.eu\/wp-content\/uploads\/photo-gallery\/imported_from_media_libray\/Verleihung-2025-06-13-18.53.45.jpg?bwg=1750759380\" data-elementor-open-lightbox=\"no\">                <div class=\"bwg-item0 \">          <div class=\"bwg-item1 \">            <div class=\"bwg-item2\">              <img decoding=\"async\" class=\"skip-lazy bwg_standart_thumb_img_0 \"                   data-id=\"7205\"                   data-width=\"375.00\"                   data-height=\"500.00\"                   data-src=\"https:\/\/www.georgsorden.eu\/wp-content\/uploads\/photo-gallery\/imported_from_media_libray\/thumb\/Verleihung-2025-06-13-18.53.45.jpg?bwg=1750759380\"                   src=\"https:\/\/www.georgsorden.eu\/wp-content\/uploads\/photo-gallery\/imported_from_media_libray\/thumb\/Verleihung-2025-06-13-18.53.45.jpg?bwg=1750759380\"                   alt=\"Verleihung-2025-06-13-211\"                   title=\"Verleihung-2025-06-13-211\" \/>            <\/div>            <div class=\"\">                                                      <\/div>          <\/div>        <\/div>                        <\/a>              <\/div>            <div class=\"bwg-item\">        <a class=\"bwg-a  bwg_lightbox\"  data-image-id=\"7204\" href=\"https:\/\/www.georgsorden.eu\/wp-content\/uploads\/photo-gallery\/imported_from_media_libray\/Verleihung-2025-06-13-18.55.14.jpg?bwg=1750759380\" data-elementor-open-lightbox=\"no\">                <div class=\"bwg-item0 \">          <div class=\"bwg-item1 \">            <div class=\"bwg-item2\">              <img decoding=\"async\" class=\"skip-lazy bwg_standart_thumb_img_0 \"                   data-id=\"7204\"                   data-width=\"375.00\"                   data-height=\"500.00\"                   data-src=\"https:\/\/www.georgsorden.eu\/wp-content\/uploads\/photo-gallery\/imported_from_media_libray\/thumb\/Verleihung-2025-06-13-18.55.14.jpg?bwg=1750759380\"                   src=\"https:\/\/www.georgsorden.eu\/wp-content\/uploads\/photo-gallery\/imported_from_media_libray\/thumb\/Verleihung-2025-06-13-18.55.14.jpg?bwg=1750759380\"                   alt=\"Verleihung-2025-06-13-212\"                   title=\"Verleihung-2025-06-13-212\" \/>            <\/div>            <div class=\"\">                                                      <\/div>          <\/div>        <\/div>                        <\/a>              <\/div>            <div class=\"bwg-item\">        <a class=\"bwg-a  bwg_lightbox\"  data-image-id=\"7203\" href=\"https:\/\/www.georgsorden.eu\/wp-content\/uploads\/photo-gallery\/imported_from_media_libray\/Verleihung-2025-06-13-18.57.54-1.jpg?bwg=1750759380\" data-elementor-open-lightbox=\"no\">                <div class=\"bwg-item0 \">          <div class=\"bwg-item1 \">            <div class=\"bwg-item2\">              <img decoding=\"async\" class=\"skip-lazy bwg_standart_thumb_img_0 \"                   data-id=\"7203\"                   data-width=\"500.00\"                   data-height=\"375.00\"                   data-src=\"https:\/\/www.georgsorden.eu\/wp-content\/uploads\/photo-gallery\/imported_from_media_libray\/thumb\/Verleihung-2025-06-13-18.57.54-1.jpg?bwg=1750759380\"                   src=\"https:\/\/www.georgsorden.eu\/wp-content\/uploads\/photo-gallery\/imported_from_media_libray\/thumb\/Verleihung-2025-06-13-18.57.54-1.jpg?bwg=1750759380\"                   alt=\"Verleihung-2025-06-13-213\"                   title=\"Verleihung-2025-06-13-213\" \/>            <\/div>            <div class=\"\">                                                      <\/div>          <\/div>        <\/div>                        <\/a>              <\/div>            <div class=\"bwg-item\">        <a class=\"bwg-a  bwg_lightbox\"  data-image-id=\"7202\" href=\"https:\/\/www.georgsorden.eu\/wp-content\/uploads\/photo-gallery\/imported_from_media_libray\/Verleihung-2025-06-13-18.58.58-1.jpg?bwg=1750759380\" data-elementor-open-lightbox=\"no\">                <div class=\"bwg-item0 \">          <div class=\"bwg-item1 \">            <div class=\"bwg-item2\">              <img decoding=\"async\" class=\"skip-lazy bwg_standart_thumb_img_0 \"                   data-id=\"7202\"                   data-width=\"375.00\"                   data-height=\"500.00\"                   data-src=\"https:\/\/www.georgsorden.eu\/wp-content\/uploads\/photo-gallery\/imported_from_media_libray\/thumb\/Verleihung-2025-06-13-18.58.58-1.jpg?bwg=1750759380\"                   src=\"https:\/\/www.georgsorden.eu\/wp-content\/uploads\/photo-gallery\/imported_from_media_libray\/thumb\/Verleihung-2025-06-13-18.58.58-1.jpg?bwg=1750759380\"                   alt=\"Verleihung-2025-06-13-214\"                   title=\"Verleihung-2025-06-13-214\" \/>            <\/div>            <div class=\"\">                                                      <\/div>          <\/div>        <\/div>                        <\/a>              <\/div>            <div class=\"bwg-item\">        <a class=\"bwg-a  bwg_lightbox\"  data-image-id=\"7201\" href=\"https:\/\/www.georgsorden.eu\/wp-content\/uploads\/photo-gallery\/imported_from_media_libray\/Verleihung-2025-06-13-19.00.02.jpg?bwg=1750759380\" data-elementor-open-lightbox=\"no\">                <div class=\"bwg-item0 \">          <div class=\"bwg-item1 \">            <div class=\"bwg-item2\">              <img decoding=\"async\" class=\"skip-lazy bwg_standart_thumb_img_0 \"                   data-id=\"7201\"                   data-width=\"375.00\"                   data-height=\"500.00\"                   data-src=\"https:\/\/www.georgsorden.eu\/wp-content\/uploads\/photo-gallery\/imported_from_media_libray\/thumb\/Verleihung-2025-06-13-19.00.02.jpg?bwg=1750759380\"                   src=\"https:\/\/www.georgsorden.eu\/wp-content\/uploads\/photo-gallery\/imported_from_media_libray\/thumb\/Verleihung-2025-06-13-19.00.02.jpg?bwg=1750759380\"                   alt=\"Verleihung-2025-06-13-215\"                   title=\"Verleihung-2025-06-13-215\" \/>            <\/div>            <div class=\"\">                                                      <\/div>          <\/div>        <\/div>                        <\/a>              <\/div>          <\/div>              <\/div>        <\/form>                <div id=\"bwg_spider_popup_loading_0\" class=\"bwg_spider_popup_loading\"><\/div>        <div id=\"spider_popup_overlay_0\" class=\"spider_popup_overlay\" onclick=\"spider_destroypopup(1000)\"><\/div>        <input type=\"hidden\" id=\"bwg_random_seed_0\" value=\"2051940894\">                <\/div>    <\/div>    <script>      if (document.readyState === 'complete') {        if( typeof bwg_main_ready == 'function' ) {          if ( jQuery(\"#bwg_container1_0\").height() ) {            bwg_main_ready(jQuery(\"#bwg_container1_0\"));          }        }      } else {        document.addEventListener('DOMContentLoaded', function() {          if( typeof bwg_main_ready == 'function' ) {            if ( jQuery(\"#bwg_container1_0\").height() ) {             bwg_main_ready(jQuery(\"#bwg_container1_0\"));            }          }        });      }    <\/script>    \n","protected":false},"excerpt":{"rendered":"<p>Am 13. Juni 2025 wurde unserem Prokurator Baron Vinzenz von Stimpfl-Abele eine hohe Ehre zuteil: S. Em. Kardinal Dr. Christoph Sch\u00f6nborn OP verlieh ihm das Ritterkreuz des P\u00e4pstlichen Silvesterordens.<\/p>\n","protected":false},"author":1,"featured_media":15774,"comment_status":"closed","ping_status":"closed","sticky":false,"template":"","format":"standard","meta":{"footnotes":""},"categories":[197,180,27],"tags":[],"class_list":["post-15772","post","type-post","status-publish","format-standard","has-post-thumbnail","hentry","category-197","category-niederoesterreich-wienerwald","category-orden-allgemein"],"publishpress_future_action":{"enabled":false,"date":"2026-05-08 13:58:32","action":"category","newStatus":"draft","terms":[],"taxonomy":"category","extraData":[]},"publishpress_future_workflow_manual_trigger":{"enabledWorkflows":[]},"rttpg_featured_image_url":{"full":["https:\/\/www.georgsorden.eu\/wp-content\/uploads\/2025\/06\/Verleihung-2025-06-13-15.45.25-Cover.jpg",1332,1164,false],"landscape":["https:\/\/www.georgsorden.eu\/wp-content\/uploads\/2025\/06\/Verleihung-2025-06-13-15.45.25-Cover.jpg",1332,1164,false],"portraits":["https:\/\/www.georgsorden.eu\/wp-content\/uploads\/2025\/06\/Verleihung-2025-06-13-15.45.25-Cover.jpg",1332,1164,false],"thumbnail":["https:\/\/www.georgsorden.eu\/wp-content\/uploads\/2025\/06\/Verleihung-2025-06-13-15.45.25-Cover-150x150.jpg",150,150,true],"medium":["https:\/\/www.georgsorden.eu\/wp-content\/uploads\/2025\/06\/Verleihung-2025-06-13-15.45.25-Cover-300x262.jpg",300,262,true],"large":["https:\/\/www.georgsorden.eu\/wp-content\/uploads\/2025\/06\/Verleihung-2025-06-13-15.45.25-Cover-1024x895.jpg",1024,895,true],"1536x1536":["https:\/\/www.georgsorden.eu\/wp-content\/uploads\/2025\/06\/Verleihung-2025-06-13-15.45.25-Cover.jpg",1332,1164,false],"2048x2048":["https:\/\/www.georgsorden.eu\/wp-content\/uploads\/2025\/06\/Verleihung-2025-06-13-15.45.25-Cover.jpg",1332,1164,false]},"rttpg_author":{"display_name":"iktopia","author_link":"https:\/\/www.georgsorden.eu\/de\/author\/iktopia\/"},"rttpg_comment":0,"rttpg_category":"<a href=\"https:\/\/www.georgsorden.eu\/de\/category\/2025\/\" rel=\"category tag\">2025<\/a> <a href=\"https:\/\/www.georgsorden.eu\/de\/category\/niederoesterreich-wienerwald\/\" rel=\"category tag\">Delegation Nieder\u00f6sterreich - Wienerwald<\/a> <a href=\"https:\/\/www.georgsorden.eu\/de\/category\/orden-allgemein\/\" rel=\"category tag\">Orden allgemein<\/a>","rttpg_excerpt":"Am 13. Juni 2025 wurde unserem Prokurator Baron Vinzenz von Stimpfl-Abele eine hohe Ehre zuteil: S. Em. Kardinal Dr. Christoph Sch\u00f6nborn OP verlieh ihm das Ritterkreuz des P\u00e4pstlichen Silvesterordens.","_links":{"self":[{"href":"https:\/\/www.georgsorden.eu\/de\/wp-json\/wp\/v2\/posts\/15772","targetHints":{"allow":["GET"]}}],"collection":[{"href":"https:\/\/www.georgsorden.eu\/de\/wp-json\/wp\/v2\/posts"}],"about":[{"href":"https:\/\/www.georgsorden.eu\/de\/wp-json\/wp\/v2\/types\/post"}],"author":[{"embeddable":true,"href":"https:\/\/www.georgsorden.eu\/de\/wp-json\/wp\/v2\/users\/1"}],"replies":[{"embeddable":true,"href":"https:\/\/www.georgsorden.eu\/de\/wp-json\/wp\/v2\/comments?post=15772"}],"version-history":[{"count":17,"href":"https:\/\/www.georgsorden.eu\/de\/wp-json\/wp\/v2\/posts\/15772\/revisions"}],"predecessor-version":[{"id":16035,"href":"https:\/\/www.georgsorden.eu\/de\/wp-json\/wp\/v2\/posts\/15772\/revisions\/16035"}],"wp:featuredmedia":[{"embeddable":true,"href":"https:\/\/www.georgsorden.eu\/de\/wp-json\/wp\/v2\/media\/15774"}],"wp:attachment":[{"href":"https:\/\/www.georgsorden.eu\/de\/wp-json\/wp\/v2\/media?parent=15772"}],"wp:term":[{"taxonomy":"category","embeddable":true,"href":"https:\/\/www.georgsorden.eu\/de\/wp-json\/wp\/v2\/categories?post=15772"},{"taxonomy":"post_tag","embeddable":true,"href":"https:\/\/www.georgsorden.eu\/de\/wp-json\/wp\/v2\/tags?post=15772"}],"curies":[{"name":"wp","href":"https:\/\/api.w.org\/{rel}","templated":true}]}}