{"id":1628,"date":"2019-05-13T21:57:43","date_gmt":"2019-05-13T19:57:43","guid":{"rendered":"https:\/\/www.georgs-orden.at\/de\/?p=1628"},"modified":"2021-04-23T08:58:03","modified_gmt":"2021-04-23T06:58:03","slug":"ordenslokal-pressburg","status":"publish","type":"post","link":"https:\/\/www.georgsorden.eu\/de\/ordenslokal-pressburg\/","title":{"rendered":"Einweihung des Ordenslokales in Pressburg"},"content":{"rendered":"\n<p>Zum fr\u00fchen Abend des 13. Mai luden unsere slowakischen Ordensbr\u00fcder \u2013 der ehemalige Ministerpr\u00e4sident Jan Carnogursky, sowie Boris Bartho und Oliver Andrassy \u2013 nach Bratislava in die traditionelle Gastst\u00e4tte \u201eLeberfinger\u201c des Staatministers a.D. Lubomir Roman. Willkommen gehei\u00dfen wurden unter anderem unser Prokurator, Vinzenz Leopold Baron von Stimpfl-Abele, der Komtur von Ungarn, Gabor von Boldizsar-Ujfakusy, sowie der zust\u00e4ndige Komtur N\u00f6.Sankt-Georgs-Kathedrale Christoph Sch\u00e4ffer in Begleitung seines Vizekomturs Heinrich Stickelberger und Reinald Graf Wilczek. Zu den G\u00e4sten geh\u00f6rten dar\u00fcber hinaus die Architekten Andrej Gajdos und Juraj Porazik und aus \u00d6sterreich Oberst Alois Mais.&nbsp;<\/p>\n\n\n\n<p>In ihrer Begr\u00fc\u00dfung verwiesen die slowakischen Ritter auf die Bedeutung Bratislavas als Kaisersitz und Kr\u00f6nungsstadt des ehemaligen Ungarischen K\u00f6nigs. Durch Erbfolge ihres Vaters Kaiser Karl III. wurde Maria Theresia, die Pressburg zu ihrer Lieblingsstadt erw\u00e4hlt hatte, am 25. Juni 1741 im Martinsdom durch den Erzbischof von Esztergom, Imre F\u00fcrst Esterh\u00e1zy de Gal\u00e1ntha, zum \u201eRex Hungariae\u201c gekr\u00f6nt. Ihre Lieblingstochter Maria Christine lie\u00df gemeinsam mit ihrem Gemahl Albert von Sachsen-Teschen die der Kaiserresidenz Wien nahegelegene Stadt als Befestigung gegen den Einfall der erobernden Truppen Sultan S\u00fcleymans I. bauen. Die alte Hauptstadt Ofen (=Buda) war 1541 an die Osmanen verloren gegangen. Zentralungarn und der S\u00fcden verwandelten sich 150 Jahre lang in ein Schlachtfeld, das erst um 1700 wieder in die Habsburgische Herrschaft gelangte. Pressburg blieb unver\u00e4ndert Hauptstadt, nachdem Ofen nur verw\u00fcstet und entv\u00f6lkert zu befrieden war.<\/p>\n\n\n\n<p>Vizekomtur Heinrich Stickelberger kam in seiner Rede auf die Erfordernisse zu sprechen, um den Aufbau einer Slowakischen Delegation in naher Zukunft zu forcieren. Seine Ausf\u00fchrungen reichten vom Vorschlag eines zuk\u00fcnftigen Ritters bis hin zum Ballotieren vor dem Ordensrat. Die Eingangsrede von Ehrenritter Jan Carnogursky gew\u00e4hrte einen geschichtlichen \u00dcberblick \u00fcber die traditionsreiche Stadt, aber auch \u00fcber die gesamte Slowakei. Seine lehrreichen Worte erg\u00e4nzten die Erl\u00e4uterungen des Gastgebers, Minister a.D. Lubomir Roman, bez\u00fcglich der historischen Bedeutung der zuk\u00fcnftigen Ordensst\u00e4tte.&nbsp;<\/p>\n\n\n\n<p>In ergreifenden Worten wies Prokurator Vinzenz Leopold Baron von Stimpfl-Abele auf das Wesen von Ritterlichkeit in der Geschichte, aber auch auf das spezielle Erfordernis der Bewahrung von Werten und Tugenden in der heutigen Zeit hin. Ebenso kam er auf die Gewichtung und Ziele des Ordens, sowie die F\u00fchrungsstruktur bis hin zur Komturei zu sprechen. Diese, als Speerspitze des Ordens bezeichnete Formierung wurde auch vom zust\u00e4ndigen Komtur Christoph Sch\u00e4ffer erl\u00e4utert. Dar\u00fcber hinaus widmete sich Sch\u00e4ffer detailliert dem Werdegang der Ritter, der Bildung einer Delegation bis hin zur Einsetzung einer Komturei durch den Gro\u00dfmeister mit all den dazugeh\u00f6renden verwaltungs- und besetzungstechnischen Erfordernissen.&nbsp;<\/p>\n\n\n\n<p>Der ungarische Komtur, Gabor von Boldizsar-Ujfakusy, streifte die politischen Ereignisse des letzten Jahrhunderts, erw\u00e4hnte die ungarischen Minderheiten in den heutigen Staaten des ehemaligen Ungarischen Reiches und unterstrich in sehr v\u00f6lkerverbindender Form die Notwendigkeit, die Werte unseres Ordens komturei\u00fcbergreifend zu etablieren und so gemeinsam ein gedeihliches Entwickeln des heutigen Mitteleuropas zu gew\u00e4hrleisten. Damit schloss er nahtlos an seine Vorredner an, die ebenfalls auf das Erfordernis der durch das Erzhaus gewollten und betriebenen Erstarkung Mitteleuropas eingegangen waren.<\/p>\n\n\n\n<p>Der katholische Pfarrer und Delegat der Kaiser-Karl Gebetsliga in der Slowakei, Hochw\u00fcrden Stanislav Zinay, nahm die christliche Einweihung des neuen Ordenssitzes nach Gebeten in slowakischer Sprache sehr feierlich vor.&nbsp;<\/p>\n\n\n\n<p>Eine weitere historisch denkw\u00fcrdige Tatsache verlieh diesem Abend besondere Bedeutung: Hier in der Kr\u00f6nungsstadt der Habsburger hatte man im Keller eines der \u00e4ltesten und durch Besuche von Herrschern geschichtstr\u00e4chtigen Haus, das im vorigen Jahrhundert nahezu v\u00f6llig zerst\u00f6rt wurde, nach langwieriger Renovierung der Gesamtanlage einen festen Sitz f\u00fcr den St. Georgs-Orden gewonnen.&nbsp;<\/p>\n\n\n\n<p>Schlie\u00dflich lud der Gastgeber Lubomir Roman zum Essen. Die Unterhaltung der Ritter in der neuen slowakischen Heimst\u00e4tte dauerte noch lange an und drehte sich vor allem um das Ziel der Schaffung einer Delegation. Geplant ist auch eine offizielle Teilnahme der Komturei N\u00f6.Sanct-Georgs-Kathedrale an den f\u00fcr 8. September 2019 geplanten Feierlichkeiten anl\u00e4sslich des 400. Todestages der M\u00e4rtyrer von Kosice (Kaschau\/Slowakei).<\/p>\n\n\n\n    <div id=\"bwg_container1_0\"         class=\"bwg_container bwg_thumbnail bwg_thumbnails \"         data-right-click-protection=\"1\"         data-bwg=\"0\"         data-scroll=\"0\"         data-gallery-type=\"thumbnails\"         data-gallery-view-type=\"thumbnails\"         data-current-url=\"\/de\/wp-json\/wp\/v2\/posts\/1628\"         data-lightbox-url=\"https:\/\/www.georgsorden.eu\/wp-admin\/admin-ajax.php?action=GalleryBox&#038;current_view=0&#038;gallery_id=27&#038;tag=0&#038;theme_id=1&#038;shortcode_id=58&#038;sort_by=filename&#038;order_by=asc&#038;current_url=%2Fde%2Fwp-json%2Fwp%2Fv2%2Fposts%2F1628\"         data-gallery-id=\"27\"         data-popup-width=\"1000\"         data-popup-height=\"700\"         data-is-album=\"gallery\"         data-buttons-position=\"bottom\">      <div id=\"bwg_container2_0\">             <div id=\"ajax_loading_0\" class=\"bwg_loading_div_1\">      <div class=\"bwg_loading_div_2\">        <div class=\"bwg_loading_div_3\">          <div id=\"loading_div_0\" class=\"bwg_spider_ajax_loading\">          <\/div>        <\/div>      <\/div>    <\/div>            <form id=\"gal_front_form_0\"              class=\"bwg-hidden\"              method=\"post\"              action=\"#\"              data-current=\"0\"              data-shortcode-id=\"58\"              data-gallery-type=\"thumbnails\"              data-gallery-id=\"27\"              data-tag=\"0\"              data-album-id=\"0\"              data-theme-id=\"1\"              data-ajax-url=\"https:\/\/www.georgsorden.eu\/wp-admin\/admin-ajax.php?action=bwg_frontend_data\">          <div id=\"bwg_container3_0\" class=\"bwg-background bwg-background-0\">                <div data-max-count=\"5\"         data-thumbnail-width=\"250\"         data-bwg=\"0\"         data-gallery-id=\"27\"         data-lightbox-url=\"https:\/\/www.georgsorden.eu\/wp-admin\/admin-ajax.php?action=GalleryBox&amp;current_view=0&amp;gallery_id=27&amp;tag=0&amp;theme_id=1&amp;shortcode_id=58&amp;sort_by=filename&amp;order_by=asc&amp;current_url=%2Fde%2Fwp-json%2Fwp%2Fv2%2Fposts%2F1628\"         id=\"bwg_thumbnails_0\"         class=\"bwg-container-0 bwg-thumbnails bwg-standard-thumbnails bwg-container bwg-border-box\">            <div class=\"bwg-item\">        <a class=\"bwg-a  bwg_lightbox\"  data-image-id=\"185\" href=\"https:\/\/www.georgsorden.eu\/wp-content\/uploads\/photo-gallery\/imported_from_media_libray\/Pressburg-2019-01.png?bwg=1619160596\" data-elementor-open-lightbox=\"no\">                <div class=\"bwg-item0 \">          <div class=\"bwg-item1 \">            <div class=\"bwg-item2\">              <img decoding=\"async\" class=\"skip-lazy bwg_standart_thumb_img_0 \"                   data-id=\"185\"                   data-width=\"500\"                   data-height=\"332\"                   data-src=\"https:\/\/www.georgsorden.eu\/wp-content\/uploads\/photo-gallery\/imported_from_media_libray\/thumb\/Pressburg-2019-01.png?bwg=1619160596\"                   src=\"https:\/\/www.georgsorden.eu\/wp-content\/uploads\/photo-gallery\/imported_from_media_libray\/thumb\/Pressburg-2019-01.png?bwg=1619160596\"                   alt=\"Pressburg-2019-01\"                   title=\"Pressburg-2019-01\" \/>            <\/div>            <div class=\"\">                                                      <\/div>          <\/div>        <\/div>                        <\/a>              <\/div>            <div class=\"bwg-item\">        <a class=\"bwg-a  bwg_lightbox\"  data-image-id=\"186\" href=\"https:\/\/www.georgsorden.eu\/wp-content\/uploads\/photo-gallery\/imported_from_media_libray\/Pressburg-2019-02.png?bwg=1619160596\" data-elementor-open-lightbox=\"no\">                <div class=\"bwg-item0 \">          <div class=\"bwg-item1 \">            <div class=\"bwg-item2\">              <img decoding=\"async\" class=\"skip-lazy bwg_standart_thumb_img_0 \"                   data-id=\"186\"                   data-width=\"500\"                   data-height=\"331\"                   data-src=\"https:\/\/www.georgsorden.eu\/wp-content\/uploads\/photo-gallery\/imported_from_media_libray\/thumb\/Pressburg-2019-02.png?bwg=1619160596\"                   src=\"https:\/\/www.georgsorden.eu\/wp-content\/uploads\/photo-gallery\/imported_from_media_libray\/thumb\/Pressburg-2019-02.png?bwg=1619160596\"                   alt=\"Pressburg-2019-02\"                   title=\"Pressburg-2019-02\" \/>            <\/div>            <div class=\"\">                                                      <\/div>          <\/div>        <\/div>                        <\/a>              <\/div>            <div class=\"bwg-item\">        <a class=\"bwg-a  bwg_lightbox\"  data-image-id=\"187\" href=\"https:\/\/www.georgsorden.eu\/wp-content\/uploads\/photo-gallery\/imported_from_media_libray\/Pressburg-2019-03.png?bwg=1619160596\" data-elementor-open-lightbox=\"no\">                <div class=\"bwg-item0 \">          <div class=\"bwg-item1 \">            <div class=\"bwg-item2\">              <img decoding=\"async\" class=\"skip-lazy bwg_standart_thumb_img_0 \"                   data-id=\"187\"                   data-width=\"374\"                   data-height=\"500\"                   data-src=\"https:\/\/www.georgsorden.eu\/wp-content\/uploads\/photo-gallery\/imported_from_media_libray\/thumb\/Pressburg-2019-03.png?bwg=1619160596\"                   src=\"https:\/\/www.georgsorden.eu\/wp-content\/uploads\/photo-gallery\/imported_from_media_libray\/thumb\/Pressburg-2019-03.png?bwg=1619160596\"                   alt=\"Pressburg-2019-03\"                   title=\"Pressburg-2019-03\" \/>            <\/div>            <div class=\"\">                                                      <\/div>          <\/div>        <\/div>                        <\/a>              <\/div>            <div class=\"bwg-item\">        <a class=\"bwg-a  bwg_lightbox\"  data-image-id=\"188\" href=\"https:\/\/www.georgsorden.eu\/wp-content\/uploads\/photo-gallery\/imported_from_media_libray\/Pressburg-2019-04.png?bwg=1619160596\" data-elementor-open-lightbox=\"no\">                <div class=\"bwg-item0 \">          <div class=\"bwg-item1 \">            <div class=\"bwg-item2\">              <img decoding=\"async\" class=\"skip-lazy bwg_standart_thumb_img_0 \"                   data-id=\"188\"                   data-width=\"500\"                   data-height=\"375\"                   data-src=\"https:\/\/www.georgsorden.eu\/wp-content\/uploads\/photo-gallery\/imported_from_media_libray\/thumb\/Pressburg-2019-04.png?bwg=1619160596\"                   src=\"https:\/\/www.georgsorden.eu\/wp-content\/uploads\/photo-gallery\/imported_from_media_libray\/thumb\/Pressburg-2019-04.png?bwg=1619160596\"                   alt=\"Pressburg-2019-04\"                   title=\"Pressburg-2019-04\" \/>            <\/div>            <div class=\"\">                                                      <\/div>          <\/div>        <\/div>                        <\/a>              <\/div>          <\/div>              <\/div>        <\/form>                <div id=\"bwg_spider_popup_loading_0\" class=\"bwg_spider_popup_loading\"><\/div>        <div id=\"spider_popup_overlay_0\" class=\"spider_popup_overlay\" onclick=\"spider_destroypopup(1000)\"><\/div>        <input type=\"hidden\" id=\"bwg_random_seed_0\" value=\"897294160\">                <\/div>    <\/div>    <script>      if (document.readyState === 'complete') {        if( typeof bwg_main_ready == 'function' ) {          if ( jQuery(\"#bwg_container1_0\").height() ) {            bwg_main_ready(jQuery(\"#bwg_container1_0\"));          }        }      } else {        document.addEventListener('DOMContentLoaded', function() {          if( typeof bwg_main_ready == 'function' ) {            if ( jQuery(\"#bwg_container1_0\").height() ) {             bwg_main_ready(jQuery(\"#bwg_container1_0\"));            }          }        });      }    <\/script>    \n","protected":false},"excerpt":{"rendered":"<p>Zum fr\u00fchen Abend des 13. Mai luden unsere slowakischen Ordensbr\u00fcder \u2013 der ehemalige Ministerpr\u00e4sident Jan Carnogursky, sowie Boris Bartho und Oliver Andrassy \u2013 nach Bratislava in die traditionelle Gastst\u00e4tte \u201eLeberfinger\u201c des Staatministers a.D. Lubomir Roman.<\/p>\n","protected":false},"author":1,"featured_media":1624,"comment_status":"closed","ping_status":"closed","sticky":false,"template":"","format":"standard","meta":{"footnotes":""},"categories":[23,32],"tags":[],"class_list":["post-1628","post","type-post","status-publish","format-standard","has-post-thumbnail","hentry","category-archiv-2019","category-komturei-niederoesterreich-sankt-georgs-kathedrale"],"publishpress_future_action":{"enabled":false,"date":"2026-05-07 23:43:54","action":"category","newStatus":"draft","terms":[],"taxonomy":"category","extraData":[]},"publishpress_future_workflow_manual_trigger":{"enabledWorkflows":[]},"rttpg_featured_image_url":{"full":["https:\/\/www.georgsorden.eu\/wp-content\/uploads\/2021\/04\/Pressburg-2019-01.png",1394,925,false],"landscape":["https:\/\/www.georgsorden.eu\/wp-content\/uploads\/2021\/04\/Pressburg-2019-01.png",1394,925,false],"portraits":["https:\/\/www.georgsorden.eu\/wp-content\/uploads\/2021\/04\/Pressburg-2019-01.png",1394,925,false],"thumbnail":["https:\/\/www.georgsorden.eu\/wp-content\/uploads\/2021\/04\/Pressburg-2019-01-150x150.png",150,150,true],"medium":["https:\/\/www.georgsorden.eu\/wp-content\/uploads\/2021\/04\/Pressburg-2019-01-300x199.png",300,199,true],"large":["https:\/\/www.georgsorden.eu\/wp-content\/uploads\/2021\/04\/Pressburg-2019-01-1024x679.png",1024,679,true],"1536x1536":["https:\/\/www.georgsorden.eu\/wp-content\/uploads\/2021\/04\/Pressburg-2019-01.png",1394,925,false],"2048x2048":["https:\/\/www.georgsorden.eu\/wp-content\/uploads\/2021\/04\/Pressburg-2019-01.png",1394,925,false]},"rttpg_author":{"display_name":"iktopia","author_link":"https:\/\/www.georgsorden.eu\/de\/author\/iktopia\/"},"rttpg_comment":0,"rttpg_category":"<a href=\"https:\/\/www.georgsorden.eu\/de\/category\/archiv-2019\/\" rel=\"category tag\">2019<\/a> <a href=\"https:\/\/www.georgsorden.eu\/de\/category\/komturei-niederoesterreich-sankt-georgs-kathedrale\/\" rel=\"category tag\">Komturei Nieder\u00f6sterreich - Sankt-Georgs-Kathedrale<\/a>","rttpg_excerpt":"Zum fr\u00fchen Abend des 13. Mai luden unsere slowakischen Ordensbr\u00fcder \u2013 der ehemalige Ministerpr\u00e4sident Jan Carnogursky, sowie Boris Bartho und Oliver Andrassy \u2013 nach Bratislava in die traditionelle Gastst\u00e4tte \u201eLeberfinger\u201c des Staatministers a.D. Lubomir Roman.","_links":{"self":[{"href":"https:\/\/www.georgsorden.eu\/de\/wp-json\/wp\/v2\/posts\/1628","targetHints":{"allow":["GET"]}}],"collection":[{"href":"https:\/\/www.georgsorden.eu\/de\/wp-json\/wp\/v2\/posts"}],"about":[{"href":"https:\/\/www.georgsorden.eu\/de\/wp-json\/wp\/v2\/types\/post"}],"author":[{"embeddable":true,"href":"https:\/\/www.georgsorden.eu\/de\/wp-json\/wp\/v2\/users\/1"}],"replies":[{"embeddable":true,"href":"https:\/\/www.georgsorden.eu\/de\/wp-json\/wp\/v2\/comments?post=1628"}],"version-history":[{"count":2,"href":"https:\/\/www.georgsorden.eu\/de\/wp-json\/wp\/v2\/posts\/1628\/revisions"}],"predecessor-version":[{"id":1630,"href":"https:\/\/www.georgsorden.eu\/de\/wp-json\/wp\/v2\/posts\/1628\/revisions\/1630"}],"wp:featuredmedia":[{"embeddable":true,"href":"https:\/\/www.georgsorden.eu\/de\/wp-json\/wp\/v2\/media\/1624"}],"wp:attachment":[{"href":"https:\/\/www.georgsorden.eu\/de\/wp-json\/wp\/v2\/media?parent=1628"}],"wp:term":[{"taxonomy":"category","embeddable":true,"href":"https:\/\/www.georgsorden.eu\/de\/wp-json\/wp\/v2\/categories?post=1628"},{"taxonomy":"post_tag","embeddable":true,"href":"https:\/\/www.georgsorden.eu\/de\/wp-json\/wp\/v2\/tags?post=1628"}],"curies":[{"name":"wp","href":"https:\/\/api.w.org\/{rel}","templated":true}]}}