{"id":17840,"date":"2026-01-13T10:57:11","date_gmt":"2026-01-13T09:57:11","guid":{"rendered":"https:\/\/www.georgsorden.eu\/?p=17840"},"modified":"2026-02-25T19:26:34","modified_gmt":"2026-02-25T18:26:34","slug":"newsletter-01-2026","status":"publish","type":"post","link":"https:\/\/www.georgsorden.eu\/de\/newsletter-01-2026\/","title":{"rendered":"Newsletter 01-2026"},"content":{"rendered":"\n<h2 class=\"wp-block-heading\">Ordensweite Veranstaltungen<\/h2>\n\n\n\n<h4 class=\"wp-block-heading\" id=\"01-2026-Buchvorstellung\">Buchvorstellung \u201eCancel-Culture\u201c<\/h4>\n\n\n\n<p><strong>19. Februar 2026<\/strong><br>Ordensresidenz, Rennweg 10, 1030 Wien, \u00d6sterreich<br>Beginn: 19:00 Uhr<\/p>\n\n\n\n<p>Der Vorsitzende der Ehrenritter,&nbsp;Landeshauptmann a.D. Prof. Dr. Franz Schausberger, pr\u00e4sentiert sein j\u00fcngstes Buch mit dem Titel \u201eCANCEL-CULTURE \u2013 Moralisierung und Anma\u00dfung der Selbstgerechten\u201c.<\/p>\n\n\n\n<p>Darin wird jenes gef\u00e4hrliche Ph\u00e4nomen analysiert, das Begriffe des t\u00e4glichen Zusammenlebens, historisch gewachsene W\u00f6rter, menschliche Ordnungen und nicht zuletzt die Grundlagen der eigenen, kulturellen Herkunft bedroht. Es erwartet uns ein interessanter und spannender Abend, ganz im Zeichen des neuen Generalthemas.<\/p>\n\n\n\n<p>Ansprechpartner: Kanzleramt<br>Anmeldung bis 16. Februar 2026 an <a href=\"mailto:kanzleramt@georgsorden.eu\">kanzleramt@georgsorden.eu<\/a><\/p>\n\n\n\n<div style=\"height:15px\" aria-hidden=\"true\" class=\"wp-block-spacer\"><\/div>\n\n\n\n<h4 class=\"wp-block-heading\" id=\"01-2026-Sicherheitsforum\">\u201eMission Vorw\u00e4rts\u201c<\/h4>\n\n\n\n<p><strong>5. M\u00e4rz 2026<\/strong> <strong>\u2013 VERSCHOBEN, neuer Termin wird so bald wie m\u00f6glich bekannt gegeben<\/strong><br>Ordensresidenz, Rennweg 10, 1030 Wien, \u00d6sterreich<br>Beginn: 19:00 Uhr<\/p>\n\n\n\n<p>Im Rahmen des Sicherheitsforums spricht Bundesministerin Mag. Klaudia Tanner \u00fcber die Entwicklung des \u00d6sterreichischen Bundesheeres im europapolitischen Sicherheitsumfeld.<\/p>\n\n\n\n<p>Ansprechpartner: Kanzleramt<br>Anmeldung bis 1. M\u00e4rz 2026 an <a href=\"mailto:kanzleramt@georgsorden.eu\">kanzleramt@georgsorden.eu<\/a><\/p>\n\n\n\n<div style=\"height:15px\" aria-hidden=\"true\" class=\"wp-block-spacer\"><\/div>\n\n\n\n<h4 class=\"wp-block-heading\" id=\"01-2026-Suedwest-Europa\">Die Bedeutung von S\u00fcdost-Europa f\u00fcr die Europ\u00e4ische Union<\/h4>\n\n\n\n<p><strong>11. M\u00e4rz 2026<\/strong><br>Ordensresidenz, Rennweg 10, 1030 Wien, \u00d6sterreich<br>Beginn: 19:00 Uhr<\/p>\n\n\n\n<p>Im Rahmen einer Veranstaltung des Kuratoriums der Ehrenritter h\u00e4lt der stellvertretende Au\u00dfenminister von Bosnien-Herzegowina, MSc. Josip Brki\u0107, eine Keynote mit dem Titel \u201eThe significance of South-East Europe for the European Union\u201c. <\/p>\n\n\n\n<p>S\u00fcdosteuropa stellt nicht die Peripherie des europ\u00e4ischen Kontinents dar, sondern ist vielmehr ein integraler und historisch tief verwurzelter Bestandteil. Jahrhundertelang wurde die Region durch Begegnungen und Interaktionen europ\u00e4ischer Zivilisationen, Kulturen, Religionen und politischer Ideen gepr\u00e4gt. Klassisches Erbe, r\u00f6misches Recht, Christentum, Humanismus, Aufkl\u00e4rung, Islam und moderne europ\u00e4ische Ideen haben soziale und institutionelle Strukturen geschaffen, die mit solchen in anderen Teilen Europas vergleichbar sind und somit ihre dauerhafte Zugeh\u00f6rigkeit zum europ\u00e4ischen Zivilisationsraum best\u00e4tigen. Hinzu kommt, dass S\u00fcdosteuropa neben seiner historischen und kulturellen Bedeutung auch \u00fcber betr\u00e4chtliches wirtschaftliches und strategisches Potenzial verf\u00fcgt. <\/p>\n\n\n\n<p>Aus all diesen Gr\u00fcnden sind die Analysen und Einordnungen unseres hohen Gastes gerade f\u00fcr uns als europ\u00e4ischen Orden des Hauses Habsburg-Lothringen von speziellem Interesse. <\/p>\n\n\n\n<p>Daher wird diese Veranstaltung in Hinblick auf unsere Ordensdamen und Ordensritter in Mitteleuropa und ganz Europa <strong>auch online \u00fcbertragen.<\/strong><\/p>\n\n\n\n<p>Im Anschluss an Vortrag und Diskussion wird zu einem Sektempfang geladen.<\/p>\n\n\n\n<p>Ansprechpartner: Kanzleramt<br>Anmeldung an <a href=\"mailto:kanzleramt@georgsorden.eu\">kanzleramt@georgsorden.eu<\/a><\/p>\n\n\n\n<div style=\"height:15px\" aria-hidden=\"true\" class=\"wp-block-spacer\"><\/div>\n\n\n\n<h4 class=\"wp-block-heading\" id=\"01-2026-Ordenskonvent\">Ordenskonvent<\/h4>\n\n\n\n<p><strong>23. &#8211; 25. April 2026<\/strong><br>Rom, Italien<\/p>\n\n\n\n<p>Der heurige Ordenskonvent in Rom wird ein H\u00f6hepunkt unserer Ordensgeschichte. Abgesehen von den au\u00dferordentlichen Veranstaltungsorten, der Investitur neuer Ordensdamen und Ordensritter, den sehenswerten Kirchen und dem interessanten Rahmenprogramm erfolgen in der Konventsitzung auch die Neu- bzw. Wiederbestellungen der Funktionstr\u00e4ger im Orden.<\/p>\n\n\n\n<p>Die zahlreichen Programmpunkte inkl. Ticketlinks werden Anfang Februar mit allen Details \u00fcbermittelt. Wir raten dann zur raschen Buchung, da die unterschiedlichen Veranstaltungsorte Kapazit\u00e4tsgrenzen haben.<\/p>\n\n\n\n<p>Ansprechpartner: Kanzleramt<\/p>\n\n\n\n<hr class=\"wp-block-separator has-alpha-channel-opacity is-style-default\"\/>\n\n\n\n<h2 class=\"wp-block-heading\">Komturei\u00fcbergreifende Veranstaltungen<\/h2>\n\n\n\n<h4 class=\"wp-block-heading\" id=\"01-2026-Kaiserball\">31. J\u00e4nner 2026<\/h4>\n\n\n\n<p><strong>EXTERNE VERANSTALTUNG<\/strong><br><strong>Kaiserball<\/strong><br>Historischer Stadtsaal Korneuburg, Hauptplatz 31, 2100 Korneuburg, \u00d6sterreich<br>Einlass: 19:30 Uhr, Er\u00f6ffnung: 20:30 Uhr<\/p>\n\n\n\n<p>SKKH Karl von Habsburg \u00fcbernimmt beim diesj\u00e4hrigen Kaiserball nicht nur den Ehrenschutz, sondern wird auch als Ehrengast pers\u00f6nlich im Historischen Stadtsaal von Korneuburg mitfeiern.<\/p>\n\n\n\n<p>N\u00e4here Details sind auf der <a href=\"https:\/\/www.kaiserball.eu\/\" target=\"_blank\" rel=\"noreferrer noopener\">Kaiserball-Website<\/a> zu finden.<\/p>\n\n\n\n<p>Kartenbestellung unter <a href=\"https:\/\/www.tickettailor.com\/events\/commonunionevents\/1927109\">https:\/\/www.tickettailor.com\/events\/commonunionevents\/1927109<\/a><\/p>\n\n\n\n<div style=\"height:20px\" aria-hidden=\"true\" class=\"wp-block-spacer\"><\/div>\n\n\n\n<h4 class=\"wp-block-heading\" id=\"01-2026-Oesterreichball\">7. Februar 2026<\/h4>\n\n\n\n<p><strong>EXTERNE VERANSTALTUNG<\/strong><br><strong>Wiener-\u00d6sterreichball 2026<\/strong><br>La Redoute, Kurf\u00fcrstenalle 1, 53177 Bonn, Deutschland<\/p>\n\n\n\n<p>Die \u00d6sterreichische Gesellschaft Bonn veranstaltet seit 36 Jahren einen \u201eWiener-\u00d6sterreichball\u201c, den nobelsten Ball Bonns, in der vom letzten<br>Kurf\u00fcrsten Max Franz, einem Habsburger und Sohn von Kaiserin Maria Theresia, erbauten klassizistischen \u201eRedoute\u201c.<\/p>\n\n\n\n<p>Die Schirmherrschaft hat neben dem Wiener B\u00fcrgermeister Dr. Michael Ludwig und dem \u00f6sterreichischen Botschafter in Deutschland Dr. Alexander Marschik auch Prokurator Baron Vinzenz von Stimpfl-Abele \u00fcbernommen.<\/p>\n\n\n\n<p>N\u00e4here Details sind dem nachfolgenden Anschreiben von Komtur Dr. J\u00fcrgen Em zu entnehmen.<\/p>\n\n\n\n<p>Anmeldung an <a href=\"mailto:dr.em@t-online.de\">dr.em@t-online.de<\/a> <\/p>\n\n\n\n<div class=\"wp-block-file\"><a id=\"wp-block-file--media-49ab5b8a-65a2-49cd-af0d-cbaa9e8b9389\" href=\"https:\/\/www.georgsorden.eu\/wp-content\/uploads\/2025\/12\/Anschreiben-Wiener-Oesterreichball-2026.pdf\" target=\"_blank\" rel=\"noreferrer noopener\">Anschreiben Wiener \u00d6sterreichball 2026<\/a><a href=\"https:\/\/www.georgsorden.eu\/wp-content\/uploads\/2025\/12\/Anschreiben-Wiener-Oesterreichball-2026.pdf\" class=\"wp-block-file__button wp-element-button\" download aria-describedby=\"wp-block-file--media-49ab5b8a-65a2-49cd-af0d-cbaa9e8b9389\">Herunterladen<\/a><\/div>\n\n\n\n<hr class=\"wp-block-separator has-alpha-channel-opacity is-style-default\"\/>\n\n\n\n<h2 class=\"wp-block-heading\">Komturei-Veranstaltungen<\/h2>\n\n\n\n<h4 class=\"wp-block-heading\" id=\"01-2026-Conclusio-Mensis\">30. J\u00e4nner 2026<\/h4>\n\n\n\n<p><strong><strong><strong><strong><strong>1.&nbsp;\u201econclusio mensis\u201c 2026<\/strong><\/strong><\/strong><\/strong><\/strong><br><em><em>Komturei Nieder\u00f6sterreich-Heldenberg<\/em><\/em><br>Ristorante Pepe Nero, Fuhrmanngasse 15, 3100 St. P\u00f6lten, \u00d6sterreich<br>Beginn: 16:00 Uhr<\/p>\n\n\n\n<p>Im Rahmen der ersten \u201econclusio mensis\u201c werden die Kandidaten 2026 vorgestellt und zuk\u00fcnftige Aktivit\u00e4ten diskutiert. Details sind der untenstehenden Einladung zu entnehmen.<\/p>\n\n\n\n<p>Ansprechpartner: Komtur Bernhard Wagner<br>Anmeldung bis 27. J\u00e4nner 2026 unter <a href=\"mailto:wagner@kanzlei-hofbauer.at\">wagner@kanzlei-hofbauer.at<\/a><\/p>\n\n\n\n<div class=\"wp-block-file\"><a id=\"wp-block-file--media-39b85961-ec0f-4782-bc73-42576c3429d0\" href=\"https:\/\/www.georgsorden.eu\/wp-content\/uploads\/2026\/01\/01-30-Niederoesterreich-Heldenberg-concusio-mensis.pdf\">Einladung<\/a><a href=\"https:\/\/www.georgsorden.eu\/wp-content\/uploads\/2026\/01\/01-30-Niederoesterreich-Heldenberg-concusio-mensis.pdf\" class=\"wp-block-file__button wp-element-button\" download aria-describedby=\"wp-block-file--media-39b85961-ec0f-4782-bc73-42576c3429d0\">Herunterladen<\/a><\/div>\n\n\n\n<div style=\"height:20px\" aria-hidden=\"true\" class=\"wp-block-spacer\"><\/div>\n\n\n\n<h4 class=\"wp-block-heading\" id=\"01-2026-Komtureitreffen-S-OOE-BAY\">21. Februar 2026<\/h4>\n\n\n\n<p><strong><strong><strong><strong>Komtureitreffen<\/strong><\/strong><\/strong><\/strong><br><em><em>Komturei Salzburg\/Ober\u00f6sterreich\/Bayern &#8211; Hohensalzburg<\/em><\/em><br>Hotel Schwarzer B\u00e4r, Herrenstra\u00dfe 11, 4020 Linz, \u00d6sterreich<br>Beginn: 17:15 Uhr<\/p>\n\n\n\n<p>Im Rahmen des Komtureitreffens h\u00e4lt Staatswissenschaftler und Kommunikationsexperte Eike Alexander Kraft, MBA, einen Kurzvortrag zum Thema \u201eOrientierung, Haltung, Klarheit: Besondere Verantwortung von Kommunikation und Medien in aufgeregten Zeiten\u201c&nbsp;ein.<\/p>\n\n\n\n<p>Ansprechpartner: Komtur DI Dr. Wilhelm von Zitzewitz<br>Anmeldung bis 13. Februar 2026 an <a href=\"mailto:vonzitzewitzw@gmail.com\">vonzitzewitzw@gmail.com<\/a><\/p>\n\n\n\n<div class=\"wp-block-file\"><a id=\"wp-block-file--media-475588ad-7921-417d-864f-590f54c02ca4\" href=\"https:\/\/www.georgsorden.eu\/wp-content\/uploads\/2026\/01\/02-21-Einladung-Komtureisitzung-Linz.pdf\" target=\"_blank\" rel=\"noreferrer noopener\">Einladung<\/a><a href=\"https:\/\/www.georgsorden.eu\/wp-content\/uploads\/2026\/01\/02-21-Einladung-Komtureisitzung-Linz.pdf\" class=\"wp-block-file__button wp-element-button\" download aria-describedby=\"wp-block-file--media-475588ad-7921-417d-864f-590f54c02ca4\">Herunterladen<\/a><\/div>\n\n\n\n<div style=\"height:20px\" aria-hidden=\"true\" class=\"wp-block-spacer\"><\/div>\n\n\n\n<h4 class=\"wp-block-heading\" id=\"01-2026-Vortrag-Frieden\">3. M\u00e4rz 2026<\/h4>\n\n\n\n<p><strong><strong><strong><strong><strong>Die Jahrestage f\u00fcr den Frieden in 2025<\/strong><\/strong><\/strong><\/strong><\/strong><br><em><em>Komturei Wien-Hofburg<\/em><\/em><br>Ordensresidenz, Rennweg 10, 1030 Wien, \u00d6sterreich<br>Beginn: 18:30 Uhr<\/p>\n\n\n\n<p>Von Kants Vision der \u201eWeltb\u00fcrgerschaft\u201c bis zu Robert Schumans Vorschlag von 1950, der den Grundstein f\u00fcr die heutige Europ\u00e4ische Union legte, reflektiert UK-Botschafter i.R. Colin Munro CMG \u00fcber Europas fortw\u00e4hrendes, oft fragiles Streben nach Frieden. N\u00e4here Informationen zur Veranstaltung und zum Vortragenden sind dem untenstehenden PDF-Dokument zu entnehmen.<\/p>\n\n\n\n<p>Ansprechpartner: Vizekomtur Ing. Mag. Dr. Ernesto Schobesberger, MMBA<br>Anmeldung bis 25. Februar 2026 an <a href=\"mailto:joachim.zimmel@zimmel.cc\">joachim.zimmel@zimmel.cc<\/a><\/p>\n\n\n\n<div class=\"wp-block-file\"><a id=\"wp-block-file--media-27d7ffd1-967d-4d13-9311-7eae16144438\" href=\"https:\/\/www.georgsorden.eu\/wp-content\/uploads\/2026\/01\/03-03-Munro-Inhalte-Lebenslauf.pdf\">Details zur Veranstaltung und zum Vortragenden<\/a><a href=\"https:\/\/www.georgsorden.eu\/wp-content\/uploads\/2026\/01\/03-03-Munro-Inhalte-Lebenslauf.pdf\" class=\"wp-block-file__button wp-element-button\" download aria-describedby=\"wp-block-file--media-27d7ffd1-967d-4d13-9311-7eae16144438\">Herunterladen<\/a><\/div>\n\n\n\n<div style=\"height:20px\" aria-hidden=\"true\" class=\"wp-block-spacer\"><\/div>\n\n\n\n<h4 class=\"wp-block-heading\" id=\"01-2026-Komtureisitzung-W-Schoenbrunn\">10. M\u00e4rz 2026<\/h4>\n\n\n\n<p><strong><strong><strong><strong><strong>Komtureisitzung<\/strong><\/strong><\/strong><\/strong><\/strong><br><em><em>Komturei Wien-Sch\u00f6nbrunn<\/em><\/em><br>Ordensresidenz, Rennweg 10, 1030 Wien, \u00d6sterreich<br>Beginn: 18:30 Uhr<\/p>\n\n\n\n<p>Mag. Jasmin Soravia h\u00e4lt im Rahmen des Komtureitreffens einen Vortrag.<\/p>\n\n\n\n<p>Ansprechpartner: Komtur Mag. Thomas Baumgartner<br>Anmeldung bis 28. Februar 2026 an <a href=\"mailto:baumgartner@benedicon.com\">baumgartner@benedicon.com<\/a><\/p>\n\n\n\n<div style=\"height:20px\" aria-hidden=\"true\" class=\"wp-block-spacer\"><\/div>\n\n\n\n<h4 class=\"wp-block-heading\" id=\"01-2026-Technisches-Museum\">25. M\u00e4rz 2026<\/h4>\n\n\n\n<p><strong><strong><strong><strong><strong>Ausflug mit den Senioren des Carolusheims<\/strong><\/strong><\/strong><\/strong><\/strong><br><em><em>Damen des St. Georgs-Orden<\/em><\/em><br>Technisches Museum, Mariahilfer Stra\u00dfe 212, 1140 Wien, \u00d6sterreich<br>Beginn: 14:00 Uhr<\/p>\n\n\n\n<p>1:1 Beigleitung der Senioren mit Rollst\u00fchlen und Gehilfen beim Ausflug ins Technische Museum.<\/p>\n\n\n\n<p>Ansprechpartner: Marina Huller<br>Anmeldung an <a href=\"mailto:nini.huller@gmail.com\">nini.huller@gmail.com<\/a><\/p>\n\n\n\n<div style=\"height:20px\" aria-hidden=\"true\" class=\"wp-block-spacer\"><\/div>\n\n\n\n<h4 class=\"wp-block-heading\" id=\"01-2026-DNA-Analyse\">27. M\u00e4rz 2026<\/h4>\n\n\n\n<p><strong><strong><strong><strong>DNA-Analyse: Ein Lichtschalter f\u00fcr den eigenen K\u00f6rper<\/strong><\/strong><\/strong><\/strong><br><em><em>Komturei Burgenland<\/em><\/em><br>Mercedes Autohaus Ermler, Obere Hauptstra\u00dfe 92, 7121 Weiden am See, \u00d6sterreich<br>Beginn: 18:00 Uhr<\/p>\n\n\n\n<p>In seinem Vortrag geht Mag. J\u00f6rg Bodingbauer auf die personalisierte Optimierung der Gesundheit mithilfe von Mikron\u00e4hrstoffen, Fitness, Pharmako und Pr\u00e4ventionsgenetik ein.<\/p>\n\n\n\n<p>Ansprechpartner: Komtur HR Dieter Tischler<br>Anmeldung bis 23. M\u00e4rz 2026 an <a href=\"mailto:dieter.tischler@aon.at\">dieter.tischler@aon.at<\/a><\/p>\n","protected":false},"excerpt":{"rendered":"<p>Ordensweite Veranstaltungen Buchvorstellung \u201eCancel-Culture\u201c 19. Februar 2026Ordensresidenz, Rennweg 10, 1030 Wien, \u00d6sterreichBeginn: 19:00 Uhr Der Vorsitzende der Ehrenritter,&nbsp;Landeshauptmann a.D. Prof. Dr. Franz Schausberger, pr\u00e4sentiert sein j\u00fcngstes Buch mit dem Titel \u201eCANCEL-CULTURE \u2013 Moralisierung und Anma\u00dfung der Selbstgerechten\u201c. Darin wird jenes gef\u00e4hrliche Ph\u00e4nomen analysiert, das Begriffe des t\u00e4glichen Zusammenlebens, historisch gewachsene W\u00f6rter, menschliche Ordnungen und nicht &#8230; <a title=\"Newsletter 01-2026\" class=\"read-more\" href=\"https:\/\/www.georgsorden.eu\/de\/newsletter-01-2026\/\" aria-label=\"Mehr Informationen \u00fcber Newsletter 01-2026\">Weiterlesen<\/a><\/p>\n","protected":false},"author":1,"featured_media":0,"comment_status":"closed","ping_status":"closed","sticky":false,"template":"","format":"standard","meta":{"footnotes":""},"categories":[172],"tags":[],"class_list":["post-17840","post","type-post","status-publish","format-standard","hentry","category-newsletter"],"publishpress_future_action":{"enabled":false,"date":"2026-05-09 02:17:55","action":"category","newStatus":"draft","terms":[],"taxonomy":"category","extraData":[]},"publishpress_future_workflow_manual_trigger":{"enabledWorkflows":[]},"rttpg_featured_image_url":null,"rttpg_author":{"display_name":"iktopia","author_link":"https:\/\/www.georgsorden.eu\/de\/author\/iktopia\/"},"rttpg_comment":0,"rttpg_category":"<a href=\"https:\/\/www.georgsorden.eu\/de\/category\/newsletter\/\" rel=\"category tag\">Newsletter<\/a>","rttpg_excerpt":"Ordensweite Veranstaltungen Buchvorstellung \u201eCancel-Culture\u201c 19. Februar 2026Ordensresidenz, Rennweg 10, 1030 Wien, \u00d6sterreichBeginn: 19:00 Uhr Der Vorsitzende der Ehrenritter,&nbsp;Landeshauptmann a.D. Prof. Dr. Franz Schausberger, pr\u00e4sentiert sein j\u00fcngstes Buch mit dem Titel \u201eCANCEL-CULTURE \u2013 Moralisierung und Anma\u00dfung der Selbstgerechten\u201c. Darin wird jenes gef\u00e4hrliche Ph\u00e4nomen analysiert, das Begriffe des t\u00e4glichen Zusammenlebens, historisch gewachsene W\u00f6rter, menschliche Ordnungen und nicht&hellip;","_links":{"self":[{"href":"https:\/\/www.georgsorden.eu\/de\/wp-json\/wp\/v2\/posts\/17840","targetHints":{"allow":["GET"]}}],"collection":[{"href":"https:\/\/www.georgsorden.eu\/de\/wp-json\/wp\/v2\/posts"}],"about":[{"href":"https:\/\/www.georgsorden.eu\/de\/wp-json\/wp\/v2\/types\/post"}],"author":[{"embeddable":true,"href":"https:\/\/www.georgsorden.eu\/de\/wp-json\/wp\/v2\/users\/1"}],"replies":[{"embeddable":true,"href":"https:\/\/www.georgsorden.eu\/de\/wp-json\/wp\/v2\/comments?post=17840"}],"version-history":[{"count":26,"href":"https:\/\/www.georgsorden.eu\/de\/wp-json\/wp\/v2\/posts\/17840\/revisions"}],"predecessor-version":[{"id":18094,"href":"https:\/\/www.georgsorden.eu\/de\/wp-json\/wp\/v2\/posts\/17840\/revisions\/18094"}],"wp:attachment":[{"href":"https:\/\/www.georgsorden.eu\/de\/wp-json\/wp\/v2\/media?parent=17840"}],"wp:term":[{"taxonomy":"category","embeddable":true,"href":"https:\/\/www.georgsorden.eu\/de\/wp-json\/wp\/v2\/categories?post=17840"},{"taxonomy":"post_tag","embeddable":true,"href":"https:\/\/www.georgsorden.eu\/de\/wp-json\/wp\/v2\/tags?post=17840"}],"curies":[{"name":"wp","href":"https:\/\/api.w.org\/{rel}","templated":true}]}}