{"id":18288,"date":"2026-04-28T17:16:49","date_gmt":"2026-04-28T15:16:49","guid":{"rendered":"https:\/\/www.georgsorden.eu\/?p=18288"},"modified":"2026-04-30T09:36:07","modified_gmt":"2026-04-30T07:36:07","slug":"newsletter-04-2026","status":"publish","type":"post","link":"https:\/\/www.georgsorden.eu\/de\/newsletter-04-2026\/","title":{"rendered":"Newsletter 04-2026"},"content":{"rendered":"\n<h2 class=\"wp-block-heading\">Komturei\u00fcbergreifende Veranstaltungen<\/h2>\n\n\n\n<h4 class=\"wp-block-heading\" id=\"04-2026-Sommerfest\">3. Juli 2026<\/h4>\n\n\n\n<p><strong>Sommerfest<\/strong><br><em>Wiener Komtureien<\/em><br>St. Georgs-Garten bei der Ordensresidenz, Rennweg 10, 1030 Wien, \u00d6sterreich<br>Beginn: 18:00 Uhr<\/p>\n\n\n\n<p>Die Wiener Komtureien laden zum mittlerweile traditionellen gemeinsamen Sommerfest in den St. Georgs-Garten ein. N\u00e4here Informationen sind der untenstehenden Einladung zu entnehmen.<\/p>\n\n\n\n<p>Spende f\u00fcr Unkosten und Konsumation: 40,00 Euro<\/p>\n\n\n\n<p>Anmeldung bis 26. Juni 2026 unter <a href=\"https:\/\/www.tickettailor.com\/events\/vereindessanctgeorgsorden\/2074017\">https:\/\/www.tickettailor.com\/events\/vereindessanctgeorgsorden\/2074017<\/a><\/p>\n\n\n\n<div class=\"wp-block-file\"><a id=\"wp-block-file--media-cda19ccb-308d-41d7-8e27-58a46aafe44d\" href=\"https:\/\/www.georgsorden.eu\/wp-content\/uploads\/2026\/02\/Einladung-Sommerfest-2026.pdf\" target=\"_blank\" rel=\"noreferrer noopener\">Einladung<\/a><a href=\"https:\/\/www.georgsorden.eu\/wp-content\/uploads\/2026\/02\/Einladung-Sommerfest-2026.pdf\" class=\"wp-block-file__button wp-element-button\" download aria-describedby=\"wp-block-file--media-cda19ccb-308d-41d7-8e27-58a46aafe44d\">Herunterladen<\/a><\/div>\n\n\n\n<hr class=\"wp-block-separator has-alpha-channel-opacity is-style-default\"\/>\n\n\n\n<h2 class=\"wp-block-heading\">Komturei-Veranstaltungen<\/h2>\n\n\n\n<h4 class=\"wp-block-heading\" id=\"04-2026-KI\">5. Mai 2026<\/h4>\n\n\n\n<p><strong><strong><strong><strong><strong>K\u00fcnstliche Intelligenz im Spannungsfeld von Recht, Ethik, Gerechtigkeit und Intelligenz<\/strong><\/strong><\/strong><\/strong><\/strong><br><em><em>Damen des St. Georgs-Orden<\/em><\/em><br>Ordensresidenz, Rennweg 10, 1030 Wien, \u00d6sterreich<br>Beginn: 19:00 Uhr<\/p>\n\n\n\n<p>Welche Rolle spielt die KI im Recht? Hat KI auch Gerechtigkeitssinn, Weisheit, Reife und Mitgef\u00fchl? Kann KI beurteilen, was fair, gerecht und verh\u00e4ltnism\u00e4\u00dfig ist? Werden Recht und Ethik die KI einschr\u00e4nken oder wird KI beginnen, das Recht zu kontrollieren und unsere ethischen Normen zu beeinflussen und zu \u00e4ndern?<\/p>\n\n\n\n<p>Der Vortrag von Ehrendame Prof. Dr. Verica Trstenjak besch\u00e4ftigt sich mit diesen und weiteren Fragen rund um das Thema K\u00fcnstliche Intelligenz.<\/p>\n\n\n\n<p>Die Vortragende ist ehemalige Generalanw\u00e4ltin am Europ\u00e4ischen Gerichtshof in Luxemburg. N\u00e4here Informationen zur Person sind im untenstehenden Lebenslauf zu finden.<\/p>\n\n\n\n<p>Ansprechpartnerin: Sabine Kettner<br>Anmeldung bis 3. Mai 2026 an <a href=\"mailto:damen.organisation@georgsorden.eu\">damen.organisation@georgsorden.eu<\/a><\/p>\n\n\n\n<div class=\"wp-block-file\"><a id=\"wp-block-file--media-dd2f2952-92b0-4e10-a0cc-705de7a7061b\" href=\"https:\/\/www.georgsorden.eu\/wp-content\/uploads\/2026\/04\/CV-short-Trstenjak-2025.pdf\">Lebenslauf der Vortragenden<\/a><a href=\"https:\/\/www.georgsorden.eu\/wp-content\/uploads\/2026\/04\/CV-short-Trstenjak-2025.pdf\" class=\"wp-block-file__button wp-element-button\" download aria-describedby=\"wp-block-file--media-dd2f2952-92b0-4e10-a0cc-705de7a7061b\">Herunterladen<\/a><\/div>\n\n\n\n<div style=\"height:20px\" aria-hidden=\"true\" class=\"wp-block-spacer\"><\/div>\n\n\n\n<h4 class=\"wp-block-heading\" id=\"04-2026-Zigarrenabend\">8. Mai 2026<\/h4>\n\n\n\n<p><strong><strong><strong><strong><strong>3. Zigarren- und Genussabend<\/strong><\/strong><\/strong><\/strong><\/strong><br><em><em>Komturei Burgenland<\/em><\/em><br>Der Graf im Stadthaus, Kirchengasse 2, 7100 Neusiedl am See, \u00d6sterreich<br>Beginn: 17:30 Uhr<\/p>\n\n\n\n<p>Bereits zum 3. Mal l\u00e4dt die Komturei Burgenland schon zu einem Zigarren- und Genussabend, diesmal nach Neusiedl am See.<\/p>\n\n\n\n<p>Ansprechpartner: Komtur HR Dieter Tischler<br>Anmeldung bis 5. Mai 2026 an <a href=\"mailto:dieter.tischler@aon.at\">dieter.tischler@aon.at<\/a><\/p>\n\n\n\n<div style=\"height:20px\" aria-hidden=\"true\" class=\"wp-block-spacer\"><\/div>\n\n\n\n<h4 class=\"wp-block-heading\" id=\"04-2026-Audienz\">16. Mai 2026<\/h4>\n\n\n\n<p><strong><strong><strong><strong><strong><strong>Audienz bei Kaiser Karl I.<\/strong><\/strong><\/strong><\/strong><\/strong><\/strong><br><em><em>Komturei Tschechien<\/em><\/em><br>Schloss Brandeis an der Elbe, 250 01 Brand\u00fds nad Labem-Star\u00e1 Boleslav 1, Tschechien<\/p>\n\n\n\n<p>Die Komturei Tschechien l\u00e4dt zu einer Audienz bei Kaiser Karl I. sowie einer feierlichen Messe im hl. Jungfrau Maria Himmelfahrts-Dom ein.<\/p>\n\n\n\n<p>Im Jahr 2026 erinnern wir uns an den 500-j\u00e4hrigen Jahrestag der Besteigung der Habsburger Dynastie auf den b\u00f6hmischen K\u00f6nigsthron (durch Kaiser Ferdind I. im Jahre 1526). Die diesj\u00e4hrige Audienz bei Kaiser Karl I. wird diesem Jahrestag gewidmet und findet in Schloss Brandeis an der Elbe statt, in dem alle Kaiser und K\u00f6nige der Dynastie Habsburg-Lothringen von 1547 bis 1918 lebten.<\/p>\n\n\n\n<p>Die feierliche Messe im hl. Jungfrau Maria Himmelsfahrt-Dom in Altbunzlau wird von Pater PhDr. Marek Pu\u010dal\u00edk, PhD, O.Cr., Rektor der Karlskirche in Wien, zelebriert, musikalisch umrahmt von der Kr\u00f6nungsmesse, die anl\u00e4sslich des Prager Kr\u00f6nungsfestes f\u00fcr Kaiser Ferdinand I. (V.) 1836 vom bekannten tschechischen Komponisten J.V. Tomaschek geschrieben wurde.<\/p>\n\n\n\n<p>Ansprechpartner: Komtur Dr. Milan Novak<\/p>\n\n\n\n<div style=\"height:20px\" aria-hidden=\"true\" class=\"wp-block-spacer\"><\/div>\n\n\n\n<h4 class=\"wp-block-heading\" id=\"04-2026-Habsburgisch\">19. Mai 2026<\/h4>\n\n\n\n<p><strong><strong><strong><strong><strong><strong>Buchvorstellung <strong>\u201eSprechen Sie Habsburgisch?\u201c<\/strong><\/strong><\/strong><\/strong><\/strong><\/strong><\/strong><br><em><em>Damen des St. Georgs-Orden<\/em><\/em><br>Ordensresidenz, Rennweg 10, 1030 Wien, \u00d6sterreich<br>Beginn: 19:00 Uhr<\/p>\n\n\n\n<p>SKKH Eduard von Habsburg stellt sein Buch&nbsp;\u201eSprechen Sie Habsburgisch?\u201c vor.<\/p>\n\n\n\n<p>Ansprechpartner: Kanzleramt<br>Anmeldung unter <a href=\"mailto:kanzleramt@georgsorden.eu\">kanzleramt@georgsorden.eu<\/a><\/p>\n\n\n\n<div style=\"height:20px\" aria-hidden=\"true\" class=\"wp-block-spacer\"><\/div>\n\n\n\n<h4 class=\"wp-block-heading\" id=\"04-2026-Kunstkammer\">28. Mai 2026<\/h4>\n\n\n\n<p><strong><strong><strong><strong><strong><strong>Sonderf\u00fchrung im Kunsthistorischen Museum\/Kunstkammer<\/strong><\/strong><\/strong><\/strong><\/strong><\/strong><br><em><em>Komturei Wien &#8211; Arsenal<\/em><\/em><br>Kunsthistorisches Museum, Maria Theresien Platz, 1010 Wien, \u00d6sterreich<br>Beginn: 17:30 Uhr<\/p>\n\n\n\n<p>Sonderf\u00fchrung in der Kunstkammer der Sammlung des Hauses Habsburg mit Schwerpunkten auf die ber\u00fchmten Goldschmiedearbeiten (Saliera), den Skulpturen (Krumauer Madonna), Elfenbeinarbeiten, Uhren (Wiener Planetenuhr), mechanischen Automaten (Mechanische Galeone) und wissenschaftlichen Instrumenten.<\/p>\n\n\n\n<p>Anschlie\u00dfend gemeinsamer Besuch eines Wiener Kaffeehauses.<\/p>\n\n\n\n<p>Ansprechpartner: Vizekomtur KommR Ewald Laiser<br>Anmeldung bis 25. Mai 2026 unter <a href=\"mailto:ewald.laister@gmail.com\">ewald.laister@gmail.com<\/a><\/p>\n\n\n\n<div style=\"height:20px\" aria-hidden=\"true\" class=\"wp-block-spacer\"><\/div>\n\n\n\n<h4 class=\"wp-block-heading\" id=\"04-2026-Oldtimer\">31. Mai 2026<\/h4>\n\n\n\n<p><strong><strong><strong><strong><strong><strong>Motorrad- und Oldtimerausfahrt mit Segnung<\/strong><\/strong><\/strong><\/strong><\/strong><\/strong><br><em><em>Komturei Wien &#8211; Hofburg<\/em><\/em><br>Stift Lilienfeld, Klosterrotte 1, 3180 Lilienfeld, \u00d6sterreich<br>Treffpunkt: 11:00 Uhr<\/p>\n\n\n\n<p>Die Komturei Wien &#8211; Hofburg freut sich auf eine sch\u00f6ne gemeinsame Ausfahrt, gute Gespr\u00e4che und unvergessliche Eindr\u00fccke.<\/p>\n\n\n\n<p>Programm<\/p>\n\n\n\n<figure class=\"wp-block-table\"><table><tbody><tr><td>11:00<\/td><td>Treffpunkt beim Haupteingang von Stift Lilienfeld<\/td><\/tr><tr><td>11:15<\/td><td>Motorrad- und Oldtimersegnung im Pr\u00e4latenhof durch den Hochw\u00fcrdigsten Herrn Abt von Lilienfeld, Pius Maurer<\/td><\/tr><tr><td>11:45<\/td><td>Abfahrt in Richtung Hubertussee<\/td><\/tr><tr><td>13:15<\/td><td>Mittagessen, Hubertussee \u201eWuchtl Wirtin\u201c<\/td><\/tr><tr><td>14:45<\/td><td>Weiterfahrt \u00fcber Lahnsattel nach Reichenau an der Rax<\/td><\/tr><tr><td>16:15<\/td><td>Ende der Veranstaltung in Reichenau an der Rax (BP-Tankstelle, Hauptstra\u00dfe 92, 2651 Reichenau an der Rax \u2013 ca. 10 Minuten bis zur S6 Semmering Schnellstra\u00dfe)<\/td><\/tr><\/tbody><\/table><\/figure>\n\n\n\n<p>Optional<\/p>\n\n\n\n<figure class=\"wp-block-table\"><table><tbody><tr><td>16:20<\/td><td>R\u00fcckfahrt \u00fcber H\u00f6llental-Klostertal-Kalte Kuchl-Lilienfeld-Traisen (Ende bei Hofer-Tankstelle, Gewerbestra\u00dfe 2, 3160 Traisen)<\/td><\/tr><\/tbody><\/table><\/figure>\n\n\n\n<p>Anmerkungen: <\/p>\n\n\n\n<ul class=\"wp-block-list\">\n<li>Sowohl Lilienfeld als auch Reichenau an der Rax sind von Wien in ungef\u00e4hr einer Stunde gut erreichbar.<\/li>\n\n\n\n<li>Die Kosten tr\u00e4gt jeder Teilnehmer selbst. <\/li>\n\n\n\n<li>Es wird keine Haftung f\u00fcr etwaige Sch\u00e4den \u00fcbernommen. <\/li>\n<\/ul>\n\n\n\n<p>Wichtig:<\/p>\n\n\n\n<ul class=\"wp-block-list\">\n<li>Um keine unn\u00f6tige Zeit zu verlieren, bitten wir Sie, mit vollgetanktem Fahrzeug zur Veranstaltung zu kommen.&nbsp;&nbsp;<\/li>\n<\/ul>\n\n\n\n<p>Ansprechpartner: J\u00fcrgen Gruber<br>Anmeldung bis 22. Mai 2026 unter <a href=\"mailto:juergen.gruber@polizei.gv.at\">juergen.gruber@polizei.gv.at<\/a><\/p>\n\n\n\n<div class=\"wp-block-file\"><a id=\"wp-block-file--media-fd70ceed-bc99-4b26-97ea-d8a65385404f\" href=\"https:\/\/www.georgsorden.eu\/wp-content\/uploads\/2026\/04\/Route-Motorrad-Oldtimer-Ausfahrt-2026.png\" rel=\"lightbox-0\">Route<\/a><a href=\"https:\/\/www.georgsorden.eu\/wp-content\/uploads\/2026\/04\/Route-Motorrad-Oldtimer-Ausfahrt-2026.png\" class=\"wp-block-file__button wp-element-button\" download aria-describedby=\"wp-block-file--media-fd70ceed-bc99-4b26-97ea-d8a65385404f\" rel=\"lightbox-1\">Herunterladen<\/a><\/div>\n\n\n\n<div style=\"height:20px\" aria-hidden=\"true\" class=\"wp-block-spacer\"><\/div>\n\n\n\n<h4 class=\"wp-block-heading\" id=\"04-2026-Hirschstetten\">2. Juni 2026<\/h4>\n\n\n\n<p><strong><strong><strong><strong><strong><strong>Ausflug mit den Senioren des Carolusheims<\/strong><\/strong><\/strong><\/strong><\/strong><\/strong><br><em><em>Damen des St. Georgs-Orden<\/em><\/em><br>Blumeng\u00e4rten Hirschstetten, Quadenstra\u00dfe 15, 1220 Wien, \u00d6sterreich<br>Beginn: 14:00 Uhr<\/p>\n\n\n\n<p>1:1 Begleitung der Senioren mit Rollst\u00fchlen und Gehilfen in die Blumeng\u00e4rten Hirschstetten.<\/p>\n\n\n\n<p>Ansprechpartnerin: Marina Huller<br>Anmeldung bis 18. Mai 2026 unter <a href=\"mailto:damen.organisation@georgsorden.eu\">damen.organisation@georgsorden.eu<\/a><\/p>\n\n\n\n<div style=\"height:20px\" aria-hidden=\"true\" class=\"wp-block-spacer\"><\/div>\n\n\n\n<h4 class=\"wp-block-heading\" id=\"04-2026-Nordirland\">5. &#8211; 7. Juni 2026<\/h4>\n\n\n\n<p><strong><strong><strong><strong><strong>Wochenende in Nordirland<\/strong><\/strong><\/strong><\/strong><\/strong><br><em><em><em>Komturei Gro\u00dfbritannien &amp; Nordirland<\/em><\/em><\/em><\/p>\n\n\n\n<p>Von 5. \u2013 7. Juni 2026 wird ein Wochenende in Nordirland organisiert, mit \u00dcbernachtung im Schloss Ballygally aus dem 17. Jahrhundert.<\/p>\n\n\n\n<p>Alle Detailinformationen inkl. Programm und Kosten sind der untenstehenden Einladung zu entnehmen.<\/p>\n\n\n\n<p>Ansprechpartner: Komtur David Mackintosh, BA<br>Anmeldung bis 27. M\u00e4rz 2026 unter <a href=\"mailto:info@orderofstgeorge.org.uk\">info@orderofstgeorge.org.uk<\/a><\/p>\n\n\n\n<div class=\"wp-block-file\"><a id=\"wp-block-file--media-97251741-d9a7-4778-b85f-ec254fac257d\" href=\"https:\/\/www.georgsorden.eu\/wp-content\/uploads\/2026\/04\/UK-Commandery-event-Northern-Ireland-2026.pdf\">Einladung<\/a><a href=\"https:\/\/www.georgsorden.eu\/wp-content\/uploads\/2026\/04\/UK-Commandery-event-Northern-Ireland-2026.pdf\" class=\"wp-block-file__button wp-element-button\" download aria-describedby=\"wp-block-file--media-97251741-d9a7-4778-b85f-ec254fac257d\">Herunterladen<\/a><\/div>\n\n\n\n<div style=\"height:20px\" aria-hidden=\"true\" class=\"wp-block-spacer\"><\/div>\n\n\n\n<h4 class=\"wp-block-heading\" id=\"04-2026-Gruft\">6. Juni 2026<\/h4>\n\n\n\n<p><strong><strong><strong><strong><strong><strong>Gruftbesuch in der Michaelerkirche<\/strong><\/strong><\/strong><\/strong><\/strong><\/strong><br><em><em>Damen des St. Georgs-Orden<\/em><\/em><br>Michaelerplatz 5, 1010 Wien, \u00d6sterreich<br>Beginn: 14:00 Uhr, Treffpunkt 13:45 Uhr vor der Kirche, bei Regenwetter im Inneren<\/p>\n\n\n\n<p>Im Rahmen der Kulturecke wird die Gruft unter der Michaelerkirche besucht, die eine christliche Begr\u00e4bnisst\u00e4tte ist, in der bis zum Jahr 1783 Bestattungen vorgenommen wurden.<\/p>\n\n\n\n<p>Ansprechpartnerin: Elisabeth Ulm<br>Anmeldung bis 1. Juni 2026 unter <a href=\"mailto:damen.organisation@georgsorden.eu\">damen.organisation@georgsorden.eu<\/a><\/p>\n\n\n\n<div style=\"height:20px\" aria-hidden=\"true\" class=\"wp-block-spacer\"><\/div>\n\n\n\n<h4 class=\"wp-block-heading\" id=\"04-2026-Trendforscherin\">11. Juni 2026<\/h4>\n\n\n\n<p><strong><strong><strong><strong><strong><strong>Komtureisitzung<\/strong><\/strong><\/strong><\/strong><\/strong><\/strong> <strong>mit Vortrag<\/strong><br><em><em>Komturei Steiermark\/K\u00e4rnten &#8211; Schlossberg<\/em><\/em><br>Hotel Mariahilf, Mariahilfer Stra\u00dfe 9, 8020 Graz, \u00d6sterreich<br>Beginn: 18:00 Uhr<\/p>\n\n\n\n<p>Komtur Mag. Andreas Schwarz, MBA, l\u00e4dt zur Komtureisitzung mit Vortrag der Trendforscherin Mag. Christiane Varga \u00fcber aktuelle Herausforderungen wirtschaftlicher, sozialer und technologischer Natur &#8211; Kollektive Verantwortung als Voraussetzung zur Zukunftsf\u00e4higkeit.<\/p>\n\n\n\n<p>Ansprechpartner: Komtur Mag. Andreas&nbsp;Schwarz, MBA<br>Anmeldung bis 7. Juni 2026 unter <a href=\"mailto:sgo.komturei.stmk.ktn@gmail.com\">sgo.komturei.stmk.ktn@gmail.com<\/a><\/p>\n\n\n\n<div style=\"height:20px\" aria-hidden=\"true\" class=\"wp-block-spacer\"><\/div>\n\n\n\n<h4 class=\"wp-block-heading\" id=\"04-2026-Salon-Prive\">19. &#8211; 21. Juni 2026<\/h4>\n\n\n\n<p><strong><strong><strong><strong><strong><strong><strong>Salon Priv\u00e9<\/strong><\/strong><\/strong><\/strong><\/strong><\/strong><\/strong><br><em><em>Damen des St. Georgs-Orden<\/em><\/em><br>Bodensee, Deutschland<\/p>\n\n\n\n<p>Der diesj\u00e4hrige Salon Priv\u00e9 findet am sch\u00f6nen Bodensee statt. Details folgen so bald wie m\u00f6glich.<\/p>\n\n\n\n<p>Ansprechpartner: Kanzleramt<br>Anmeldung unter <a href=\"mailto:kanzleramt@georgsorden.eu\">kanzleramt@georgsorden.eu<\/a><\/p>\n\n\n\n<div style=\"height:20px\" aria-hidden=\"true\" class=\"wp-block-spacer\"><\/div>\n\n\n\n<h4 class=\"wp-block-heading\" id=\"04-2026-Vortrag-Kraft\">20. Juni 2026<\/h4>\n\n\n\n<p><strong><strong><strong><strong><strong>Komtureiabend mit Vortrag<\/strong><\/strong><\/strong><\/strong><\/strong><br><em><em><em>Komturei Salzburg\/Ober\u00f6sterreich\/Bayern &#8211; Hohensalzburg<\/em><\/em><\/em><br>Gut Ising am Chiemsee, Kirchberg 3, 83339 Chieming, Deutschland<br>Beginn: 17:15 Uhr<\/p>\n\n\n\n<p>Eike Alexander Kraft, MBA, h\u00e4lt im Rahmen des Komtureiabends einen Vortrag zum Thema \u201eOrientierung, Haltung, Klarheit &#8211; Verantwortung von Kommunikation und Medien in aufgeregten Zeiten\u201c.<\/p>\n\n\n\n<p>Ansprechpartner: Komtur DI Dr. Wilhelm von Zitzewitz<br>Anmeldung bis 12. Juni 2026 unter <a href=\"mailto:vonzitzewitzw@gmail.com\">vonzitzewitzw@gmail.com<\/a><\/p>\n\n\n\n<div style=\"height:20px\" aria-hidden=\"true\" class=\"wp-block-spacer\"><\/div>\n\n\n\n<h4 class=\"wp-block-heading\" id=\"04-2026-Huegelgraebermuseum\">25. Juni 2026<\/h4>\n\n\n\n<p><strong><strong><strong><strong><strong>Besuch des H\u00fcgelgr\u00e4bermuseums<\/strong><\/strong><\/strong><\/strong><\/strong><br><em><em><em>Komturei Burgenland<\/em><\/em><\/em><br>7472 Schandorf 150, \u00d6sterreich<br>Beginn: 16:00 Uhr<\/p>\n\n\n\n<p>Die Komturei organisiert eine F\u00fchrung durch das H\u00fcgelgr\u00e4bermuseum in Schandorf.<\/p>\n\n\n\n<p>Ansprechpartner: Komtur HR Dieter Tischler<br>Anmeldung bis 22. Juni 2026 unter <a href=\"mailto:dieter.tischler@aon.at\">dieter.tischler@aon.at<\/a><\/p>\n\n\n\n<div style=\"height:20px\" aria-hidden=\"true\" class=\"wp-block-spacer\"><\/div>\n\n\n\n<h4 class=\"wp-block-heading\" id=\"04-2026-TurAbdin\">26. &#8211; 30. August 2026<\/h4>\n\n\n\n<p><strong><strong><strong><strong><strong>Freundschaftsreise in den Tur Abdin<\/strong><\/strong><\/strong><\/strong><\/strong><br><em><em>Damen des St. Georgs-Orden<\/em><\/em><\/p>\n\n\n\n<p>Manchmal gibt es Orte, die sich anf\u00fchlen, als w\u00e4re die Zeit dort stehen geblieben. Der Tur Abdin im S\u00fcdosten der T\u00fcrkei, an der Grenze zu Syrien und nicht weit von der Grenze zum Irak, ist so ein Ort \u2013 eine Landschaft voller Stille, uralter Kl\u00f6ster und lebendiger Traditionen.<\/p>\n\n\n\n<p>Nachdem unser Gro\u00dfmeister Karl von Habsburg im August 2020 den Tur Abdin besuchte, organisierten die Ordensdamen ihre erste Reise in den Tur Abdin im August 2023, und f\u00fcr heuer ist von 26. &#8211; 30. August 2026 die n\u00e4chsten Reise geplant, die unter dem Ehrenschutz von SKKH Karl von Habsburg steht.<\/p>\n\n\n\n<p>Unter der Reiseleitung von Ap. Prof. Dr. Aho Shemunkasho, der aus dem Tur Abdin stammt und Syrisch-Aram\u00e4isch spricht, wird es keine gew\u00f6hnliche Sightseeing-Tour, sondern eine Reise der Begegnungen und der Inspiration.<\/p>\n\n\n\n<p><strong>Gruppengr\u00f6\u00dfe<\/strong><br>20 Personen<\/p>\n\n\n\n<p><strong>Reisekosten<\/strong><br>Insgesamt ca. \u20ac 1.350,00 &#8211; \u20ac 1.550,00 pro Person (inklusive Flugtickets, Bustransfers, Unterkunft, Mahlzeiten und Eintrittskarten)<\/p>\n\n\n\n<p><strong>Verbindliche Anmeldung<\/strong><br>bis sp\u00e4testens 20. M\u00e4rz 2026 an <a href=\"mailto:kanzleramt@georgsorden.eu\">kanzleramt@georgsorden.eu<\/a><\/p>\n\n\n\n<p>Alle weiteren Details sind der untenstehenden Information zur Reise zu entnehmen.<\/p>\n\n\n\n<div class=\"wp-block-file\"><a id=\"wp-block-file--media-2354ac94-0951-4095-8cb0-9cf10dc8f5d3\" href=\"https:\/\/www.georgsorden.eu\/wp-content\/uploads\/2026\/02\/Tur-Abdin-Reise-2026.pdf\">Information zur Reise<\/a><a href=\"https:\/\/www.georgsorden.eu\/wp-content\/uploads\/2026\/02\/Tur-Abdin-Reise-2026.pdf\" class=\"wp-block-file__button wp-element-button\" download aria-describedby=\"wp-block-file--media-2354ac94-0951-4095-8cb0-9cf10dc8f5d3\">Herunterladen<\/a><\/div>\n\n\n\n<div style=\"height:20px\" aria-hidden=\"true\" class=\"wp-block-spacer\"><\/div>\n\n\n\n<h4 class=\"wp-block-heading\" id=\"04-2026-Golfturnier\">TERMINANK\u00dcNDIGUNG <br>25. September 2026<\/h4>\n\n\n\n<p><strong><strong><strong><strong><strong><strong>Benefiz-Golfturnier im Golfclub Poysdorf<\/strong><\/strong><\/strong><\/strong><\/strong><\/strong><br><em><em>Damen des St. Georgs-Orden<\/em><\/em><\/p>\n\n\n\n<p>Die Damen des St. Georgs-Orden organisieren ein Benefiz-Golfturnier in Poysdorf. <br>Bitte Termin vormerken &#8211; Details folgen zu einem sp\u00e4teren Zeitpunkt. <\/p>\n\n\n\n<p>Ansprechpartner: Kanzleramt<br>Anmeldung unter <a href=\"mailto:kanzleramt@georgsorden.eu\">kanzleramt@georgsorden.eu<\/a><\/p>\n\n\n\n<div style=\"height:20px\" aria-hidden=\"true\" class=\"wp-block-spacer\"><\/div>\n\n\n\n<h4 class=\"wp-block-heading\" id=\"04-2026-Advent-London\">TERMINANK\u00dcNDIGUNG <br>17. &#8211; 18. Dezember 2026<\/h4>\n\n\n\n<p><strong><strong><strong><strong><strong><strong><strong>Adventveranstaltung in London<\/strong><\/strong><\/strong><\/strong><\/strong><\/strong><\/strong><br><em><em>Komturei Gro\u00dfbritannien &amp; Nordirland<\/em><\/em><\/p>\n\n\n\n<p>Die Komturei l\u00e4dt zu einer zweit\u00e4gigen Veranstaltung in London, um die Stadt in dieser besonderen Jahreszeit zu erleben.<\/p>\n\n\n\n<p>Alle Details sind der untenstehenden Einladung zu entnehmen.<\/p>\n\n\n\n<p>Ansprechpartner: Komtur David Mackintosh, BA<br>Anmeldung unter <a href=\"mailto:info@orderofstgeorge.org.uk\">info@orderofstgeorge.org.uk<\/a><\/p>\n\n\n\n<div class=\"wp-block-file\"><a id=\"wp-block-file--media-913a8eba-b38f-458f-89e5-4ebdd839fdd4\" href=\"https:\/\/www.georgsorden.eu\/wp-content\/uploads\/2026\/04\/12-2026-UK-Commandery-event-London.pdf\" target=\"_blank\" rel=\"noreferrer noopener\">Einladung<\/a><a href=\"https:\/\/www.georgsorden.eu\/wp-content\/uploads\/2026\/04\/12-2026-UK-Commandery-event-London.pdf\" class=\"wp-block-file__button wp-element-button\" download aria-describedby=\"wp-block-file--media-913a8eba-b38f-458f-89e5-4ebdd839fdd4\">Herunterladen<\/a><\/div>\n","protected":false},"excerpt":{"rendered":"<p>Komturei\u00fcbergreifende Veranstaltungen 3. Juli 2026 SommerfestWiener KomtureienSt. Georgs-Garten bei der Ordensresidenz, Rennweg 10, 1030 Wien, \u00d6sterreichBeginn: 18:00 Uhr Die Wiener Komtureien laden zum mittlerweile traditionellen gemeinsamen Sommerfest in den St. Georgs-Garten ein. N\u00e4here Informationen sind der untenstehenden Einladung zu entnehmen. Spende f\u00fcr Unkosten und Konsumation: 40,00 Euro Anmeldung bis 26. Juni 2026 unter https:\/\/www.tickettailor.com\/events\/vereindessanctgeorgsorden\/2074017 Komturei-Veranstaltungen &#8230; <a title=\"Newsletter 04-2026\" class=\"read-more\" href=\"https:\/\/www.georgsorden.eu\/de\/newsletter-04-2026\/\" aria-label=\"Mehr Informationen \u00fcber Newsletter 04-2026\">Weiterlesen<\/a><\/p>\n","protected":false},"author":1,"featured_media":0,"comment_status":"closed","ping_status":"closed","sticky":false,"template":"","format":"standard","meta":{"footnotes":""},"categories":[172],"tags":[],"class_list":["post-18288","post","type-post","status-publish","format-standard","hentry","category-newsletter"],"publishpress_future_action":{"enabled":false,"date":"2026-05-07 14:29:02","action":"category","newStatus":"draft","terms":[],"taxonomy":"category","extraData":[]},"publishpress_future_workflow_manual_trigger":{"enabledWorkflows":[]},"rttpg_featured_image_url":null,"rttpg_author":{"display_name":"iktopia","author_link":"https:\/\/www.georgsorden.eu\/de\/author\/iktopia\/"},"rttpg_comment":0,"rttpg_category":"<a href=\"https:\/\/www.georgsorden.eu\/de\/category\/newsletter\/\" rel=\"category tag\">Newsletter<\/a>","rttpg_excerpt":"Komturei\u00fcbergreifende Veranstaltungen 3. Juli 2026 SommerfestWiener KomtureienSt. Georgs-Garten bei der Ordensresidenz, Rennweg 10, 1030 Wien, \u00d6sterreichBeginn: 18:00 Uhr Die Wiener Komtureien laden zum mittlerweile traditionellen gemeinsamen Sommerfest in den St. Georgs-Garten ein. N\u00e4here Informationen sind der untenstehenden Einladung zu entnehmen. Spende f\u00fcr Unkosten und Konsumation: 40,00 Euro Anmeldung bis 26. Juni 2026 unter https:\/\/www.tickettailor.com\/events\/vereindessanctgeorgsorden\/2074017 Komturei-Veranstaltungen&hellip;","_links":{"self":[{"href":"https:\/\/www.georgsorden.eu\/de\/wp-json\/wp\/v2\/posts\/18288","targetHints":{"allow":["GET"]}}],"collection":[{"href":"https:\/\/www.georgsorden.eu\/de\/wp-json\/wp\/v2\/posts"}],"about":[{"href":"https:\/\/www.georgsorden.eu\/de\/wp-json\/wp\/v2\/types\/post"}],"author":[{"embeddable":true,"href":"https:\/\/www.georgsorden.eu\/de\/wp-json\/wp\/v2\/users\/1"}],"replies":[{"embeddable":true,"href":"https:\/\/www.georgsorden.eu\/de\/wp-json\/wp\/v2\/comments?post=18288"}],"version-history":[{"count":20,"href":"https:\/\/www.georgsorden.eu\/de\/wp-json\/wp\/v2\/posts\/18288\/revisions"}],"predecessor-version":[{"id":18388,"href":"https:\/\/www.georgsorden.eu\/de\/wp-json\/wp\/v2\/posts\/18288\/revisions\/18388"}],"wp:attachment":[{"href":"https:\/\/www.georgsorden.eu\/de\/wp-json\/wp\/v2\/media?parent=18288"}],"wp:term":[{"taxonomy":"category","embeddable":true,"href":"https:\/\/www.georgsorden.eu\/de\/wp-json\/wp\/v2\/categories?post=18288"},{"taxonomy":"post_tag","embeddable":true,"href":"https:\/\/www.georgsorden.eu\/de\/wp-json\/wp\/v2\/tags?post=18288"}],"curies":[{"name":"wp","href":"https:\/\/api.w.org\/{rel}","templated":true}]}}