{"id":202,"date":"2020-11-28T11:27:07","date_gmt":"2020-11-28T10:27:07","guid":{"rendered":"https:\/\/www.georgs-orden.at\/de\/?p=202"},"modified":"2021-09-01T14:21:13","modified_gmt":"2021-09-01T12:21:13","slug":"buchempfehlung-karl-von-habsburg","status":"publish","type":"post","link":"https:\/\/www.georgsorden.eu\/de\/buchempfehlung-karl-von-habsburg\/","title":{"rendered":"Buchempfehlung: Karl von Habsburg"},"content":{"rendered":"\n<h3 class=\"wp-block-heading\">Kaiserenkel zwischen den Zeiten, Christoph Matzl<\/h3>\n\n\n\n<div class=\"wp-block-media-text alignwide is-stacked-on-mobile\" style=\"grid-template-columns:34% auto\"><figure class=\"wp-block-media-text__media\"><a href=\"https:\/\/www.georgs-orden.at\/wp-content\/uploads\/2021\/02\/Karl-von-Habsburg_Matzl.jpg\" rel=\"lightbox-0\"><img loading=\"lazy\" decoding=\"async\" width=\"864\" height=\"1024\" src=\"https:\/\/www.georgs-orden.at\/wp-content\/uploads\/2021\/02\/Karl-von-Habsburg_Matzl-864x1024.jpg\" alt=\"\" class=\"wp-image-203 size-full\" srcset=\"https:\/\/www.georgsorden.eu\/wp-content\/uploads\/2021\/02\/Karl-von-Habsburg_Matzl-864x1024.jpg 864w, https:\/\/www.georgsorden.eu\/wp-content\/uploads\/2021\/02\/Karl-von-Habsburg_Matzl-253x300.jpg 253w, https:\/\/www.georgsorden.eu\/wp-content\/uploads\/2021\/02\/Karl-von-Habsburg_Matzl-768x911.jpg 768w, https:\/\/www.georgsorden.eu\/wp-content\/uploads\/2021\/02\/Karl-von-Habsburg_Matzl-1295x1536.jpg 1295w, https:\/\/www.georgsorden.eu\/wp-content\/uploads\/2021\/02\/Karl-von-Habsburg_Matzl-1727x2048.jpg 1727w\" sizes=\"auto, (max-width: 864px) 100vw, 864px\" \/><\/a><\/figure><div class=\"wp-block-media-text__content\">\n<p>Als Grenzg\u00e4nger zwischen der Welt des Adels und der globalen Weltpolitik erinnert sich Karl von Habsburg an pr\u00e4gende Momente seines Lebens. So erz\u00e4hlt er aus seiner Kindheit und Jugend, von beseelten Gespr\u00e4chen mit Kaiserin Zita und philosophiert \u00fcber sein politisches Engagement, seine T\u00e4tigkeit im Kulturg\u00fcterschutz, und geht auf Verschiedenes ein, das ihm in seinem Leben wichtig ist.<\/p>\n\n\n\n<p>Er gibt Einblicke in sein Privatleben und das turbulente Alltagsleben eines Kaiserenkels und Familienoberhaupt der Habsburger im 21. Jahrhundert. Eine Bilanz, reich bebildert mit exklusiven Schnappsch\u00fcssen und Fotos aus dem privaten Familienalbum einer gro\u00dfen Dynastie.<\/p>\n\n\n\n<p><em>Hardcover mit Schutzumschlag, 180 Seiten, durchg\u00e4ngig vierf\u00e4rbig, zahlreiche Fotos, Format 21 x 25 cm, Carl Ueberreuter Verlag<br><\/em><\/p>\n\n\n\n<p><strong>Bestellung f\u00fcr Ordensmitglieder unter <a href=\"mailto:kanzleramt@georgsorden.eu\">kanzleramt@georgsorden.eu<\/a><\/strong><\/p>\n\n\n\n<p><strong>\u00dcber den Autor:<\/strong><br>Christoph Matzl, geboren in Nieder\u00f6sterreich, Studium der Geschichte und Anglistik an der Universit\u00e4t Wien. Seit 1992 Redakteur und seit 2001 Chefreporter der \u201eKronen Zeitung\u201c.<\/p>\n<\/div><\/div>\n\n\n\n<p><\/p>\n","protected":false},"excerpt":{"rendered":"<p>Kaiserenkel zwischen den Zeiten &#8211; ein Buch von Christoph Matzl.<\/p>\n","protected":false},"author":1,"featured_media":203,"comment_status":"closed","ping_status":"closed","sticky":false,"template":"","format":"standard","meta":{"footnotes":""},"categories":[21,27],"tags":[],"class_list":["post-202","post","type-post","status-publish","format-standard","has-post-thumbnail","hentry","category-archiv-2020","category-orden-allgemein"],"publishpress_future_action":{"enabled":false,"date":"2026-05-07 22:56:43","action":"category","newStatus":"draft","terms":[],"taxonomy":"category","extraData":[]},"publishpress_future_workflow_manual_trigger":{"enabledWorkflows":[]},"rttpg_featured_image_url":{"full":["https:\/\/www.georgsorden.eu\/wp-content\/uploads\/2021\/02\/Karl-von-Habsburg_Matzl.jpg",2159,2560,false],"landscape":["https:\/\/www.georgsorden.eu\/wp-content\/uploads\/2021\/02\/Karl-von-Habsburg_Matzl.jpg",2159,2560,false],"portraits":["https:\/\/www.georgsorden.eu\/wp-content\/uploads\/2021\/02\/Karl-von-Habsburg_Matzl.jpg",2159,2560,false],"thumbnail":["https:\/\/www.georgsorden.eu\/wp-content\/uploads\/2021\/02\/Karl-von-Habsburg_Matzl-150x150.jpg",150,150,true],"medium":["https:\/\/www.georgsorden.eu\/wp-content\/uploads\/2021\/02\/Karl-von-Habsburg_Matzl-253x300.jpg",253,300,true],"large":["https:\/\/www.georgsorden.eu\/wp-content\/uploads\/2021\/02\/Karl-von-Habsburg_Matzl-864x1024.jpg",864,1024,true],"1536x1536":["https:\/\/www.georgsorden.eu\/wp-content\/uploads\/2021\/02\/Karl-von-Habsburg_Matzl-1295x1536.jpg",1295,1536,true],"2048x2048":["https:\/\/www.georgsorden.eu\/wp-content\/uploads\/2021\/02\/Karl-von-Habsburg_Matzl-1727x2048.jpg",1727,2048,true]},"rttpg_author":{"display_name":"iktopia","author_link":"https:\/\/www.georgsorden.eu\/de\/author\/iktopia\/"},"rttpg_comment":0,"rttpg_category":"<a href=\"https:\/\/www.georgsorden.eu\/de\/category\/archiv-2020\/\" rel=\"category tag\">2020<\/a> <a href=\"https:\/\/www.georgsorden.eu\/de\/category\/orden-allgemein\/\" rel=\"category tag\">Orden allgemein<\/a>","rttpg_excerpt":"Kaiserenkel zwischen den Zeiten - ein Buch von Christoph Matzl.","_links":{"self":[{"href":"https:\/\/www.georgsorden.eu\/de\/wp-json\/wp\/v2\/posts\/202","targetHints":{"allow":["GET"]}}],"collection":[{"href":"https:\/\/www.georgsorden.eu\/de\/wp-json\/wp\/v2\/posts"}],"about":[{"href":"https:\/\/www.georgsorden.eu\/de\/wp-json\/wp\/v2\/types\/post"}],"author":[{"embeddable":true,"href":"https:\/\/www.georgsorden.eu\/de\/wp-json\/wp\/v2\/users\/1"}],"replies":[{"embeddable":true,"href":"https:\/\/www.georgsorden.eu\/de\/wp-json\/wp\/v2\/comments?post=202"}],"version-history":[{"count":4,"href":"https:\/\/www.georgsorden.eu\/de\/wp-json\/wp\/v2\/posts\/202\/revisions"}],"predecessor-version":[{"id":2603,"href":"https:\/\/www.georgsorden.eu\/de\/wp-json\/wp\/v2\/posts\/202\/revisions\/2603"}],"wp:featuredmedia":[{"embeddable":true,"href":"https:\/\/www.georgsorden.eu\/de\/wp-json\/wp\/v2\/media\/203"}],"wp:attachment":[{"href":"https:\/\/www.georgsorden.eu\/de\/wp-json\/wp\/v2\/media?parent=202"}],"wp:term":[{"taxonomy":"category","embeddable":true,"href":"https:\/\/www.georgsorden.eu\/de\/wp-json\/wp\/v2\/categories?post=202"},{"taxonomy":"post_tag","embeddable":true,"href":"https:\/\/www.georgsorden.eu\/de\/wp-json\/wp\/v2\/tags?post=202"}],"curies":[{"name":"wp","href":"https:\/\/api.w.org\/{rel}","templated":true}]}}