{"id":20594,"date":"2026-08-18T15:49:34","date_gmt":"2026-08-18T13:49:34","guid":{"rendered":"https:\/\/www.georgsorden.eu\/?p=20594"},"modified":"2026-08-19T11:16:28","modified_gmt":"2026-08-19T09:16:28","slug":"newsletter-08-2026","status":"publish","type":"post","link":"https:\/\/www.georgsorden.eu\/de\/newsletter-08-2026\/","title":{"rendered":"Newsletter 08-2026"},"content":{"rendered":"\n<h2 class=\"wp-block-heading\">Ordens-Highlights<\/h2>\n\n\n\n<h4 id=\"08-2026-Ordenstag\" class=\"wp-block-heading\">Ordenstag<\/h4>\n\n\n\n<p class=\"wp-block-paragraph\"><strong><strong><strong><strong><strong>16. und 17. Oktober 2026<\/strong><\/strong><\/strong><\/strong><\/strong><br>Wien, \u00d6sterreich<\/p>\n\n\n\n<p class=\"wp-block-paragraph\">Der heurige Ordenstag startet mit einem gemeinsamen Get-Together am Freitag, 16. Oktober 2026 ab 19:30 Uhr, in der Maria Theresien Kaserne. <\/p>\n\n\n\n<p class=\"wp-block-paragraph\">Am Samstag, 17. Oktober 2026 ab 9:00 Uhr, erfolgt die Aufstellung, Festmesse und Investitur in der Salesianerinnen Kirche mit anschlie\u00dfender Agape in unserem St. Georgs-Garten. Am Abend erwartet uns ein gediegenes Abendessen bei einem Wiener Heurigen in Neustift. <\/p>\n\n\n\n<p class=\"wp-block-paragraph\">Die Details und die Anmeldelinks werden Anfang September versandt.<\/p>\n\n\n\n<p class=\"wp-block-paragraph\">Ansprechpartner: Kanzleramt<\/p>\n\n\n\n<div style=\"height:20px\" aria-hidden=\"true\" class=\"wp-block-spacer\"><\/div>\n\n\n\n<h2 class=\"wp-block-heading\">Alle Veranstaltungen<\/h2>\n\n\n\n<h4 id=\"08-2026-Kaiser-Karl\" class=\"wp-block-heading\">21. August 2026<\/h4>\n\n\n\n<p class=\"wp-block-paragraph\"><strong><strong><strong><strong><strong>Kaiser Karl Geburtstag<\/strong><\/strong><\/strong><\/strong><\/strong><br><em>Komturei Nieder\u00f6sterreich-Heldenberg<\/em><br>Residenz der Komturei, Bahnhofstra\u00dfe 2, 3233 Kilb, \u00d6sterreich<br>Beginn: 18:00 Uhr<\/p>\n\n\n\n<p class=\"wp-block-paragraph\">Die Komturei Nieder\u00f6sterreich-Heldenberg l\u00e4dt zu einer gem\u00fctlichen und entspannten Feier in die Komturei-Residenz ein.<\/p>\n\n\n\n<p class=\"wp-block-paragraph\">Ansprechpartner: Komtur Mag. Bernhard Wagner<br>Anmeldung bis 18. August 2026 unter <a href=\"mailto:wagner@kanzlei-hofbauer.at\">wagner@kanzlei-hofbauer.at<\/a><\/p>\n\n\n\n<div style=\"height:20px\" aria-hidden=\"true\" class=\"wp-block-spacer\"><\/div>\n\n\n\n<h4 id=\"08-2026-TurAbdin\" class=\"wp-block-heading\">26. &#8211; 30. August 2026<\/h4>\n\n\n\n<p class=\"wp-block-paragraph\"><strong><strong><strong><strong><strong>Freundschaftsreise in den Tur Abdin<\/strong><\/strong><\/strong><\/strong><\/strong><br><em><em>Damen des St. Georgs-Orden<\/em><\/em><\/p>\n\n\n\n<p class=\"wp-block-paragraph\">Manchmal gibt es Orte, die sich anf\u00fchlen, als w\u00e4re die Zeit dort stehen geblieben. Der Tur Abdin im S\u00fcdosten der T\u00fcrkei, an der Grenze zu Syrien und nicht weit von der Grenze zum Irak, ist so ein Ort \u2013 eine Landschaft voller Stille, uralter Kl\u00f6ster und lebendiger Traditionen.<\/p>\n\n\n\n<p class=\"wp-block-paragraph\">Nachdem unser Gro\u00dfmeister Karl von Habsburg im August 2020 den Tur Abdin besuchte, organisierten die Ordensdamen ihre erste Reise in den Tur Abdin im August 2023, und f\u00fcr heuer ist von 26. &#8211; 30. August 2026 die n\u00e4chsten Reise geplant, die unter dem Ehrenschutz von SKKH Karl von Habsburg steht.<\/p>\n\n\n\n<p class=\"wp-block-paragraph\">Unter der Reiseleitung von Ap. Prof. Dr. Aho Shemunkasho, der aus dem Tur Abdin stammt und Syrisch-Aram\u00e4isch spricht, wird es keine gew\u00f6hnliche Sightseeing-Tour, sondern eine Reise der Begegnungen und der Inspiration.<\/p>\n\n\n\n<p class=\"wp-block-paragraph\"><strong>Gruppengr\u00f6\u00dfe<\/strong><br>ca. 20 Personen<\/p>\n\n\n\n<p class=\"wp-block-paragraph\"><strong>Reisekosten<\/strong><br>Insgesamt ca. \u20ac 1.350,00 &#8211; \u20ac 1.550,00 pro Person (inklusive Flugtickets, Bustransfers, Unterkunft, Mahlzeiten und Eintrittskarten)<\/p>\n\n\n\n<p class=\"wp-block-paragraph\">Alle weiteren Details sind der untenstehenden Information zur Reise zu entnehmen.<\/p>\n\n\n\n<div class=\"wp-block-file\"><a id=\"wp-block-file--media-d1d48214-985d-4ab7-b703-775c948e0894\" href=\"https:\/\/www.georgsorden.eu\/wp-content\/uploads\/2026\/06\/Tur-Abdin-Reise-08-2026.pdf\">Information zur Reise<\/a><a href=\"https:\/\/www.georgsorden.eu\/wp-content\/uploads\/2026\/06\/Tur-Abdin-Reise-08-2026.pdf\" class=\"wp-block-file__button wp-element-button\" download aria-describedby=\"wp-block-file--media-d1d48214-985d-4ab7-b703-775c948e0894\">Herunterladen<\/a><\/div>\n\n\n\n<div style=\"height:20px\" aria-hidden=\"true\" class=\"wp-block-spacer\"><\/div>\n\n\n\n<h4 id=\"08-2026-Wiesbaden-Nassau\" class=\"wp-block-heading\">27. August 2026<\/h4>\n\n\n\n<p class=\"wp-block-paragraph\"><strong>Nukleare R\u00fcstung in und f\u00fcr Europa \u2013 strategische, politische und rechtliche Aspekte<\/strong><br><em>Komturei Wiesbaden\/Nassau<\/em><br>Firma SCANIA, August-Horch-Stra\u00dfe 10, 56070 Koblenz, Deutschland<br>Beginn: 17:00 Uhr<\/p>\n\n\n\n<p class=\"wp-block-paragraph\">Die Deutsche Gesellschaft f\u00fcr Wehrtechnik e.V., Sektion Koblenz, organisiert einen&nbsp;Vortrag von Oberstleutnant d.R. Dr. Karl-Heinz Gimmler zum Thema \u201eNukleare R\u00fcstung in und f\u00fcr Europa \u2013 strategische, politische und rechtliche Aspekte\u201c. Die Komturei wird als Abordnung daran teilnehmen, um neue Perspektiven zu gewinnen, und l\u00e4dt im Anschluss zu einem gemeinsamen Abendessen ein.<\/p>\n\n\n\n<p class=\"wp-block-paragraph\">Alle weiteren Details sind der untenstehenden Einladung zu entnehmen.<\/p>\n\n\n\n<p class=\"wp-block-paragraph\">Ansprechpartner: Vizekomtur Peter W. Schmitz<br>Anmeldung an <a href=\"mailto:pw.schmitz@schmitz-real-estate.de\">pw.schmitz@schmitz-real-estate.de<\/a><\/p>\n\n\n\n<div class=\"wp-block-file\"><a id=\"wp-block-file--media-1dc322d5-8c18-4782-b25e-421756ca7f77\" href=\"https:\/\/www.georgsorden.eu\/wp-content\/uploads\/2026\/05\/Einladung-WiesbadenNassau-27-08-2026.pdf\" target=\"_blank\" rel=\"noreferrer noopener\">Einladung<\/a><a href=\"https:\/\/www.georgsorden.eu\/wp-content\/uploads\/2026\/05\/Einladung-WiesbadenNassau-27-08-2026.pdf\" class=\"wp-block-file__button wp-element-button\" download aria-describedby=\"wp-block-file--media-1dc322d5-8c18-4782-b25e-421756ca7f77\">Herunterladen<\/a><\/div>\n\n\n\n<div style=\"height:20px\" aria-hidden=\"true\" class=\"wp-block-spacer\"><\/div>\n\n\n\n<h4 id=\"08-2026-Sommer-Cocktail\" class=\"wp-block-heading\">28. August 2026<\/h4>\n\n\n\n<p class=\"wp-block-paragraph\"><strong>Charity Sommer-Cocktail<\/strong><br><em>Wiener Komtureien<\/em><br>St. Georgs-Garten bei der Ordensresidenz, Rennweg 10, 1030 Wien, \u00d6sterreich<br>Einlass: 18:00 Uhr, Begr\u00fc\u00dfung: 19:00 Uhr<\/p>\n\n\n\n<p class=\"wp-block-paragraph\">Die Wiener Komtureien laden zum mittlerweile traditionellen Sommer-Cocktail in den St. Georgs-Garten ein, der heuer einem karitativen Zweck zugute kommt.<\/p>\n\n\n\n<p class=\"wp-block-paragraph\">Beitrag f\u00fcr Unkosten und Konsumation: 40,00 Euro<br>F\u00fcr den karitativen Zweck werden Spenden vor Ort herzlich willkommen.<\/p>\n\n\n\n<p class=\"wp-block-paragraph\">N\u00e4here Details sind der untenstehenden Einladung zu entnehmen.<\/p>\n\n\n\n<p class=\"wp-block-paragraph\">Ansprechpartner: Komtur Ing. Patrick Lichtblau<br>Anmeldung bis 21. August 2026 unter <a href=\"https:\/\/www.tickettailor.com\/events\/vereindessanctgeorgsorden\/2276716\">https:\/\/www.tickettailor.com\/events\/vereindessanctgeorgsorden\/2276716<\/a><\/p>\n\n\n\n<div class=\"wp-block-file\"><a id=\"wp-block-file--media-11e9548e-01db-4e99-9e80-d94f27015f45\" href=\"https:\/\/www.georgsorden.eu\/wp-content\/uploads\/2026\/07\/08-28-Charity-Sommer-Cocktail.pdf\">Einladung<\/a><a href=\"https:\/\/www.georgsorden.eu\/wp-content\/uploads\/2026\/07\/08-28-Charity-Sommer-Cocktail.pdf\" class=\"wp-block-file__button wp-element-button\" download aria-describedby=\"wp-block-file--media-11e9548e-01db-4e99-9e80-d94f27015f45\">Herunterladen<\/a><\/div>\n\n\n\n<div style=\"height:20px\" aria-hidden=\"true\" class=\"wp-block-spacer\"><\/div>\n\n\n\n<h4 id=\"08-2026-PEN-Klub\" class=\"wp-block-heading\">5. September 2026<\/h4>\n\n\n\n<p class=\"wp-block-paragraph\"><strong>Feierliche Er\u00f6ffnung der neuen Komturei-Residenz<\/strong><br><em>Komturei Slowenien<\/em><br>P.E.N. Klub, Tom\u0161i\u010deva ulica 12, 1000 Laibach, Slowenien<br>Beginn: 18:00 Uhr<\/p>\n\n\n\n<p class=\"wp-block-paragraph\">Die Komturei Slowenien l\u00e4dt zur feierlichen Er\u00f6ffnung der neuen Komturei-Residenz im P.E.N. Klub ein.<\/p>\n\n\n\n<p class=\"wp-block-paragraph\">Ansprechpartner: Vizekomtur Dipl. hist. Aleksander Hribov\u0161ek<br>Anmeldung bis 26. August 2026 unter <a href=\"mailto:aleksander.hribovsek@gmail.com\">aleksander.hribovsek@gmail.com<\/a><\/p>\n\n\n\n<div style=\"height:20px\" aria-hidden=\"true\" class=\"wp-block-spacer\"><\/div>\n\n\n\n<h4 id=\"08-2026-Josefskirche\" class=\"wp-block-heading\">6. September 2026<\/h4>\n\n\n\n<p class=\"wp-block-paragraph\"><strong>EXTERNE VERANSTALTUNG<\/strong><br><strong>Dank- und Gedenkmesse zum Fest Mari\u00e4 Namen<\/strong><br>St. Josefskirche auf dem Kahlenberg, Am Kahlenberg 38, 1190 Wien, \u00d6sterreich<br>Beginn: 10:00 Uhr<\/p>\n\n\n\n<p class=\"wp-block-paragraph\">Der Kirchenrektor der St. Josefskirche l\u00e4dt zur Dank- und Gedenkmesse anl\u00e4sslich des Festes Mari\u00e4 Namen in die St. Josefskirche am Kahlenberg ein. <\/p>\n\n\n\n<p class=\"wp-block-paragraph\">Der Ort und das Datum haben auch aufgrund des Entsatzes von Wien gro\u00dfe Bedeutung.<\/p>\n\n\n\n<p class=\"wp-block-paragraph\">Anmeldung bis 3. September 2026 an <a href=\"mailto:kanzleramt@georgsorden.eu\">kanzleramt@georgsorden.eu<\/a><\/p>\n\n\n\n<div style=\"height:20px\" aria-hidden=\"true\" class=\"wp-block-spacer\"><\/div>\n\n\n\n<h4 id=\"08-2026-Komtureisitzung-Stmk-K\" class=\"wp-block-heading\">10. September 2026<\/h4>\n\n\n\n<p class=\"wp-block-paragraph\"><strong>Komtureisitzung<\/strong><br><em>Komturei Steiermark\/K\u00e4rnten &#8211; Schlossberg<\/em><br>Van den Berg, Strauchergasse 8, 8020 Graz, \u00d6sterreich<br>Beginn: 18:00 Uhr<\/p>\n\n\n\n<p class=\"wp-block-paragraph\">Komtur Mag. Andreas Schwarz, MBA, l\u00e4dt zur Komtureisitzung mit einem Impulsvortrag von Mag. Oswald Held \u00fcber die Geopolitik und deren Auswirkungen auf die Wirtschaft aus Sicht eines internationalen Investmentbankers.<\/p>\n\n\n\n<p class=\"wp-block-paragraph\">Ansprechpartner: Komtur Mag. Andreas Schwarz, MBA<br>Anmeldung bis 6. September 2026 an <a href=\"mailto:sgo.komturei.stmk.ktn@gmail.com\">sgo.komturei.stmk.ktn@gmail.com<\/a><\/p>\n\n\n\n<div style=\"height:20px\" aria-hidden=\"true\" class=\"wp-block-spacer\"><\/div>\n\n\n\n<h4 id=\"08-2026-Matinee\" class=\"wp-block-heading\">11. September 2026<\/h4>\n\n\n\n<p class=\"wp-block-paragraph\"><strong>Matinee<\/strong>: <strong><strong><strong>Moh\u00e1cs 1526 &#8211; Schicksalsjahr f\u00fcr Ungarn und Wendepunkt Mitteleuropas<\/strong><\/strong><\/strong><br>500 Jahre europ\u00e4ische Geschichte &#8211; von Ferdinand I. bis Otto von Habsburg<br><em>Komturei Ungarn<\/em><br>Otto von Habsburg-Stiftung, Szentkir\u00e1lyi u. 51, 1088 Budapest, Ungarn<br>Beginn: 12:00 Uhr<\/p>\n\n\n\n<p class=\"wp-block-paragraph\">Bei der Veranstaltung anl\u00e4sslich der 500 Jahre zur\u00fcckliegenden Schlacht bei Moh\u00e1cs werden gemeinsam mit renommierten Historikern Ursachen, Verlauf und Folgen dieser Epochenz\u00e4sur analysiert und diskutiert.<\/p>\n\n\n\n<p class=\"wp-block-paragraph\">Programm:<\/p>\n\n\n\n<ul class=\"wp-block-list\">\n<li>12:00 Uhr: Get-together mit Erfrischungen, Sektempfang und Imbiss<\/li>\n\n\n\n<li>13:15 Uhr: Begr\u00fc\u00dfung und Einf\u00fchrung in Arbeit und Ziele der Stiftung durch Direktor Gergely Pr\u0151hle sowie eine kurze F\u00fchrung durchs Haus<br>anschlie\u00dfend: Begr\u00fc\u00dfung durch Komtur G\u00e1bor Boldizs\u00e1r und Gru\u00dfworte von Kanzler Dr. Manfred Hasen\u00f6hrl<\/li>\n\n\n\n<li>14:00 Uhr: Matinee\n<ul class=\"wp-block-list\">\n<li>Er\u00f6ffnung durch Gro\u00dfmeister SKKH Karl von Habsburg<\/li>\n\n\n\n<li>Einbegleitung durch Prokurator Baron Vinzenz von Stimpfl-Abele<\/li>\n\n\n\n<li>Impulsvortr\u00e4ge von Hofrat Dr. M. Christian Ortner, Prof. Dr. Lothar H\u00f6belt und Prof. Dr. Istv\u00e1n Fazekas<\/li>\n\n\n\n<li>anschlie\u00dfende Diskussion<\/li>\n<\/ul>\n<\/li>\n\n\n\n<li>16:00 Uhr: Schlussworte von Direktor Gergely Pr\u0151hle und Verabschiedung durch Komtur G\u00e1bor Boldizs\u00e1r<\/li>\n<\/ul>\n\n\n\n<p class=\"wp-block-paragraph\">Weitere Details sind der untenstehenden Einladung zu entnehmen.<\/p>\n\n\n\n<p class=\"wp-block-paragraph\">Ansprechpartner: Komtur G\u00e1bor Boldizs\u00e1r<br>Anmeldung bis 4. September 2026 an <a href=\"mailto:kanzleramt@georgsorden.eu\">kanzleramt@georgsorden.eu<\/a><\/p>\n\n\n\n<div class=\"wp-block-file\"><a id=\"wp-block-file--media-eda43528-e746-4082-85a1-4db015ddd504\" href=\"https:\/\/www.georgsorden.eu\/wp-content\/uploads\/2026\/08\/Einladung-Matinee-Ungarn-09-2026_DE_END.pdf\" target=\"_blank\" rel=\"noreferrer noopener\">Einladung Deutsch<\/a><a href=\"https:\/\/www.georgsorden.eu\/wp-content\/uploads\/2026\/08\/Einladung-Matinee-Ungarn-09-2026_DE_END.pdf\" class=\"wp-block-file__button wp-element-button\" download aria-describedby=\"wp-block-file--media-eda43528-e746-4082-85a1-4db015ddd504\">Herunterladen<\/a><\/div>\n\n\n\n<div class=\"wp-block-file\"><a id=\"wp-block-file--media-cc106905-4138-41ca-ac15-aabeac71d1bb\" href=\"https:\/\/www.georgsorden.eu\/wp-content\/uploads\/2026\/08\/Meghivo-Konferenciara-Magyarorszag-09-2026_HU.pdf\" target=\"_blank\" rel=\"noreferrer noopener\">Einladung Ungarisch<\/a><a href=\"https:\/\/www.georgsorden.eu\/wp-content\/uploads\/2026\/08\/Meghivo-Konferenciara-Magyarorszag-09-2026_HU.pdf\" class=\"wp-block-file__button wp-element-button\" download aria-describedby=\"wp-block-file--media-cc106905-4138-41ca-ac15-aabeac71d1bb\">Herunterladen<\/a><\/div>\n\n\n\n<div style=\"height:20px\" aria-hidden=\"true\" class=\"wp-block-spacer\"><\/div>\n\n\n\n<h4 id=\"08-2026-Segelausflug\" class=\"wp-block-heading\">12. September 2026<\/h4>\n\n\n\n<p class=\"wp-block-paragraph\"><strong>Segelausflug am Neusiedlersee<\/strong><br><em>Komturei Burgenland und Komturei Wien-Arsenal<\/em><br>Fritz am See, Seebad 1, 7121 Weiden am See, \u00d6sterreich<br>Beginn: 14:00 Uhr<\/p>\n\n\n\n<p class=\"wp-block-paragraph\">Nach dem Sektempfang beim Lokal Fritz am See wird mit 4-6 Jollen (Segelbooten) eine Ausfahrt unternommen. Pro Jolle wird ein Skipper mit Segelerfahrung ben\u00f6tigt, bei der Crew ist keine Segelerfahrung notwendig. Es handelt sich bei dieser Veranstaltung um reines Genusssegeln ausschlie\u00dflich bei passendem Wetter und nicht um eine Wettfahrt.<\/p>\n\n\n\n<p class=\"wp-block-paragraph\">Nach ein bis zwei Stunden am See wird die R\u00fcckfahrt angetreten und es folgt ein gemeinsames Essen.<\/p>\n\n\n\n<p class=\"wp-block-paragraph\">Die Kosten f\u00fcr den Sektempfang und die Boote werden von den Komtureien \u00fcbernommen, das Abendessen bezahlt jeder individuell.<\/p>\n\n\n\n<p class=\"wp-block-paragraph\">Au\u00dferdem ist ein Impulsvortrag von einem Skipper zum Thema \u201eVerantwortung auf hoher See und im t\u00e4glichen Leben\u201c vorgesehen.<\/p>\n\n\n\n<p class=\"wp-block-paragraph\">Ansprechpartner: Komtur HR Dieter Tischler und Komtur Ing. Patrick Lichtblau<br>Anmeldung bis 30. August 2026 an <a href=\"mailto:dieter.tischler@aon.at\">dieter.tischler@aon.at<\/a><\/p>\n\n\n\n<p class=\"wp-block-paragraph\">Bootsf\u00fchrer f\u00fcr die Jollen bitte bei Komtur Ing. Patrick Lichtblau unter <a href=\"mailto:patrick@silversurfer.at\">patrick@silversurfer.at<\/a> melden.<\/p>\n\n\n\n<h5 class=\"wp-block-heading\">Impressionen der Ausfahrt 2025<\/h5>\n\n\n\n<div class=\"wp-block-columns is-layout-flex wp-container-core-columns-is-layout-8f761849 wp-block-columns-is-layout-flex\">\n<div class=\"wp-block-column is-layout-flow wp-block-column-is-layout-flow\">\n<figure class=\"wp-block-image size-full\"><a href=\"https:\/\/www.georgsorden.eu\/wp-content\/uploads\/2025\/09\/Segelausflug-09-2025-13-14.34.13.jpg\" rel=\"lightbox-0\"><img loading=\"lazy\" decoding=\"async\" width=\"1000\" height=\"750\" src=\"https:\/\/www.georgsorden.eu\/wp-content\/uploads\/2025\/09\/Segelausflug-09-2025-13-14.34.13.jpg\" alt=\"\" class=\"wp-image-16484\" srcset=\"https:\/\/www.georgsorden.eu\/wp-content\/uploads\/2025\/09\/Segelausflug-09-2025-13-14.34.13.jpg 1000w, https:\/\/www.georgsorden.eu\/wp-content\/uploads\/2025\/09\/Segelausflug-09-2025-13-14.34.13-300x225.jpg 300w, https:\/\/www.georgsorden.eu\/wp-content\/uploads\/2025\/09\/Segelausflug-09-2025-13-14.34.13-768x576.jpg 768w\" sizes=\"auto, (max-width: 1000px) 100vw, 1000px\" \/><\/a><\/figure>\n<\/div>\n\n\n\n<div class=\"wp-block-column is-layout-flow wp-block-column-is-layout-flow\">\n<figure class=\"wp-block-image size-full\"><a href=\"https:\/\/www.georgsorden.eu\/wp-content\/uploads\/2025\/09\/Segelausflug-09-2025-13-14.56.24-1.jpg\" rel=\"lightbox-1\"><img loading=\"lazy\" decoding=\"async\" width=\"1000\" height=\"750\" src=\"https:\/\/www.georgsorden.eu\/wp-content\/uploads\/2025\/09\/Segelausflug-09-2025-13-14.56.24-1.jpg\" alt=\"\" class=\"wp-image-16485\" srcset=\"https:\/\/www.georgsorden.eu\/wp-content\/uploads\/2025\/09\/Segelausflug-09-2025-13-14.56.24-1.jpg 1000w, https:\/\/www.georgsorden.eu\/wp-content\/uploads\/2025\/09\/Segelausflug-09-2025-13-14.56.24-1-300x225.jpg 300w, https:\/\/www.georgsorden.eu\/wp-content\/uploads\/2025\/09\/Segelausflug-09-2025-13-14.56.24-1-768x576.jpg 768w\" sizes=\"auto, (max-width: 1000px) 100vw, 1000px\" \/><\/a><\/figure>\n<\/div>\n\n\n\n<div class=\"wp-block-column is-layout-flow wp-block-column-is-layout-flow\">\n<figure class=\"wp-block-image size-full\"><a href=\"https:\/\/www.georgsorden.eu\/wp-content\/uploads\/2025\/09\/Segelausflug-09-2025-13-15.51.54.jpg\" rel=\"lightbox-2\"><img loading=\"lazy\" decoding=\"async\" width=\"1000\" height=\"750\" src=\"https:\/\/www.georgsorden.eu\/wp-content\/uploads\/2025\/09\/Segelausflug-09-2025-13-15.51.54.jpg\" alt=\"\" class=\"wp-image-16480\" srcset=\"https:\/\/www.georgsorden.eu\/wp-content\/uploads\/2025\/09\/Segelausflug-09-2025-13-15.51.54.jpg 1000w, https:\/\/www.georgsorden.eu\/wp-content\/uploads\/2025\/09\/Segelausflug-09-2025-13-15.51.54-300x225.jpg 300w, https:\/\/www.georgsorden.eu\/wp-content\/uploads\/2025\/09\/Segelausflug-09-2025-13-15.51.54-768x576.jpg 768w\" sizes=\"auto, (max-width: 1000px) 100vw, 1000px\" \/><\/a><\/figure>\n<\/div>\n<\/div>\n\n\n\n<div style=\"height:20px\" aria-hidden=\"true\" class=\"wp-block-spacer\"><\/div>\n\n\n\n<h4 id=\"08-2026-Schloss-Neuwartenburg\" class=\"wp-block-heading\">12. September 2026<\/h4>\n\n\n\n<p class=\"wp-block-paragraph\"><strong>Komtureitreffen<\/strong><br><em><em>Komturei Salzburg\/Ober\u00f6sterreich\/Bayern &#8211; Hohensalzburg<\/em><\/em><br>Schloss Neuwartenburg, Neuwartenburg 2, 4850 Timelkam, \u00d6sterreich<br>Beginn: 15:00 Uhr<\/p>\n\n\n\n<p class=\"wp-block-paragraph\">Im Rahmen des Komtureitreffens l\u00e4dt Ordensitter Graf Enzo Strachwitz mit seiner Gattin Gr\u00e4fin Michelle zum Bring-in-Gartenpicknick im Schlossareal ein.<\/p>\n\n\n\n<p class=\"wp-block-paragraph\">Dieses Treffen folgt nicht dem gewohnten Rahmen &#8211; vielmehr wollen wir im Schlossareal am Nachmittag zu einem famili\u00e4ren Picknick auf der Terrasse\/im Park zusammenkommen (bei Regenwetter in den Schlosss\u00e4len). F\u00fcr allerlei Getr\u00e4nke ist gesorgt, ansonsten erwarten wir, dass jeder &#8211; je nach Bedarf &#8211; gef\u00fcllte Picknickk\u00f6rbe, vielerlei Finger Food, leichtes Campingbesteck, flauschige Picknick-Decken und beste Laune mitbringt.<\/p>\n\n\n\n<p class=\"wp-block-paragraph\">Kostenbeitrag: 50,00 Euro f\u00fcr Erwachsene und 30,00 Euro f\u00fcr Kinder bis 16 Jahre<\/p>\n\n\n\n<p class=\"wp-block-paragraph\">Weitere Details sind der untenstehenden Einladung zu entnehmen.<\/p>\n\n\n\n<p class=\"wp-block-paragraph\">Ansprechpartner: Komtur DI Dr. Wilhelm von Zitzewitz<br>Anmeldung bis 4. September 2026 unter <a href=\"mailto:vonzitzewitzw@gmail.com\">vonzitzewitzw@gmail.com<\/a><\/p>\n\n\n\n<div class=\"wp-block-file\"><a id=\"wp-block-file--media-57e44b01-c2ca-467b-a51c-22ffe84e107a\" href=\"https:\/\/www.georgsorden.eu\/wp-content\/uploads\/2026\/08\/Einladung-zum-Komtureitreffen-12.09.26-Neuwartenburg.pdf\" target=\"_blank\" rel=\"noreferrer noopener\">Einladung<\/a><a href=\"https:\/\/www.georgsorden.eu\/wp-content\/uploads\/2026\/08\/Einladung-zum-Komtureitreffen-12.09.26-Neuwartenburg.pdf\" class=\"wp-block-file__button wp-element-button\" download aria-describedby=\"wp-block-file--media-57e44b01-c2ca-467b-a51c-22ffe84e107a\">Herunterladen<\/a><\/div>\n\n\n\n<div style=\"height:20px\" aria-hidden=\"true\" class=\"wp-block-spacer\"><\/div>\n\n\n\n<h4 id=\"08-2026-MAK\" class=\"wp-block-heading\">19. September 2026<\/h4>\n\n\n\n<p class=\"wp-block-paragraph\"><strong>Sonderausstellung \u201eGlanzst\u00fccke\u201c<\/strong><br><em>Damen des St. Georgs-Orden<\/em><br>MAK, Stubenring 5, 1010 Wien, \u00d6sterreich<br>Beginn: 14:00 Uhr, Treffpunkt: 13:45 Uhr im Eingangsbereich<\/p>\n\n\n\n<p class=\"wp-block-paragraph\">Im Rahmen der Kulturecke wird eine F\u00fchrung durch die Sonderausstellung \u201eGlanzst\u00fccke\u201c im Museum f\u00fcr Angewandte Kunst angeboten. Bei der F\u00fchrung werden einzigartige, selten gezeigte Objekte aus dem Hause Van Cleef &amp; Arpels gezeigt. Mais\u00f4n Van Cleef &amp; Arpels wurde 1906 am Place Vendome in Paris gegr\u00fcndet.<\/p>\n\n\n\n<p class=\"wp-block-paragraph\">Kosten: 28 Euro Eintritt inkl. F\u00fchrung<\/p>\n\n\n\n<p class=\"wp-block-paragraph\">Ansprechpartnerin: Elisabeth Ulm<br>Anmeldung bis 1. September 2026 an <a href=\"mailto:damen.organisation@georgsorden.eu\">damen.organisation@georgsorden.eu<\/a><\/p>\n\n\n\n<div style=\"height:20px\" aria-hidden=\"true\" class=\"wp-block-spacer\"><\/div>\n\n\n\n<h4 id=\"08-2026-Hirschstetten\" class=\"wp-block-heading\">21. September 2026<\/h4>\n\n\n\n<p class=\"wp-block-paragraph\"><strong>Ausflug mit den Senioren des Carolusheims<\/strong><br><em>Damen des St. Georgs-Orden<\/em><br>Blumeng\u00e4rten Hirschstetten, Quadenstra\u00dfe 15, 1220 Wien, \u00d6sterreich<br>Beginn: 14:15 Uhr<\/p>\n\n\n\n<p class=\"wp-block-paragraph\">1:1 Begleitung von Bewohnern des Carolusheims mit Rollst\u00fchlen und Gehilfen bei einem Spaziergang samt Picknick in den Blumeng\u00e4rten Hirschstetten.<\/p>\n\n\n\n<p class=\"wp-block-paragraph\">Ansprechpartnerin: Marina Huller<br>Anmeldung bis 10. September 2026 an <a href=\"mailto:damen.organisation@georgsorden.eu\">damen.organisation@georgsorden.eu<\/a><\/p>\n\n\n\n<div style=\"height:20px\" aria-hidden=\"true\" class=\"wp-block-spacer\"><\/div>\n\n\n\n<h4 id=\"08-2026-Otto-von-Habsburg\" class=\"wp-block-heading\">24. September 2026<\/h4>\n\n\n\n<p class=\"wp-block-paragraph\"><strong><strong>\u201eOtto von Habsburg \u2013 paneurop\u00e4ischer Br\u00fcckenbauer\u201c<\/strong><\/strong><br>Ordensresidenz, Rennweg 10, 1030 Wien, \u00d6sterreich<br>Beginn: 19:00 Uhr<\/p>\n\n\n\n<p class=\"wp-block-paragraph\"><em>Prof. Dr. Pavo Bari\u0161i\u0107<\/em>, Pr\u00e4sident der Internationalen Paneuropa-Union, h\u00e4lt einen Vortrag, indem er auf das europapolitische Wirken von Otto von Habsburg eingehen wird: seinen unerm\u00fcdlichen Einsatz f\u00fcr ein geeintes, freies und wertegebundenes Europa, seinen Beitrag zur \u00dcberwindung der Teilung des Kontinents sowie seine Vision eines Europas, das auf Frieden, Freiheit, Subsidiarit\u00e4t und christlich-humanistischen Werten gr\u00fcndet.<\/p>\n\n\n\n<p class=\"wp-block-paragraph\">Zugleich wird der Vortragende das politische und geistige Verm\u00e4chtnis von Erzherzog Otto als bleibenden Auftrag f\u00fcr uns alle herausarbeiten \u2013 als Verpflichtung, entschlossen f\u00fcr die europ\u00e4ische Idee einzutreten, das Bewusstsein einer gemeinsamen europ\u00e4ischen Identit\u00e4t zu st\u00e4rken und Verantwortung f\u00fcr die Zukunft Europas zu \u00fcbernehmen.<\/p>\n\n\n\n<p class=\"wp-block-paragraph\">Im Anschluss an Vortrag und Diskussion laden wir zu einem Sektempfang ein.<\/p>\n\n\n\n<p class=\"wp-block-paragraph\">Ansprechpartner: Kanzleramt<br>Anmeldung bis 21. September 2026 an <a href=\"mailto:kanzleramt@georgsorden.eu\">kanzleramt@georgsorden.eu<\/a><\/p>\n\n\n\n<div style=\"height:20px\" aria-hidden=\"true\" class=\"wp-block-spacer\"><\/div>\n\n\n\n<h4 id=\"08-2026-Golfturnier\" class=\"wp-block-heading\">25. September 2026<\/h4>\n\n\n\n<p class=\"wp-block-paragraph\"><strong><strong><strong><strong><strong><strong>Benefiz-Golfturnier<\/strong><\/strong><\/strong><\/strong><\/strong><\/strong><br><em><em>Damen des St. Georgs-Orden<\/em><\/em><br>GC Veltlinerland Poysdorf, Am Berg 11, 2170 Poysdorf, \u00d6sterreich<br>Beginn: 8:30 Uhr<\/p>\n\n\n\n<p class=\"wp-block-paragraph\">Die Damen des St. Georgs-Orden organisieren ein Benefiz-Golfturnier in Poysdorf, das unter dem Motto \u201eSport &#8211; Spa\u00df &#8211; Spende\u201c steht. Gleichzeitig wird dabei auch das 10-j\u00e4hrige Bestehen der Damen im St. Georgs-Orden gefeiert.<\/p>\n\n\n\n<p class=\"wp-block-paragraph\">Neben einem \u201eTexas Scramble 4 Spieler&#8220; wird auch ein Programm f\u00fcr Nichtgolfer angeboten &#8211; es k\u00f6nnen auch beide Angebote gebucht werden, da diese zeitlich versetzt stattfinden:<\/p>\n\n\n\n<ul class=\"wp-block-list\">\n<li>Abfahrt 10:30 Uhr vom Hotel Neustifter: Traktorrundfahrt durch Poysdorfs Kellergassen<\/li>\n\n\n\n<li>Beginn 13:00 Uhr im Golfclub: Schnuppergolfen mit Pro<\/li>\n<\/ul>\n\n\n\n<p class=\"wp-block-paragraph\">Da es bei den beiden Programmpunkten f\u00fcr Nichtgolfer Teilnehmerobergrenzen gibt, bitte bei der Ticketauswahl den oder die gew\u00fcnschten Angebote angeben.<\/p>\n\n\n\n<p class=\"wp-block-paragraph\">N\u00e4here Details samt Kosten sind der untenstehenden Einladung und dem Programm zu entnehmen.<\/p>\n\n\n\n<p class=\"wp-block-paragraph\">R\u00fcckfragen unter <a href=\"mailto:damen.organisation@georgsorden.eu\">damen.organisation@georgsorden.eu<\/a><br>Anmeldung bis 11. September 2026, 12 Uhr, unter <a href=\"https:\/\/www.tickettailor.com\/events\/vereindessanctgeorgsorden\/2276641\">https:\/\/www.tickettailor.com\/events\/vereindessanctgeorgsorden\/2276641<\/a><\/p>\n\n\n\n<div class=\"wp-block-file\"><a id=\"wp-block-file--media-289953f8-0b02-43b3-96d0-88a6cab32896\" href=\"https:\/\/www.georgsorden.eu\/wp-content\/uploads\/2026\/06\/Benefiz-Golfturnier-09-2026.pdf\" target=\"_blank\" rel=\"noreferrer noopener\">Einladung<\/a><a href=\"https:\/\/www.georgsorden.eu\/wp-content\/uploads\/2026\/06\/Benefiz-Golfturnier-09-2026.pdf\" class=\"wp-block-file__button wp-element-button\" download aria-describedby=\"wp-block-file--media-289953f8-0b02-43b3-96d0-88a6cab32896\">Herunterladen<\/a><\/div>\n\n\n\n<div class=\"wp-block-file\"><a id=\"wp-block-file--media-a0377818-6f49-47f6-84ae-e630acdf7c4e\" href=\"https:\/\/www.georgsorden.eu\/wp-content\/uploads\/2026\/08\/Benefiz-Golfturnier-Programm-2026_web.pdf\">Programm<\/a><a href=\"https:\/\/www.georgsorden.eu\/wp-content\/uploads\/2026\/08\/Benefiz-Golfturnier-Programm-2026_web.pdf\" class=\"wp-block-file__button wp-element-button\" download aria-describedby=\"wp-block-file--media-a0377818-6f49-47f6-84ae-e630acdf7c4e\">Herunterladen<\/a><\/div>\n\n\n\n<div style=\"height:20px\" aria-hidden=\"true\" class=\"wp-block-spacer\"><\/div>\n\n\n\n<h4 id=\"08-2026-Salzburg-Europe-Summit\" class=\"wp-block-heading\">27. September 2026<\/h4>\n\n\n\n<p class=\"wp-block-paragraph\"><strong>Kolloquium im Rahmen des Salzburg Europe Summit 2026<\/strong><br><em><strong>Wa(h)re Werte. Wirtschaft und Finanz im Spannungsfeld zwischen Verantwortung und Verweigerung<\/strong><\/em><br>Salzburg Congress, Herbert von Karajan Saal, 1.OG, Auerspergstra\u00dfe 6, 5020 Salzburg, \u00d6sterreich<br>Beginn: 16:30 Uhr<\/p>\n\n\n\n<p class=\"wp-block-paragraph\">Der 22. Salzburg Europe Summit, der von 27. bis 29. September 2026 stattfindet, steht unter dem Motto \u201eEuropa &#8211; ein souver\u00e4nder Global Player?\u201c<\/p>\n\n\n\n<p class=\"wp-block-paragraph\">In Vortr\u00e4gen, Podiumsdiskussionen und bei gemeinsamen Abendveranstaltungen diskutieren international anerkannte Fachleute sowie Entscheidungstr\u00e4ger aus Politik, Wirtschaft und Wissenschaft aus dem In- und Ausland \u00fcber aktuelle Herausforderungen in Europa.<\/p>\n\n\n\n<p class=\"wp-block-paragraph\">Hier die Details zum Kolloquium, das in Kooperation mit dem St. Georgs-Orden stattfindet:<\/p>\n\n\n\n<ul class=\"wp-block-list\">\n<li>Moderation: <strong>Claudia Reiterer<\/strong>, Journalistin und Moderatorin<\/li>\n\n\n\n<li>Keynote: <strong>Prokurator Baron Vinzenz von Stimpfl-Abele<\/strong><\/li>\n\n\n\n<li>Diskutanten:\n<ul class=\"wp-block-list\">\n<li><strong>David Dekorsi<\/strong>, Gesch\u00e4ftsf\u00fchrer&nbsp;Bund Katholischer Unternehmer, Deutschland<\/li>\n\n\n\n<li><strong>Martin Kocher<\/strong>, Gouverneur der \u00d6sterreichischen Nationalbank<\/li>\n\n\n\n<li><strong>Martin Rhonheimer<\/strong>, Professor f\u00fcr Ehtik &amp; Philosoph an der Universit\u00e4t Santa Croce Rom, Pr\u00e4sident Austrian Institute of Economics and Social Philosophy<\/li>\n\n\n\n<li><strong>Judith Simon<\/strong>, Stellvertretende Vorsitzende des Deutschen Ethikrates, Professorin f\u00fcr Ethik in der Informationstechnologie, Universit\u00e4t Hamburg<\/li>\n\n\n\n<li><strong>Verica Trstenjak<\/strong>, Juristin, Mitglied Administrativer \u00dcberpr\u00fcfungsausschuss der Europ\u00e4ischen Zentralbank, ehemalige Generalanw\u00e4ltin am EuGH,&nbsp;Vizepr\u00e4sidentin der Europ\u00e4ischen Akademie der Wissenschaft und K\u00fcnste, Slowenien<\/li>\n<\/ul>\n<\/li>\n<\/ul>\n\n\n\n<p class=\"wp-block-paragraph\">Das gesamte Programm ist einsehbar unter <a href=\"http:\/\/www.salzburg-europe-summit.eu\" target=\"_blank\" rel=\"noreferrer noopener\">www.salzburg-europe-summit.eu<\/a><\/p>\n\n\n\n<div style=\"height:20px\" aria-hidden=\"true\" class=\"wp-block-spacer\"><\/div>\n\n\n\n<h4 id=\"08-2026-Pontifikalmesse\" class=\"wp-block-heading\">22. Oktober 2026<\/h4>\n\n\n\n<p class=\"wp-block-paragraph\"><strong>Pontifikalmesse in Prag<\/strong><br><em><em>Komturei Tschechien<\/em><\/em><br>Kathedrale der heiligen Veit, Wenzel und Adalbert (St. Veits Dom)Prager Burg, III. n\u00e1dvo\u0159\u00ed 48\/2, 119 01 Praha 1 \u2013 Hrad\u010dany, Tschechische Republik<br>Beginn: 18:00 Uhr<\/p>\n\n\n\n<p class=\"wp-block-paragraph\">Das Erzbischofstum von Prag, die Kaiser Karl-Gebetsliga f\u00fcr den V\u00f6lkerfrieden, CR und die Komturei Tschechien laden herzlich zur feierlichen Heiligen Messe ein, die im St. Veits Dom in Prag stattfindet. S. Ex. Mons. Stanislav P\u0159ibyl CSsR, Erzbischof von Prag und Primas von Tschechien, zelebriert diese Heilige Pontifikalmesse anl\u00e4sslich des 500. Jubil\u00e4ums der Thronbesteigung der Habsburger Dynastie auf den Thron der b\u00f6hmischen K\u00f6nige. <\/p>\n\n\n\n<p class=\"wp-block-paragraph\">Gro\u00dfmeister SKKH Karl von Habsburg hat zugesagt, an dieser feierlichen Messe teilzunehmen, die mit der Missa solemnis Op. 81 \u201eKr\u00f6nungsmesse&#8220; von Wenzel Johann Tomaschek (1836) musikalisch umrahmt wird.<\/p>\n\n\n\n<p class=\"wp-block-paragraph\">Ansprechpartner: Komtur Dr. Milan Novak<\/p>\n\n\n\n<div style=\"height:20px\" aria-hidden=\"true\" class=\"wp-block-spacer\"><\/div>\n\n\n\n<h4 id=\"08-2026-Persoenlichkeiten\" class=\"wp-block-heading\">28. Oktober 2026<\/h4>\n\n\n\n<p class=\"wp-block-paragraph\"><strong><strong><strong><strong><strong>\u201ePers\u00f6nlichkeiten ganz pers\u00f6nlich\u201c<\/strong><\/strong><\/strong><\/strong><\/strong>: <strong>Im Talk mit BM Mag. Klaudia Tanner<\/strong><br><em><em>Damen des St. Georgs-Orden<\/em><\/em><br>Ordensresidenz, Rennweg 10, 1030 Wien, \u00d6sterreich<br>Beginn: 19:00 Uhr<\/p>\n\n\n\n<p class=\"wp-block-paragraph\">Eine Tour d`Horizon durch den pers\u00f6nlichen Werdegang mit besonderem Akzent auf ihre aktuelle T\u00e4tigkeit. <\/p>\n\n\n\n<p class=\"wp-block-paragraph\">Als oberste Kommandantin des heimischen Bundesheeres leistet BM Mag. Klaudia Tanner Herausragendes und steht f\u00fcr F\u00fchrungsst\u00e4rke, Klarheit und Engagement im Dienste der Sicherheit unseres Landes. Das Gespr\u00e4ch soll Inspiration, praktische Impulse und einen offenen Austausch erm\u00f6glichen.<\/p>\n\n\n\n<p class=\"wp-block-paragraph\">Ansprechpartner: Kanzleramt<br>Anmeldung bis 23. Oktober 2026 unter <a href=\"mailto:kanzleramt@georgsorden.eu\">kanzleramt@georgsorden.eu<\/a><\/p>\n\n\n\n<div style=\"height:20px\" aria-hidden=\"true\" class=\"wp-block-spacer\"><\/div>\n\n\n\n<h4 id=\"08-2026-Komtureisitzung-Stmk-Ktn\" class=\"wp-block-heading\">5. November 2026<\/h4>\n\n\n\n<p class=\"wp-block-paragraph\"><strong>Komtureisitzung<\/strong><br><em><em>Komturei Steiermark\/K\u00e4rnten &#8211; Schlossberg<\/em><\/em><br>Hotel Mariahilf, Mariahilfer Stra\u00dfe 9, 8020 Graz, \u00d6sterreich<br>Beginn: 18:00 Uhr<\/p>\n\n\n\n<p class=\"wp-block-paragraph\">Komtur Mag. Andreas Schwarz, MBA, l\u00e4dt zur Komtureisitzung mit Impulsvortrag \u00fcber die Sozialdemokratie in \u00d6sterreich von Max Lercher, Vorsitzender der SP\u00d6 Steiermark.<\/p>\n\n\n\n<p class=\"wp-block-paragraph\">Ansprechpartner: Komtur Mag. Andreas Schwarz, MBA<br>Anmeldung bis 1. November 2026 unter <a href=\"mailto:sgo.komturei.stmk.ktn@gmail.com\">sgo.komturei.stmk.ktn@gmail.com<\/a><\/p>\n\n\n\n<div style=\"height:20px\" aria-hidden=\"true\" class=\"wp-block-spacer\"><\/div>\n\n\n\n<h4 id=\"08-2026-Benefizkonzert\" class=\"wp-block-heading\">TERMINANK\u00dcNDIGUNG <br>27. November 2026<\/h4>\n\n\n\n<p class=\"wp-block-paragraph\"><strong><strong><strong><strong><strong><strong><strong>Benefizkonzert und Ordensweihnachtsfeier<\/strong><\/strong><\/strong><\/strong><\/strong><\/strong><\/strong><br><em><em><em><em>Damen des St. Georgs-Orden<\/em><\/em><br><\/em><\/em>Ordensresidenz, Rennweg 10, 1030 Wien, \u00d6sterreich<em><em><br><\/em><\/em>Beginn: 18:00 Uhr<\/p>\n\n\n\n<p class=\"wp-block-paragraph\">Auch heuer findet das Benefizkonzert der Damen wieder in Kombination mit der Ordensweihnachtsfeier statt. Bitte Termin schon vormerken, Details folgen zu einem sp\u00e4teren Zeitpunkt.<\/p>\n\n\n\n<p class=\"wp-block-paragraph\">Ansprechpartner: Kanzleramt<\/p>\n\n\n\n<div style=\"height:20px\" aria-hidden=\"true\" class=\"wp-block-spacer\"><\/div>\n\n\n\n<h4 id=\"08-2026-Jagdwochenende\" class=\"wp-block-heading\">TERMINANK\u00dcNDIGUNG <br>11. &#8211; 13. Dezember 2026<\/h4>\n\n\n\n<p class=\"wp-block-paragraph\"><strong><strong><strong><strong><strong><strong><strong>Jagdwochenende<\/strong><\/strong><\/strong><\/strong><\/strong><\/strong><\/strong><br><em><em>Komturei Ungarn<\/em><\/em><\/p>\n\n\n\n<p class=\"wp-block-paragraph\">Die Komturei Ungarn organisiert von 11. &#8211; 13. Dezember 2026 ein Jagdwochenende mit Niederwild- und Kahlwildjagd (keine Troph\u00e4entr\u00e4ger) in 8640 Fony\u00f3d, Ungarn, s\u00fcdlich vom Plattensee.<\/p>\n\n\n\n<p class=\"wp-block-paragraph\">Alle Details zum Ablauf und den Kosten sind der untenstehenden Einladung zu entnehmen.<\/p>\n\n\n\n<p class=\"wp-block-paragraph\">Ansprechpartner: Komtur Gabor von Boldizs\u00e0r Ujfakusy<br>R\u00fcckfragen unter: <a href=\"mailto:g.boldizsar@pawel.hu\">g.boldizsar@pawel.hu<\/a><\/p>\n\n\n\n<p class=\"wp-block-paragraph\">Anmeldung bis 31. August 2026 unter <a href=\"https:\/\/buytickets.at\/vereindessanctgeorgsorden\/2217423\" target=\"_blank\" rel=\"noreferrer noopener\">https:\/\/buytickets.at\/vereindessanctgeorgsorden\/2217423<\/a><\/p>\n\n\n\n<div class=\"wp-block-file\"><a id=\"wp-block-file--media-632b102f-ba9b-40fd-a5be-fc11fb1c06ed\" href=\"https:\/\/www.georgsorden.eu\/wp-content\/uploads\/2026\/06\/Einladung-Jagdwochenende-Ungarn-12-2026.pdf\" target=\"_blank\" rel=\"noreferrer noopener\">Einladung<\/a><a href=\"https:\/\/www.georgsorden.eu\/wp-content\/uploads\/2026\/06\/Einladung-Jagdwochenende-Ungarn-12-2026.pdf\" class=\"wp-block-file__button wp-element-button\" download aria-describedby=\"wp-block-file--media-632b102f-ba9b-40fd-a5be-fc11fb1c06ed\">Herunterladen<\/a><\/div>\n\n\n\n<div style=\"height:20px\" aria-hidden=\"true\" class=\"wp-block-spacer\"><\/div>\n\n\n\n<h2 id=\"08-2026-nachtraeglich\" class=\"wp-block-heading\">Nachtr\u00e4gliche Erg\u00e4nzungen<\/h2>\n\n\n\n<p class=\"wp-block-paragraph\">Sollten nach Versand des Newsletters noch Veranstaltungen dazugekommen sein, werden diese hier ersichtlich sein.<\/p>\n\n\n\n<div style=\"height:20px\" aria-hidden=\"true\" class=\"wp-block-spacer\"><\/div>\n","protected":false},"excerpt":{"rendered":"<p>Ordens-Highlights Ordenstag 16. und 17. Oktober 2026Wien, \u00d6sterreich Der heurige Ordenstag startet mit einem gemeinsamen Get-Together am Freitag, 16. Oktober 2026 ab 19:30 Uhr, in der Maria Theresien Kaserne. Am Samstag, 17. Oktober 2026 ab 9:00 Uhr, erfolgt die Aufstellung, Festmesse und Investitur in der Salesianerinnen Kirche mit anschlie\u00dfender Agape in unserem St. Georgs-Garten. Am &#8230; <a title=\"Newsletter 08-2026\" class=\"read-more\" href=\"https:\/\/www.georgsorden.eu\/de\/newsletter-08-2026\/\" aria-label=\"Mehr Informationen \u00fcber Newsletter 08-2026\">Weiterlesen<\/a><\/p>\n","protected":false},"author":1,"featured_media":0,"comment_status":"closed","ping_status":"closed","sticky":false,"template":"","format":"standard","meta":{"footnotes":""},"categories":[172],"tags":[],"class_list":["post-20594","post","type-post","status-publish","format-standard","hentry","category-newsletter"],"publishpress_future_action":{"enabled":false,"date":"2026-09-11 23:39:35","action":"category","newStatus":"draft","terms":[],"taxonomy":"category","extraData":[]},"publishpress_future_workflow_manual_trigger":{"enabledWorkflows":[]},"rttpg_featured_image_url":null,"rttpg_author":{"display_name":"iktopia","author_link":"https:\/\/www.georgsorden.eu\/de\/author\/iktopia\/"},"rttpg_comment":0,"rttpg_category":"<a href=\"https:\/\/www.georgsorden.eu\/de\/category\/newsletter\/\" rel=\"category tag\">Newsletter<\/a>","rttpg_excerpt":"Ordens-Highlights Ordenstag 16. und 17. Oktober 2026Wien, \u00d6sterreich Der heurige Ordenstag startet mit einem gemeinsamen Get-Together am Freitag, 16. Oktober 2026 ab 19:30 Uhr, in der Maria Theresien Kaserne. Am Samstag, 17. Oktober 2026 ab 9:00 Uhr, erfolgt die Aufstellung, Festmesse und Investitur in der Salesianerinnen Kirche mit anschlie\u00dfender Agape in unserem St. Georgs-Garten. Am&hellip;","_links":{"self":[{"href":"https:\/\/www.georgsorden.eu\/de\/wp-json\/wp\/v2\/posts\/20594","targetHints":{"allow":["GET"]}}],"collection":[{"href":"https:\/\/www.georgsorden.eu\/de\/wp-json\/wp\/v2\/posts"}],"about":[{"href":"https:\/\/www.georgsorden.eu\/de\/wp-json\/wp\/v2\/types\/post"}],"author":[{"embeddable":true,"href":"https:\/\/www.georgsorden.eu\/de\/wp-json\/wp\/v2\/users\/1"}],"replies":[{"embeddable":true,"href":"https:\/\/www.georgsorden.eu\/de\/wp-json\/wp\/v2\/comments?post=20594"}],"version-history":[{"count":19,"href":"https:\/\/www.georgsorden.eu\/de\/wp-json\/wp\/v2\/posts\/20594\/revisions"}],"predecessor-version":[{"id":20631,"href":"https:\/\/www.georgsorden.eu\/de\/wp-json\/wp\/v2\/posts\/20594\/revisions\/20631"}],"wp:attachment":[{"href":"https:\/\/www.georgsorden.eu\/de\/wp-json\/wp\/v2\/media?parent=20594"}],"wp:term":[{"taxonomy":"category","embeddable":true,"href":"https:\/\/www.georgsorden.eu\/de\/wp-json\/wp\/v2\/categories?post=20594"},{"taxonomy":"post_tag","embeddable":true,"href":"https:\/\/www.georgsorden.eu\/de\/wp-json\/wp\/v2\/tags?post=20594"}],"curies":[{"name":"wp","href":"https:\/\/api.w.org\/{rel}","templated":true}]}}