{"id":2537,"date":"2019-03-20T22:31:33","date_gmt":"2019-03-20T21:31:33","guid":{"rendered":"https:\/\/www.georgs-orden.at\/de\/?p=2537"},"modified":"2022-09-13T15:37:58","modified_gmt":"2022-09-13T13:37:58","slug":"podiumsdiskussion-20-03-2019","status":"publish","type":"post","link":"https:\/\/www.georgsorden.eu\/de\/podiumsdiskussion-20-03-2019\/","title":{"rendered":"Podiumsdiskussion: Wert(e)volles Europa"},"content":{"rendered":"\n<p>Am 20. M\u00e4rz 2019 versammelten sich \u00fcber 100 Ordensdamen, Ordensritter und Freunde des St. Georgs-Orden &#8211; unter Ihnen SKKH Ulrich von Habsburg-Lothringen, unser Kanzler, beide Vizekanzler, zahlreiche Kapitulare, Komture und Vizekomture &#8211; im Palais Wertheim, um \u00fcber den Wert von Werten in Bezug auf die bevorstehende Europa-Wahl zu diskutieren.<\/p>\n\n\n<div class=\"wpum-message warning\">\n\t<p>Dieser Inhalt ist nur f\u00fcr Mitglieder zug\u00e4nglich. Bitte <a href=\"https:\/\/www.georgsorden.eu\/de\/log-in\/?redirect_to=https:\/\/www.georgsorden.eu\/de\/wp-json\/wp\/v2\/posts\/2537\">melden Sie sich an<\/a>.<\/p>\n<\/div>\n\n\n\n\n","protected":false},"excerpt":{"rendered":"<p>Am 20. M\u00e4rz 2019 versammelten sich \u00fcber 100 Ordensdamen, Ordensritter und Freunde des St. Georgs-Orden im Palais Wertheim, um \u00fcber den Wert von Werten in Bezug auf die bevorstehende Europa-Wahl zu diskutieren.<\/p>\n","protected":false},"author":1,"featured_media":2543,"comment_status":"closed","ping_status":"closed","sticky":false,"template":"","format":"standard","meta":{"footnotes":""},"categories":[23,27],"tags":[],"class_list":["post-2537","post","type-post","status-publish","format-standard","has-post-thumbnail","hentry","category-archiv-2019","category-orden-allgemein"],"publishpress_future_action":{"enabled":false,"date":"2026-05-07 23:32:31","action":"category","newStatus":"draft","terms":[],"taxonomy":"category","extraData":[]},"publishpress_future_workflow_manual_trigger":{"enabledWorkflows":[]},"rttpg_featured_image_url":{"full":["https:\/\/www.georgsorden.eu\/wp-content\/uploads\/2021\/08\/Podiumsdiskussion_01.jpg",580,387,false],"landscape":["https:\/\/www.georgsorden.eu\/wp-content\/uploads\/2021\/08\/Podiumsdiskussion_01.jpg",580,387,false],"portraits":["https:\/\/www.georgsorden.eu\/wp-content\/uploads\/2021\/08\/Podiumsdiskussion_01.jpg",580,387,false],"thumbnail":["https:\/\/www.georgsorden.eu\/wp-content\/uploads\/2021\/08\/Podiumsdiskussion_01-150x150.jpg",150,150,true],"medium":["https:\/\/www.georgsorden.eu\/wp-content\/uploads\/2021\/08\/Podiumsdiskussion_01-300x200.jpg",300,200,true],"large":["https:\/\/www.georgsorden.eu\/wp-content\/uploads\/2021\/08\/Podiumsdiskussion_01.jpg",580,387,false],"1536x1536":["https:\/\/www.georgsorden.eu\/wp-content\/uploads\/2021\/08\/Podiumsdiskussion_01.jpg",580,387,false],"2048x2048":["https:\/\/www.georgsorden.eu\/wp-content\/uploads\/2021\/08\/Podiumsdiskussion_01.jpg",580,387,false]},"rttpg_author":{"display_name":"iktopia","author_link":"https:\/\/www.georgsorden.eu\/de\/author\/iktopia\/"},"rttpg_comment":0,"rttpg_category":"<a href=\"https:\/\/www.georgsorden.eu\/de\/category\/archiv-2019\/\" rel=\"category tag\">2019<\/a> <a href=\"https:\/\/www.georgsorden.eu\/de\/category\/orden-allgemein\/\" rel=\"category tag\">Orden allgemein<\/a>","rttpg_excerpt":"Am 20. M\u00e4rz 2019 versammelten sich \u00fcber 100 Ordensdamen, Ordensritter und Freunde des St. Georgs-Orden im Palais Wertheim, um \u00fcber den Wert von Werten in Bezug auf die bevorstehende Europa-Wahl zu diskutieren.","_links":{"self":[{"href":"https:\/\/www.georgsorden.eu\/de\/wp-json\/wp\/v2\/posts\/2537","targetHints":{"allow":["GET"]}}],"collection":[{"href":"https:\/\/www.georgsorden.eu\/de\/wp-json\/wp\/v2\/posts"}],"about":[{"href":"https:\/\/www.georgsorden.eu\/de\/wp-json\/wp\/v2\/types\/post"}],"author":[{"embeddable":true,"href":"https:\/\/www.georgsorden.eu\/de\/wp-json\/wp\/v2\/users\/1"}],"replies":[{"embeddable":true,"href":"https:\/\/www.georgsorden.eu\/de\/wp-json\/wp\/v2\/comments?post=2537"}],"version-history":[{"count":6,"href":"https:\/\/www.georgsorden.eu\/de\/wp-json\/wp\/v2\/posts\/2537\/revisions"}],"predecessor-version":[{"id":6490,"href":"https:\/\/www.georgsorden.eu\/de\/wp-json\/wp\/v2\/posts\/2537\/revisions\/6490"}],"wp:featuredmedia":[{"embeddable":true,"href":"https:\/\/www.georgsorden.eu\/de\/wp-json\/wp\/v2\/media\/2543"}],"wp:attachment":[{"href":"https:\/\/www.georgsorden.eu\/de\/wp-json\/wp\/v2\/media?parent=2537"}],"wp:term":[{"taxonomy":"category","embeddable":true,"href":"https:\/\/www.georgsorden.eu\/de\/wp-json\/wp\/v2\/categories?post=2537"},{"taxonomy":"post_tag","embeddable":true,"href":"https:\/\/www.georgsorden.eu\/de\/wp-json\/wp\/v2\/tags?post=2537"}],"curies":[{"name":"wp","href":"https:\/\/api.w.org\/{rel}","templated":true}]}}