{"id":4114,"date":"2022-02-23T11:18:02","date_gmt":"2022-02-23T10:18:02","guid":{"rendered":"https:\/\/www.georgsorden.at\/de\/?p=4114"},"modified":"2023-01-24T14:15:53","modified_gmt":"2023-01-24T13:15:53","slug":"rainer-eisenmann","status":"publish","type":"post","link":"https:\/\/www.georgsorden.eu\/de\/rainer-eisenmann\/","title":{"rendered":"Rainer Eisenmann"},"content":{"rendered":"\n<div class=\"wp-block-columns is-layout-flex wp-container-core-columns-is-layout-9d6595d7 wp-block-columns-is-layout-flex\">\n<div class=\"wp-block-column is-layout-flow wp-block-column-is-layout-flow\" style=\"flex-basis:33.33%\">\n<figure class=\"wp-block-image size-full is-resized\"><a href=\"https:\/\/www.georgsorden.eu\/wp-content\/uploads\/2022\/02\/Foto-Eisenmann.jpg\" rel=\"lightbox-0\"><img loading=\"lazy\" decoding=\"async\" src=\"https:\/\/www.georgsorden.eu\/wp-content\/uploads\/2022\/02\/Foto-Eisenmann.jpg\" alt=\"Foto-Eisenmann\" class=\"wp-image-4147\" width=\"297\" height=\"385\" srcset=\"https:\/\/www.georgsorden.eu\/wp-content\/uploads\/2022\/02\/Foto-Eisenmann.jpg 442w, https:\/\/www.georgsorden.eu\/wp-content\/uploads\/2022\/02\/Foto-Eisenmann-231x300.jpg 231w\" sizes=\"auto, (max-width: 297px) 100vw, 297px\" \/><\/a><\/figure>\n<\/div>\n\n\n\n<div class=\"wp-block-column is-layout-flow wp-block-column-is-layout-flow\" style=\"flex-basis:66.66%\">\n<p>\u2020 27.08.2020<\/p>\n\n\n\n<h5 class=\"wp-block-heading\">Auszug aus dem Kanzlerbrief zum Ableben:<\/h5>\n\n\n\n<p>Leider muss ich Euch abermals vom Ableben eines besonders aktiven und liebenswerten Ordensritters der Komturei Nieder\u00f6sterreich \u2013 Heldenberg informieren. Unser Freund, Ordensritter und Fl\u00fcgeladjutant Rainer Eisenmann ist am Donnerstag, dem 27. August 2020, im 60. Lebensjahr \u2013 viel zu fr\u00fch \u2013 von uns gegangen. Unser Mitgef\u00fchl geh\u00f6rt insbesondere seiner Lebensgef\u00e4hrtin Maria. Auf Wunsch von Rainer wird er mit seinem Ordensmantel und Halskreuz zur letzten Ruhe gebettet.<\/p>\n<\/div>\n<\/div>\n\n\n\n<div class=\"wp-block-file\"><a id=\"wp-block-file--media-66256552-d9d2-4943-aeed-1c5cd0795e2c\" href=\"https:\/\/www.georgsorden.eu\/wp-content\/uploads\/2022\/02\/Parte_Rainer-Eisenmann_08-2020.pdf\" target=\"_blank\" rel=\"noreferrer noopener\">Parte von Rainer Eisenmann<\/a><a href=\"https:\/\/www.georgsorden.eu\/wp-content\/uploads\/2022\/02\/Parte_Rainer-Eisenmann_08-2020.pdf\" class=\"wp-block-file__button wp-element-button\" download aria-describedby=\"wp-block-file--media-66256552-d9d2-4943-aeed-1c5cd0795e2c\">Herunterladen<\/a><\/div>\n","protected":false},"excerpt":{"rendered":"<p>\u2020 27.08.2020<\/p>\n","protected":false},"author":1,"featured_media":0,"comment_status":"closed","ping_status":"closed","sticky":false,"template":"","format":"standard","meta":{"footnotes":""},"categories":[],"tags":[],"class_list":["post-4114","post","type-post","status-publish","format-standard","hentry"],"publishpress_future_action":{"enabled":false,"date":"2026-05-08 19:58:22","action":"category","newStatus":"draft","terms":[],"taxonomy":"category","extraData":[]},"publishpress_future_workflow_manual_trigger":{"enabledWorkflows":[]},"rttpg_featured_image_url":null,"rttpg_author":{"display_name":"iktopia","author_link":"https:\/\/www.georgsorden.eu\/de\/author\/iktopia\/"},"rttpg_comment":0,"rttpg_category":"Allgemein","rttpg_excerpt":"\u2020 27.08.2020","_links":{"self":[{"href":"https:\/\/www.georgsorden.eu\/de\/wp-json\/wp\/v2\/posts\/4114","targetHints":{"allow":["GET"]}}],"collection":[{"href":"https:\/\/www.georgsorden.eu\/de\/wp-json\/wp\/v2\/posts"}],"about":[{"href":"https:\/\/www.georgsorden.eu\/de\/wp-json\/wp\/v2\/types\/post"}],"author":[{"embeddable":true,"href":"https:\/\/www.georgsorden.eu\/de\/wp-json\/wp\/v2\/users\/1"}],"replies":[{"embeddable":true,"href":"https:\/\/www.georgsorden.eu\/de\/wp-json\/wp\/v2\/comments?post=4114"}],"version-history":[{"count":4,"href":"https:\/\/www.georgsorden.eu\/de\/wp-json\/wp\/v2\/posts\/4114\/revisions"}],"predecessor-version":[{"id":7943,"href":"https:\/\/www.georgsorden.eu\/de\/wp-json\/wp\/v2\/posts\/4114\/revisions\/7943"}],"wp:attachment":[{"href":"https:\/\/www.georgsorden.eu\/de\/wp-json\/wp\/v2\/media?parent=4114"}],"wp:term":[{"taxonomy":"category","embeddable":true,"href":"https:\/\/www.georgsorden.eu\/de\/wp-json\/wp\/v2\/categories?post=4114"},{"taxonomy":"post_tag","embeddable":true,"href":"https:\/\/www.georgsorden.eu\/de\/wp-json\/wp\/v2\/tags?post=4114"}],"curies":[{"name":"wp","href":"https:\/\/api.w.org\/{rel}","templated":true}]}}