{"id":4117,"date":"2022-02-23T11:24:51","date_gmt":"2022-02-23T10:24:51","guid":{"rendered":"https:\/\/www.georgsorden.at\/de\/?p=4117"},"modified":"2023-01-24T14:15:25","modified_gmt":"2023-01-24T13:15:25","slug":"gerhard-gappmaier","status":"publish","type":"post","link":"https:\/\/www.georgsorden.eu\/de\/gerhard-gappmaier\/","title":{"rendered":"Gerhard Gappmaier"},"content":{"rendered":"\n<div class=\"wp-block-columns is-layout-flex wp-container-core-columns-is-layout-9d6595d7 wp-block-columns-is-layout-flex\">\n<div class=\"wp-block-column is-layout-flow wp-block-column-is-layout-flow\" style=\"flex-basis:33.33%\">\n<figure class=\"wp-block-image size-full\"><a href=\"https:\/\/www.georgsorden.eu\/wp-content\/uploads\/2022\/02\/Foto-Gappmaier.jpg\" rel=\"lightbox-0\"><img loading=\"lazy\" decoding=\"async\" width=\"442\" height=\"574\" src=\"https:\/\/www.georgsorden.eu\/wp-content\/uploads\/2022\/02\/Foto-Gappmaier.jpg\" alt=\"Foto-Gappmaier\" class=\"wp-image-4148\" srcset=\"https:\/\/www.georgsorden.eu\/wp-content\/uploads\/2022\/02\/Foto-Gappmaier.jpg 442w, https:\/\/www.georgsorden.eu\/wp-content\/uploads\/2022\/02\/Foto-Gappmaier-231x300.jpg 231w\" sizes=\"auto, (max-width: 442px) 100vw, 442px\" \/><\/a><\/figure>\n<\/div>\n\n\n\n<div class=\"wp-block-column is-layout-flow wp-block-column-is-layout-flow\" style=\"flex-basis:66.66%\">\n<p>\u2020 03.05.2019<\/p>\n\n\n\n<h5 class=\"wp-block-heading\">Auszug aus dem Kanzlerbrief zum Ableben:<\/h5>\n\n\n\n<p>Es ist meine traurige Pflicht, Euch alle vom Ableben unseres Ordensritters der Komturei Salzburg\/Ober\u00f6sterreich\/Bayern, Herrn DI Gerhard Gappmaier, zu informieren. Gerhard ist f\u00fcr alle \u00fcberraschend am letzten Freitag, 3.5.2019, aus dem Leben gerissen worden. Gerhard war Vater von Zwillingen im Alter von erst f\u00fcnf Jahren. Mein und unser Mitgef\u00fchl gilt seiner lieben Frau Anastasia und seinen beiden Kindern.<\/p>\n\n\n\n<p>Ein besonderes Anliegen der Familie ist es, die Kinder von Gerhard finanziell abzusichern, weshalb ausdr\u00fccklich gew\u00fcnscht ist, von Blumenspenden Abstand zu nehmen und stattdessen auf das eigens daf\u00fcr eingerichtete Spendenkonto von Gerhards Ehefrau, Anastasia Gappmaier, zu spenden.<\/p>\n<\/div>\n<\/div>\n\n\n\n<div class=\"wp-block-file\"><a id=\"wp-block-file--media-ad6e489a-2628-4699-b339-873124a67a22\" href=\"https:\/\/www.georgsorden.eu\/wp-content\/uploads\/2022\/02\/Parte_Gerhard-Gappmaier_05-2019.pdf\" target=\"_blank\" rel=\"noreferrer noopener\">Parte von Gerhard Gappmaier<\/a><a href=\"https:\/\/www.georgsorden.eu\/wp-content\/uploads\/2022\/02\/Parte_Gerhard-Gappmaier_05-2019.pdf\" class=\"wp-block-file__button wp-element-button\" download aria-describedby=\"wp-block-file--media-ad6e489a-2628-4699-b339-873124a67a22\">Herunterladen<\/a><\/div>\n","protected":false},"excerpt":{"rendered":"<p>\u2020 03.05.2019<\/p>\n","protected":false},"author":1,"featured_media":0,"comment_status":"closed","ping_status":"closed","sticky":false,"template":"","format":"standard","meta":{"footnotes":""},"categories":[],"tags":[],"class_list":["post-4117","post","type-post","status-publish","format-standard","hentry"],"publishpress_future_action":{"enabled":false,"date":"2026-05-08 20:46:14","action":"category","newStatus":"draft","terms":[],"taxonomy":"category","extraData":[]},"publishpress_future_workflow_manual_trigger":{"enabledWorkflows":[]},"rttpg_featured_image_url":null,"rttpg_author":{"display_name":"iktopia","author_link":"https:\/\/www.georgsorden.eu\/de\/author\/iktopia\/"},"rttpg_comment":0,"rttpg_category":"Allgemein","rttpg_excerpt":"\u2020 03.05.2019","_links":{"self":[{"href":"https:\/\/www.georgsorden.eu\/de\/wp-json\/wp\/v2\/posts\/4117","targetHints":{"allow":["GET"]}}],"collection":[{"href":"https:\/\/www.georgsorden.eu\/de\/wp-json\/wp\/v2\/posts"}],"about":[{"href":"https:\/\/www.georgsorden.eu\/de\/wp-json\/wp\/v2\/types\/post"}],"author":[{"embeddable":true,"href":"https:\/\/www.georgsorden.eu\/de\/wp-json\/wp\/v2\/users\/1"}],"replies":[{"embeddable":true,"href":"https:\/\/www.georgsorden.eu\/de\/wp-json\/wp\/v2\/comments?post=4117"}],"version-history":[{"count":5,"href":"https:\/\/www.georgsorden.eu\/de\/wp-json\/wp\/v2\/posts\/4117\/revisions"}],"predecessor-version":[{"id":7942,"href":"https:\/\/www.georgsorden.eu\/de\/wp-json\/wp\/v2\/posts\/4117\/revisions\/7942"}],"wp:attachment":[{"href":"https:\/\/www.georgsorden.eu\/de\/wp-json\/wp\/v2\/media?parent=4117"}],"wp:term":[{"taxonomy":"category","embeddable":true,"href":"https:\/\/www.georgsorden.eu\/de\/wp-json\/wp\/v2\/categories?post=4117"},{"taxonomy":"post_tag","embeddable":true,"href":"https:\/\/www.georgsorden.eu\/de\/wp-json\/wp\/v2\/tags?post=4117"}],"curies":[{"name":"wp","href":"https:\/\/api.w.org\/{rel}","templated":true}]}}