{"id":4122,"date":"2022-02-23T11:32:13","date_gmt":"2022-02-23T10:32:13","guid":{"rendered":"https:\/\/www.georgsorden.at\/de\/?p=4122"},"modified":"2023-01-24T14:14:47","modified_gmt":"2023-01-24T13:14:47","slug":"andreas-karlsboeck","status":"publish","type":"post","link":"https:\/\/www.georgsorden.eu\/de\/andreas-karlsboeck\/","title":{"rendered":"Andreas F. Karlsb\u00f6ck"},"content":{"rendered":"\n<div class=\"wp-block-columns is-layout-flex wp-container-core-columns-is-layout-9d6595d7 wp-block-columns-is-layout-flex\">\n<div class=\"wp-block-column is-layout-flow wp-block-column-is-layout-flow\" style=\"flex-basis:33.33%\">\n<figure class=\"wp-block-image size-full\"><a href=\"https:\/\/www.georgsorden.eu\/wp-content\/uploads\/2022\/02\/Foto-Karlsboeck.jpg\" rel=\"lightbox-0\"><img loading=\"lazy\" decoding=\"async\" width=\"442\" height=\"574\" src=\"https:\/\/www.georgsorden.eu\/wp-content\/uploads\/2022\/02\/Foto-Karlsboeck.jpg\" alt=\"Foto-Karlsboeck\" class=\"wp-image-4149\" srcset=\"https:\/\/www.georgsorden.eu\/wp-content\/uploads\/2022\/02\/Foto-Karlsboeck.jpg 442w, https:\/\/www.georgsorden.eu\/wp-content\/uploads\/2022\/02\/Foto-Karlsboeck-231x300.jpg 231w\" sizes=\"auto, (max-width: 442px) 100vw, 442px\" \/><\/a><\/figure>\n<\/div>\n\n\n\n<div class=\"wp-block-column is-layout-flow wp-block-column-is-layout-flow\" style=\"flex-basis:66.66%\">\n<p>\u2020 22.11.2019<\/p>\n\n\n\n<h5 class=\"wp-block-heading\">Auszug aus dem Kanzlerbrief zum Ableben:<\/h5>\n\n\n\n<p>Mit gro\u00dfer Trauer teile ich Euch mit, dass unser hochverdienter Ordensritter und ehemaliger Kapitular des Ordens, Herr Dr. Andreas F. Karlsb\u00f6ck, Nationalratsabgeordneter a. D., am letzten Freitag, den 22. November 2019, nur wenige Tage nach seinem 59. Geburtstag nach langer Krankheit verstorben ist. Mit Andreas haben wir nicht nur einen ganz besonderen Ordensritter, Mensch und Freund, sondern auch einen ganz wichtigen Verfechter der Werte unseres Ordens verloren. Er hat u.a. das Gebetsfr\u00fchst\u00fcck im Parlament gegr\u00fcndet, war ein leidenschaftlicher Au\u00dfenpolitiker und Tr\u00e4ger des Goldenen Ehrenzeichens f\u00fcr Verdienste um die Republik \u00d6sterreich.<\/p>\n\n\n\n<p>Wir bedauern den Verlust zutiefst. Meine und unsere aufrichtige Anteilnahme gilt der gesamten Familie von Andreas.<\/p>\n<\/div>\n<\/div>\n\n\n\n<div class=\"wp-block-file\"><a id=\"wp-block-file--media-0ccfc79c-1ac6-4bdb-9f1f-b5908383dd8e\" href=\"https:\/\/www.georgsorden.eu\/wp-content\/uploads\/2022\/02\/Parte_Andreas-Karlsboeck_11-2019.pdf\" target=\"_blank\" rel=\"noreferrer noopener\">Parte von Andreas F. Karlsb\u00f6ck<\/a><a href=\"https:\/\/www.georgsorden.eu\/wp-content\/uploads\/2022\/02\/Parte_Andreas-Karlsboeck_11-2019.pdf\" class=\"wp-block-file__button wp-element-button\" download aria-describedby=\"wp-block-file--media-0ccfc79c-1ac6-4bdb-9f1f-b5908383dd8e\">Herunterladen<\/a><\/div>\n","protected":false},"excerpt":{"rendered":"<p>\u2020 22.11.2019<\/p>\n","protected":false},"author":1,"featured_media":0,"comment_status":"closed","ping_status":"closed","sticky":false,"template":"","format":"standard","meta":{"footnotes":""},"categories":[],"tags":[],"class_list":["post-4122","post","type-post","status-publish","format-standard","hentry"],"publishpress_future_action":{"enabled":false,"date":"2026-05-08 21:31:54","action":"category","newStatus":"draft","terms":[],"taxonomy":"category","extraData":[]},"publishpress_future_workflow_manual_trigger":{"enabledWorkflows":[]},"rttpg_featured_image_url":null,"rttpg_author":{"display_name":"iktopia","author_link":"https:\/\/www.georgsorden.eu\/de\/author\/iktopia\/"},"rttpg_comment":0,"rttpg_category":"Allgemein","rttpg_excerpt":"\u2020 22.11.2019","_links":{"self":[{"href":"https:\/\/www.georgsorden.eu\/de\/wp-json\/wp\/v2\/posts\/4122","targetHints":{"allow":["GET"]}}],"collection":[{"href":"https:\/\/www.georgsorden.eu\/de\/wp-json\/wp\/v2\/posts"}],"about":[{"href":"https:\/\/www.georgsorden.eu\/de\/wp-json\/wp\/v2\/types\/post"}],"author":[{"embeddable":true,"href":"https:\/\/www.georgsorden.eu\/de\/wp-json\/wp\/v2\/users\/1"}],"replies":[{"embeddable":true,"href":"https:\/\/www.georgsorden.eu\/de\/wp-json\/wp\/v2\/comments?post=4122"}],"version-history":[{"count":4,"href":"https:\/\/www.georgsorden.eu\/de\/wp-json\/wp\/v2\/posts\/4122\/revisions"}],"predecessor-version":[{"id":7941,"href":"https:\/\/www.georgsorden.eu\/de\/wp-json\/wp\/v2\/posts\/4122\/revisions\/7941"}],"wp:attachment":[{"href":"https:\/\/www.georgsorden.eu\/de\/wp-json\/wp\/v2\/media?parent=4122"}],"wp:term":[{"taxonomy":"category","embeddable":true,"href":"https:\/\/www.georgsorden.eu\/de\/wp-json\/wp\/v2\/categories?post=4122"},{"taxonomy":"post_tag","embeddable":true,"href":"https:\/\/www.georgsorden.eu\/de\/wp-json\/wp\/v2\/tags?post=4122"}],"curies":[{"name":"wp","href":"https:\/\/api.w.org\/{rel}","templated":true}]}}