{"id":4126,"date":"2022-02-23T11:40:09","date_gmt":"2022-02-23T10:40:09","guid":{"rendered":"https:\/\/www.georgsorden.at\/de\/?p=4126"},"modified":"2023-01-24T14:14:23","modified_gmt":"2023-01-24T13:14:23","slug":"juergen-michael-kleppich","status":"publish","type":"post","link":"https:\/\/www.georgsorden.eu\/de\/juergen-michael-kleppich\/","title":{"rendered":"J\u00fcrgen-Michael Kleppich"},"content":{"rendered":"\n<div class=\"wp-block-columns is-layout-flex wp-container-core-columns-is-layout-9d6595d7 wp-block-columns-is-layout-flex\">\n<div class=\"wp-block-column is-layout-flow wp-block-column-is-layout-flow\" style=\"flex-basis:33.33%\">\n<figure class=\"wp-block-image size-full is-resized\"><a href=\"https:\/\/www.georgsorden.eu\/wp-content\/uploads\/2022\/02\/Foto-Kleppich.jpg\" rel=\"lightbox-0\"><img loading=\"lazy\" decoding=\"async\" src=\"https:\/\/www.georgsorden.eu\/wp-content\/uploads\/2022\/02\/Foto-Kleppich.jpg\" alt=\"Foto-Kleppich\" class=\"wp-image-4150\" width=\"297\" height=\"385\" srcset=\"https:\/\/www.georgsorden.eu\/wp-content\/uploads\/2022\/02\/Foto-Kleppich.jpg 442w, https:\/\/www.georgsorden.eu\/wp-content\/uploads\/2022\/02\/Foto-Kleppich-231x300.jpg 231w\" sizes=\"auto, (max-width: 297px) 100vw, 297px\" \/><\/a><\/figure>\n<\/div>\n\n\n\n<div class=\"wp-block-column is-layout-flow wp-block-column-is-layout-flow\" style=\"flex-basis:66.66%\">\n<p>\u2020 24.06.2021<\/p>\n\n\n\n<h5 class=\"wp-block-heading\">Auszug aus dem Kanzlerbrief zum Ableben:<\/h5>\n\n\n\n<p>Mit gro\u00dfer Best\u00fcrzung haben wir letzten Freitag in der Fr\u00fch die Nachricht vom Ableben eines unserer Ordensritter der Komturei Wien\u2013Hofburg erfahren. Unser Ordensbruder, Fl\u00fcgeladjutant und Freund J\u00fcrgen-Michael Kleppich, MA ist am Abend des letzten Donnerstags, dem 24. Juni 2021, im Kreise seiner Familie friedlich entschlafen. Er hat seine schwere Krankheit mit sehr viel Tapferkeit ertragen und ist leider viel zu fr\u00fch, im Alter von nur 51 Jahren von uns gegangen. Meine und unsere aufrichtige Anteilnahme gilt der Familie von J\u00fcrgen, dem die Werte und Ziele unseres Ordens ein ganz besonderes Anliegen waren.<\/p>\n<\/div>\n<\/div>\n\n\n\n<div class=\"wp-block-file\"><a id=\"wp-block-file--media-eb98d247-546c-49d0-9f87-26d611f363bf\" href=\"https:\/\/www.georgsorden.eu\/wp-content\/uploads\/2022\/02\/Parte_Juergen-Michael-Kleppich_06-2021.pdf\" target=\"_blank\" rel=\"noreferrer noopener\">Parte von J\u00fcrgen-Michael Kleppich<\/a><a href=\"https:\/\/www.georgsorden.eu\/wp-content\/uploads\/2022\/02\/Parte_Juergen-Michael-Kleppich_06-2021.pdf\" class=\"wp-block-file__button wp-element-button\" download aria-describedby=\"wp-block-file--media-eb98d247-546c-49d0-9f87-26d611f363bf\">Herunterladen<\/a><\/div>\n","protected":false},"excerpt":{"rendered":"<p>\u2020 24.06.2021<\/p>\n","protected":false},"author":1,"featured_media":0,"comment_status":"closed","ping_status":"closed","sticky":false,"template":"","format":"standard","meta":{"footnotes":""},"categories":[],"tags":[],"class_list":["post-4126","post","type-post","status-publish","format-standard","hentry"],"publishpress_future_action":{"enabled":false,"date":"2026-05-08 22:15:09","action":"category","newStatus":"draft","terms":[],"taxonomy":"category","extraData":[]},"publishpress_future_workflow_manual_trigger":{"enabledWorkflows":[]},"rttpg_featured_image_url":null,"rttpg_author":{"display_name":"iktopia","author_link":"https:\/\/www.georgsorden.eu\/de\/author\/iktopia\/"},"rttpg_comment":0,"rttpg_category":"Allgemein","rttpg_excerpt":"\u2020 24.06.2021","_links":{"self":[{"href":"https:\/\/www.georgsorden.eu\/de\/wp-json\/wp\/v2\/posts\/4126","targetHints":{"allow":["GET"]}}],"collection":[{"href":"https:\/\/www.georgsorden.eu\/de\/wp-json\/wp\/v2\/posts"}],"about":[{"href":"https:\/\/www.georgsorden.eu\/de\/wp-json\/wp\/v2\/types\/post"}],"author":[{"embeddable":true,"href":"https:\/\/www.georgsorden.eu\/de\/wp-json\/wp\/v2\/users\/1"}],"replies":[{"embeddable":true,"href":"https:\/\/www.georgsorden.eu\/de\/wp-json\/wp\/v2\/comments?post=4126"}],"version-history":[{"count":4,"href":"https:\/\/www.georgsorden.eu\/de\/wp-json\/wp\/v2\/posts\/4126\/revisions"}],"predecessor-version":[{"id":7940,"href":"https:\/\/www.georgsorden.eu\/de\/wp-json\/wp\/v2\/posts\/4126\/revisions\/7940"}],"wp:attachment":[{"href":"https:\/\/www.georgsorden.eu\/de\/wp-json\/wp\/v2\/media?parent=4126"}],"wp:term":[{"taxonomy":"category","embeddable":true,"href":"https:\/\/www.georgsorden.eu\/de\/wp-json\/wp\/v2\/categories?post=4126"},{"taxonomy":"post_tag","embeddable":true,"href":"https:\/\/www.georgsorden.eu\/de\/wp-json\/wp\/v2\/tags?post=4126"}],"curies":[{"name":"wp","href":"https:\/\/api.w.org\/{rel}","templated":true}]}}