{"id":4130,"date":"2022-02-23T11:50:07","date_gmt":"2022-02-23T10:50:07","guid":{"rendered":"https:\/\/www.georgsorden.at\/de\/?p=4130"},"modified":"2023-01-24T14:13:18","modified_gmt":"2023-01-24T13:13:18","slug":"eugene-marchuk","status":"publish","type":"post","link":"https:\/\/www.georgsorden.eu\/de\/eugene-marchuk\/","title":{"rendered":"Eugene Marchuk"},"content":{"rendered":"\n<div class=\"wp-block-columns is-layout-flex wp-container-core-columns-is-layout-9d6595d7 wp-block-columns-is-layout-flex\">\n<div class=\"wp-block-column is-layout-flow wp-block-column-is-layout-flow\" style=\"flex-basis:33.33%\">\n<figure class=\"wp-block-image size-full is-resized\"><a href=\"https:\/\/www.georgsorden.eu\/wp-content\/uploads\/2022\/02\/Foto-Eugene-Marchuk.jpg\" rel=\"lightbox-0\"><img loading=\"lazy\" decoding=\"async\" src=\"https:\/\/www.georgsorden.eu\/wp-content\/uploads\/2022\/02\/Foto-Eugene-Marchuk.jpg\" alt=\"Foto-Eugene-Marchuk\" class=\"wp-image-4131\" width=\"297\" height=\"385\" srcset=\"https:\/\/www.georgsorden.eu\/wp-content\/uploads\/2022\/02\/Foto-Eugene-Marchuk.jpg 442w, https:\/\/www.georgsorden.eu\/wp-content\/uploads\/2022\/02\/Foto-Eugene-Marchuk-231x300.jpg 231w\" sizes=\"auto, (max-width: 297px) 100vw, 297px\" \/><\/a><\/figure>\n<\/div>\n\n\n\n<div class=\"wp-block-column is-layout-flow wp-block-column-is-layout-flow\" style=\"flex-basis:66.66%\">\n<p>\u2020 05.08.2021<\/p>\n\n\n\n<h5 class=\"wp-block-heading\">Auszug aus dem Kanzlerbrief zum Ableben:<\/h5>\n\n\n\n<p>Es ist meine traurige Pflicht, Euch alle vom Ableben unseres hochgesch\u00e4tzten Ordensritters General Eugene Marchuk (Komturei International) zu informieren, der am 5. August 2021 in Kiew verstorben ist. Eugene war eine au\u00dferordentliche Pers\u00f6nlichkeit und setzte sich als Architekt des \u201eMinsker Abkommens\u201c auf allen Ebenen f\u00fcr eine friedliche L\u00f6sung des Konflikts in der Ostukraine ein. Er diente seinem Land bis ins hohe Alter und wurde von allen politischen Kr\u00e4ften sehr geachtet..<\/p>\n\n\n\n<p>Ordensritter Marchuk war pers\u00f6nlich mit unserem Gro\u00dfmeister befreundet und lebte die Werte und \u00dcberzeugungen des Ordens. Wir verlieren mit ihm nicht nur einen bemerkenswerten proeurop\u00e4ischen Politiker, der sich f\u00fcr den Frieden einsetzte, sondern vor allem einen wahren Freund des Ordens.<\/p>\n<\/div>\n<\/div>\n\n\n\n<div class=\"wp-block-file\"><a id=\"wp-block-file--media-3d6b093f-325e-4f2b-b973-3fd68954db4a\" href=\"https:\/\/www.georgsorden.eu\/wp-content\/uploads\/2021\/09\/Marchuk_Artikel-vonCornelius-Granig_Kyiv-Post.pdf\" target=\"_blank\" rel=\"noreferrer noopener\">Artikel in der Kyiv Post<\/a><a href=\"https:\/\/www.georgsorden.eu\/wp-content\/uploads\/2021\/09\/Marchuk_Artikel-vonCornelius-Granig_Kyiv-Post.pdf\" class=\"wp-block-file__button wp-element-button\" download aria-describedby=\"wp-block-file--media-3d6b093f-325e-4f2b-b973-3fd68954db4a\">Herunterladen<\/a><\/div>\n","protected":false},"excerpt":{"rendered":"<p>\u2020 05.08.2021<\/p>\n","protected":false},"author":1,"featured_media":0,"comment_status":"closed","ping_status":"closed","sticky":false,"template":"","format":"standard","meta":{"footnotes":""},"categories":[],"tags":[],"class_list":["post-4130","post","type-post","status-publish","format-standard","hentry"],"publishpress_future_action":{"enabled":false,"date":"2026-05-08 22:56:16","action":"category","newStatus":"draft","terms":[],"taxonomy":"category","extraData":[]},"publishpress_future_workflow_manual_trigger":{"enabledWorkflows":[]},"rttpg_featured_image_url":null,"rttpg_author":{"display_name":"iktopia","author_link":"https:\/\/www.georgsorden.eu\/de\/author\/iktopia\/"},"rttpg_comment":0,"rttpg_category":"Allgemein","rttpg_excerpt":"\u2020 05.08.2021","_links":{"self":[{"href":"https:\/\/www.georgsorden.eu\/de\/wp-json\/wp\/v2\/posts\/4130","targetHints":{"allow":["GET"]}}],"collection":[{"href":"https:\/\/www.georgsorden.eu\/de\/wp-json\/wp\/v2\/posts"}],"about":[{"href":"https:\/\/www.georgsorden.eu\/de\/wp-json\/wp\/v2\/types\/post"}],"author":[{"embeddable":true,"href":"https:\/\/www.georgsorden.eu\/de\/wp-json\/wp\/v2\/users\/1"}],"replies":[{"embeddable":true,"href":"https:\/\/www.georgsorden.eu\/de\/wp-json\/wp\/v2\/comments?post=4130"}],"version-history":[{"count":4,"href":"https:\/\/www.georgsorden.eu\/de\/wp-json\/wp\/v2\/posts\/4130\/revisions"}],"predecessor-version":[{"id":7939,"href":"https:\/\/www.georgsorden.eu\/de\/wp-json\/wp\/v2\/posts\/4130\/revisions\/7939"}],"wp:attachment":[{"href":"https:\/\/www.georgsorden.eu\/de\/wp-json\/wp\/v2\/media?parent=4130"}],"wp:term":[{"taxonomy":"category","embeddable":true,"href":"https:\/\/www.georgsorden.eu\/de\/wp-json\/wp\/v2\/categories?post=4130"},{"taxonomy":"post_tag","embeddable":true,"href":"https:\/\/www.georgsorden.eu\/de\/wp-json\/wp\/v2\/tags?post=4130"}],"curies":[{"name":"wp","href":"https:\/\/api.w.org\/{rel}","templated":true}]}}