{"id":4141,"date":"2022-02-23T12:07:54","date_gmt":"2022-02-23T11:07:54","guid":{"rendered":"https:\/\/www.georgsorden.at\/de\/?p=4141"},"modified":"2023-01-24T14:11:33","modified_gmt":"2023-01-24T13:11:33","slug":"max-turnauer","status":"publish","type":"post","link":"https:\/\/www.georgsorden.eu\/de\/max-turnauer\/","title":{"rendered":"Max Turnauer"},"content":{"rendered":"\n<div class=\"wp-block-columns is-layout-flex wp-container-core-columns-is-layout-9d6595d7 wp-block-columns-is-layout-flex\">\n<div class=\"wp-block-column is-layout-flow wp-block-column-is-layout-flow\" style=\"flex-basis:33.33%\">\n<figure class=\"wp-block-image size-full is-resized\"><a href=\"https:\/\/www.georgsorden.eu\/wp-content\/uploads\/2022\/02\/Foto-Turnauer.jpg\" rel=\"lightbox-0\"><img loading=\"lazy\" decoding=\"async\" src=\"https:\/\/www.georgsorden.eu\/wp-content\/uploads\/2022\/02\/Foto-Turnauer.jpg\" alt=\"Foto-Turnauer\" class=\"wp-image-4153\" width=\"297\" height=\"385\" srcset=\"https:\/\/www.georgsorden.eu\/wp-content\/uploads\/2022\/02\/Foto-Turnauer.jpg 442w, https:\/\/www.georgsorden.eu\/wp-content\/uploads\/2022\/02\/Foto-Turnauer-231x300.jpg 231w\" sizes=\"auto, (max-width: 297px) 100vw, 297px\" \/><\/a><\/figure>\n<\/div>\n\n\n\n<div class=\"wp-block-column is-layout-flow wp-block-column-is-layout-flow\" style=\"flex-basis:66.66%\">\n<p>\u2020 07.11.2020<\/p>\n\n\n\n<h5 class=\"wp-block-heading\">Auszug aus dem Kanzlerbrief zum Ableben:<\/h5>\n\n\n\n<p>In gro\u00dfer Trauer haben wir Nachricht vom Ableben unseres hochgesch\u00e4tzten Ehrenritters S.E. Max Turnauer erhalten. Eine \u00fcber die Grenzen \u00d6sterreichs hinaus pr\u00e4gende Pers\u00f6nlichkeit ist am 7. November 2020 im 90. Lebensjahr, versehen mit den Tr\u00f6stungen der Heiligen Kirche, in die Ewigkeit heimgerufen worden.<\/p>\n\n\n\n<p>Wir verlieren in S.E. Max Turnauer einen Menschen, der Zeit seines Lebens in wahrhaft ritterlichem Geist f\u00fcr die christlichen Werte, eine proeurop\u00e4ische Gesinnung und den Kampf gegen das achtfache Elend engagiert eingetreten ist.<\/p>\n\n\n\n<p>Seine Verbundenheit mit dem Erzhaus fand in der Ernennung zum Ehrenritter des St. Georgs-Orden \u2013 Ein europ\u00e4ischer Orden des Hauses Habsburg-Lothringen am 1. Oktober 2011 im Dom zu Salzburg ihren sichtbaren Ausdruck.<\/p>\n<\/div>\n<\/div>\n\n\n\n<div class=\"wp-block-file\"><a id=\"wp-block-file--media-ca4d8c56-4a23-41ee-a99d-9c56d31531e8\" href=\"https:\/\/www.georgsorden.eu\/wp-content\/uploads\/2022\/02\/Parte_Max-Turnauer_11-2020.pdf\" target=\"_blank\" rel=\"noreferrer noopener\">Parte von Max Turnauer<\/a><a href=\"https:\/\/www.georgsorden.eu\/wp-content\/uploads\/2022\/02\/Parte_Max-Turnauer_11-2020.pdf\" class=\"wp-block-file__button wp-element-button\" download aria-describedby=\"wp-block-file--media-ca4d8c56-4a23-41ee-a99d-9c56d31531e8\">Herunterladen<\/a><\/div>\n\n\n\n<div class=\"wp-block-file\"><a id=\"wp-block-file--media-1a11eac6-9ea3-415f-861b-bba0fe5bc787\" href=\"https:\/\/www.georgsorden.eu\/wp-content\/uploads\/2022\/02\/Gedenkbild_Max-Turnauer_11-2020.pdf\" target=\"_blank\" rel=\"noreferrer noopener\">Gedenkbild und Gebetskarte von Max Turnauer<\/a><a href=\"https:\/\/www.georgsorden.eu\/wp-content\/uploads\/2022\/02\/Gedenkbild_Max-Turnauer_11-2020.pdf\" class=\"wp-block-file__button wp-element-button\" download aria-describedby=\"wp-block-file--media-1a11eac6-9ea3-415f-861b-bba0fe5bc787\">Herunterladen<\/a><\/div>\n","protected":false},"excerpt":{"rendered":"<p>\u2020 07.11.2020<\/p>\n","protected":false},"author":1,"featured_media":0,"comment_status":"closed","ping_status":"closed","sticky":false,"template":"","format":"standard","meta":{"footnotes":""},"categories":[],"tags":[],"class_list":["post-4141","post","type-post","status-publish","format-standard","hentry"],"publishpress_future_action":{"enabled":false,"date":"2026-05-09 00:49:04","action":"category","newStatus":"draft","terms":[],"taxonomy":"category","extraData":[]},"publishpress_future_workflow_manual_trigger":{"enabledWorkflows":[]},"rttpg_featured_image_url":null,"rttpg_author":{"display_name":"iktopia","author_link":"https:\/\/www.georgsorden.eu\/de\/author\/iktopia\/"},"rttpg_comment":0,"rttpg_category":"Allgemein","rttpg_excerpt":"\u2020 07.11.2020","_links":{"self":[{"href":"https:\/\/www.georgsorden.eu\/de\/wp-json\/wp\/v2\/posts\/4141","targetHints":{"allow":["GET"]}}],"collection":[{"href":"https:\/\/www.georgsorden.eu\/de\/wp-json\/wp\/v2\/posts"}],"about":[{"href":"https:\/\/www.georgsorden.eu\/de\/wp-json\/wp\/v2\/types\/post"}],"author":[{"embeddable":true,"href":"https:\/\/www.georgsorden.eu\/de\/wp-json\/wp\/v2\/users\/1"}],"replies":[{"embeddable":true,"href":"https:\/\/www.georgsorden.eu\/de\/wp-json\/wp\/v2\/comments?post=4141"}],"version-history":[{"count":7,"href":"https:\/\/www.georgsorden.eu\/de\/wp-json\/wp\/v2\/posts\/4141\/revisions"}],"predecessor-version":[{"id":7936,"href":"https:\/\/www.georgsorden.eu\/de\/wp-json\/wp\/v2\/posts\/4141\/revisions\/7936"}],"wp:attachment":[{"href":"https:\/\/www.georgsorden.eu\/de\/wp-json\/wp\/v2\/media?parent=4141"}],"wp:term":[{"taxonomy":"category","embeddable":true,"href":"https:\/\/www.georgsorden.eu\/de\/wp-json\/wp\/v2\/categories?post=4141"},{"taxonomy":"post_tag","embeddable":true,"href":"https:\/\/www.georgsorden.eu\/de\/wp-json\/wp\/v2\/tags?post=4141"}],"curies":[{"name":"wp","href":"https:\/\/api.w.org\/{rel}","templated":true}]}}