{"id":4191,"date":"2022-02-24T16:03:25","date_gmt":"2022-02-24T15:03:25","guid":{"rendered":"https:\/\/www.georgsorden.at\/de\/?p=4191"},"modified":"2023-01-10T09:42:30","modified_gmt":"2023-01-10T08:42:30","slug":"update-stellungnahme-karl-von-habsburg","status":"publish","type":"post","link":"https:\/\/www.georgsorden.eu\/de\/update-stellungnahme-karl-von-habsburg\/","title":{"rendered":"UPDATE: Stellungnahme von Karl von Habsburg zu den aktuellen Entwicklungen in der Ukraine"},"content":{"rendered":"\n<h2 class=\"wp-block-heading\">Putins Ziel ist die Kontrolle der Ukraine<\/h2>\n\n\n\n<h4 class=\"wp-block-heading\">Das Vorsitzland im UN-Sicherheitsrat f\u00fchrt einen brutalen Eroberungskrieg gegen die Ukraine.<\/h4>\n\n\n\n<p>Gab es anfangs noch Spekulationen, dass es Putin mit seinem Truppenaufmarsch um eine Annexion der ohnehin schon von russischen S\u00f6ldnern besetzten Gebiete in der Ostukraine gehen k\u00f6nnen, so ist durch den nun massiven Angriff klar geworden, dass es ihm um die Eroberung der gesamten Ukraine geht. Putin folgt damit einem Drehbuch, das aus fr\u00fcheren Eroberungskriegen, die von durch Gro\u00dfmachtfantasien getriebenen Diktatoren vom Zaun gebrochen wurden, bekannt ist.<\/p>\n\n\n\n<p>Aus diesem Grund steht zu bef\u00fcrchten, dass es beim weiteren Vorr\u00fccken der russischen Truppen zu massiven S\u00e4uberungen und zur Einrichtung von Todeslagern, egal ob man sie Konzentrationslager oder Gulag nennt, kommen wird. Falls die Eroberung der gesamten Ukraine nicht erreichbar ist, so wird Putin auf jeden Fall versuchen einen Landweg bis Tiraspol zu erobern, die Ukraine damit vom Zugang zum Schwarzen Meer abzuschneiden, und im Rest des Landes soviel Zerst\u00f6rung wie nur m\u00f6glich anzurichten.<\/p>\n\n\n\n<p>F\u00fcr die freie Welt wird es nun Zeit die Sanktionen gegen Russland massiv hinaufzuschrauben, und das Land vom Zahlungsverkehrssystem SWIFT abzuschneiden. Gleichzeitig wird es notwendig sein, direkte Sanktionen gegen Putin und sein direktes, f\u00fcr diesen Krieg verantwortliches, Umfeld zu verh\u00e4ngen. Sie m\u00fcssen von ihren Verm\u00f6genswerten in Europa und anderen Teilen der freien Welt abgeschnitten werden.<\/p>\n\n\n\n<p>Mit welch brutalem Zynismus Putin vorgeht belegt die Tatsache, dass der Angriffskrieg zu einem Zeitpunkt gestartet wird, wo Russland den Vorsitz im UN-Sicherheitsrat hat. Damit stellt sich die Frage, ob dieser Sicherheitsrat \u00fcberhaupt noch handlungsf\u00e4hig ist.<\/p>\n\n\n\n<p>Eine Anklage von Putin vor dem internationalen Strafgerichtshof muss vorbereitet werden. Die europ\u00e4ischen Nachrichtendienste werden aber auch viel Arbeit damit haben, die massiven Desinformationskampagnen, die in allen europ\u00e4ischen L\u00e4ndern von Anh\u00e4ngern des russischen Diktators weiterverbreitet werden, zu bek\u00e4mpfen.<\/p>\n\n\n\n<p>Jedenfalls ist Europa nun gut beraten, sich auf eine Welle an vor dem Krieg Fl\u00fcchtender einzustellen und diesen Opfern der Putinschen Aggression unb\u00fcrokratisch zu helfen.<\/p>\n\n\n\n<p>Ver\u00f6ffentlicht am 24. Februar 2022.<\/p>\n\n\n\n<p><a href=\"https:\/\/www.georgsorden.eu\/weblog-von-karl-von-habsburg\/\" data-type=\"page\" data-id=\"209\">Finden Sie hier den Weblog vom 22. Februar 2022.<\/a><\/p>\n","protected":false},"excerpt":{"rendered":"<p>Aufgrund der dramatischen Entwicklungen in der Ukraine &#8211; deren Auswirkungen Europa, die Welt und nicht zuletzt jeden Einzelnen von uns treffen werden &#8211; hat unser Gro\u00dfmeister eine neuerliche aktuelle Stellungnahme abgegeben.<\/p>\n","protected":false},"author":1,"featured_media":114,"comment_status":"closed","ping_status":"closed","sticky":false,"template":"","format":"standard","meta":{"footnotes":""},"categories":[83,27],"tags":[],"class_list":["post-4191","post","type-post","status-publish","format-standard","has-post-thumbnail","hentry","category-83","category-orden-allgemein"],"publishpress_future_action":{"enabled":false,"date":"2026-05-09 02:23:37","action":"category","newStatus":"draft","terms":[],"taxonomy":"category","extraData":[]},"publishpress_future_workflow_manual_trigger":{"enabledWorkflows":[]},"rttpg_featured_image_url":{"full":["https:\/\/www.georgsorden.eu\/wp-content\/uploads\/2021\/02\/KarlHabsburg_Matinee_2021_01.jpg",800,533,false],"landscape":["https:\/\/www.georgsorden.eu\/wp-content\/uploads\/2021\/02\/KarlHabsburg_Matinee_2021_01.jpg",800,533,false],"portraits":["https:\/\/www.georgsorden.eu\/wp-content\/uploads\/2021\/02\/KarlHabsburg_Matinee_2021_01.jpg",800,533,false],"thumbnail":["https:\/\/www.georgsorden.eu\/wp-content\/uploads\/2021\/02\/KarlHabsburg_Matinee_2021_01-150x150.jpg",150,150,true],"medium":["https:\/\/www.georgsorden.eu\/wp-content\/uploads\/2021\/02\/KarlHabsburg_Matinee_2021_01-300x200.jpg",300,200,true],"large":["https:\/\/www.georgsorden.eu\/wp-content\/uploads\/2021\/02\/KarlHabsburg_Matinee_2021_01.jpg",800,533,false],"1536x1536":["https:\/\/www.georgsorden.eu\/wp-content\/uploads\/2021\/02\/KarlHabsburg_Matinee_2021_01.jpg",800,533,false],"2048x2048":["https:\/\/www.georgsorden.eu\/wp-content\/uploads\/2021\/02\/KarlHabsburg_Matinee_2021_01.jpg",800,533,false]},"rttpg_author":{"display_name":"iktopia","author_link":"https:\/\/www.georgsorden.eu\/de\/author\/iktopia\/"},"rttpg_comment":0,"rttpg_category":"<a href=\"https:\/\/www.georgsorden.eu\/de\/category\/2022\/\" rel=\"category tag\">2022<\/a> <a href=\"https:\/\/www.georgsorden.eu\/de\/category\/orden-allgemein\/\" rel=\"category tag\">Orden allgemein<\/a>","rttpg_excerpt":"Aufgrund der dramatischen Entwicklungen in der Ukraine - deren Auswirkungen Europa, die Welt und nicht zuletzt jeden Einzelnen von uns treffen werden - hat unser Gro\u00dfmeister eine neuerliche aktuelle Stellungnahme abgegeben.","_links":{"self":[{"href":"https:\/\/www.georgsorden.eu\/de\/wp-json\/wp\/v2\/posts\/4191","targetHints":{"allow":["GET"]}}],"collection":[{"href":"https:\/\/www.georgsorden.eu\/de\/wp-json\/wp\/v2\/posts"}],"about":[{"href":"https:\/\/www.georgsorden.eu\/de\/wp-json\/wp\/v2\/types\/post"}],"author":[{"embeddable":true,"href":"https:\/\/www.georgsorden.eu\/de\/wp-json\/wp\/v2\/users\/1"}],"replies":[{"embeddable":true,"href":"https:\/\/www.georgsorden.eu\/de\/wp-json\/wp\/v2\/comments?post=4191"}],"version-history":[{"count":7,"href":"https:\/\/www.georgsorden.eu\/de\/wp-json\/wp\/v2\/posts\/4191\/revisions"}],"predecessor-version":[{"id":5969,"href":"https:\/\/www.georgsorden.eu\/de\/wp-json\/wp\/v2\/posts\/4191\/revisions\/5969"}],"wp:featuredmedia":[{"embeddable":true,"href":"https:\/\/www.georgsorden.eu\/de\/wp-json\/wp\/v2\/media\/114"}],"wp:attachment":[{"href":"https:\/\/www.georgsorden.eu\/de\/wp-json\/wp\/v2\/media?parent=4191"}],"wp:term":[{"taxonomy":"category","embeddable":true,"href":"https:\/\/www.georgsorden.eu\/de\/wp-json\/wp\/v2\/categories?post=4191"},{"taxonomy":"post_tag","embeddable":true,"href":"https:\/\/www.georgsorden.eu\/de\/wp-json\/wp\/v2\/tags?post=4191"}],"curies":[{"name":"wp","href":"https:\/\/api.w.org\/{rel}","templated":true}]}}