{"id":4204,"date":"2022-03-02T16:09:18","date_gmt":"2022-03-02T15:09:18","guid":{"rendered":"https:\/\/www.georgsorden.at\/de\/?p=4204"},"modified":"2023-01-24T14:10:27","modified_gmt":"2023-01-24T13:10:27","slug":"ernst-peter-palisek","status":"publish","type":"post","link":"https:\/\/www.georgsorden.eu\/de\/ernst-peter-palisek\/","title":{"rendered":"Ernst Peter Palisek"},"content":{"rendered":"\n<div class=\"wp-block-columns is-layout-flex wp-container-core-columns-is-layout-9d6595d7 wp-block-columns-is-layout-flex\">\n<div class=\"wp-block-column is-layout-flow wp-block-column-is-layout-flow\" style=\"flex-basis:33.33%\">\n<figure class=\"wp-block-image size-full\"><a href=\"https:\/\/www.georgsorden.eu\/wp-content\/uploads\/2022\/03\/Foto-Palisek.jpg\" rel=\"lightbox-0\"><img loading=\"lazy\" decoding=\"async\" width=\"442\" height=\"574\" src=\"https:\/\/www.georgsorden.eu\/wp-content\/uploads\/2022\/03\/Foto-Palisek.jpg\" alt=\"Ernst Peter Palisek\" class=\"wp-image-4206\" srcset=\"https:\/\/www.georgsorden.eu\/wp-content\/uploads\/2022\/03\/Foto-Palisek.jpg 442w, https:\/\/www.georgsorden.eu\/wp-content\/uploads\/2022\/03\/Foto-Palisek-231x300.jpg 231w\" sizes=\"auto, (max-width: 442px) 100vw, 442px\" \/><\/a><\/figure>\n<\/div>\n\n\n\n<div class=\"wp-block-column is-layout-flow wp-block-column-is-layout-flow\" style=\"flex-basis:66.66%\">\n<p>\u2020 03.12.2015<\/p>\n\n\n\n<h5 class=\"wp-block-heading\">Auszug aus dem Kanzlerbrief zum Ableben:<\/h5>\n\n\n\n<p>Es obliegt mir die traurige Pflicht, Euch davon in Kenntnis zu setzen, dass unser Ordensritter DI Ernst Palisek am Donnerstag, den 3. Dezember 2015 beim seinem Flug mit seiner Privatmaschine von Wien nach Laibach abgest\u00fcrzt und t\u00f6dlich verungl\u00fcckt ist.<\/p>\n\n\n\n<p>Wir werden unseren lieben Ernst immer in unserem Herzen tragen und ihm ein ehrendes Andenken bewahren.<\/p>\n<\/div>\n<\/div>\n\n\n\n<div class=\"wp-block-file\"><a id=\"wp-block-file--media-14962660-f389-41fb-9cc0-dee682477a2a\" href=\"https:\/\/www.georgsorden.eu\/wp-content\/uploads\/2022\/03\/Parte-Palisek.pdf\" target=\"_blank\" rel=\"noreferrer noopener\">Parte von Ernst Peter Palisek<\/a><a href=\"https:\/\/www.georgsorden.eu\/wp-content\/uploads\/2022\/03\/Parte-Palisek.pdf\" class=\"wp-block-file__button wp-element-button\" download aria-describedby=\"wp-block-file--media-14962660-f389-41fb-9cc0-dee682477a2a\">Herunterladen<\/a><\/div>\n","protected":false},"excerpt":{"rendered":"<p>\u2020 03.12.2015<\/p>\n","protected":false},"author":1,"featured_media":0,"comment_status":"closed","ping_status":"closed","sticky":false,"template":"","format":"standard","meta":{"footnotes":""},"categories":[],"tags":[],"class_list":["post-4204","post","type-post","status-publish","format-standard","hentry"],"publishpress_future_action":{"enabled":false,"date":"2026-05-09 02:57:28","action":"category","newStatus":"draft","terms":[],"taxonomy":"category","extraData":[]},"publishpress_future_workflow_manual_trigger":{"enabledWorkflows":[]},"rttpg_featured_image_url":null,"rttpg_author":{"display_name":"iktopia","author_link":"https:\/\/www.georgsorden.eu\/de\/author\/iktopia\/"},"rttpg_comment":0,"rttpg_category":"Allgemein","rttpg_excerpt":"\u2020 03.12.2015","_links":{"self":[{"href":"https:\/\/www.georgsorden.eu\/de\/wp-json\/wp\/v2\/posts\/4204","targetHints":{"allow":["GET"]}}],"collection":[{"href":"https:\/\/www.georgsorden.eu\/de\/wp-json\/wp\/v2\/posts"}],"about":[{"href":"https:\/\/www.georgsorden.eu\/de\/wp-json\/wp\/v2\/types\/post"}],"author":[{"embeddable":true,"href":"https:\/\/www.georgsorden.eu\/de\/wp-json\/wp\/v2\/users\/1"}],"replies":[{"embeddable":true,"href":"https:\/\/www.georgsorden.eu\/de\/wp-json\/wp\/v2\/comments?post=4204"}],"version-history":[{"count":3,"href":"https:\/\/www.georgsorden.eu\/de\/wp-json\/wp\/v2\/posts\/4204\/revisions"}],"predecessor-version":[{"id":7934,"href":"https:\/\/www.georgsorden.eu\/de\/wp-json\/wp\/v2\/posts\/4204\/revisions\/7934"}],"wp:attachment":[{"href":"https:\/\/www.georgsorden.eu\/de\/wp-json\/wp\/v2\/media?parent=4204"}],"wp:term":[{"taxonomy":"category","embeddable":true,"href":"https:\/\/www.georgsorden.eu\/de\/wp-json\/wp\/v2\/categories?post=4204"},{"taxonomy":"post_tag","embeddable":true,"href":"https:\/\/www.georgsorden.eu\/de\/wp-json\/wp\/v2\/tags?post=4204"}],"curies":[{"name":"wp","href":"https:\/\/api.w.org\/{rel}","templated":true}]}}