{"id":7283,"date":"2022-11-14T12:08:36","date_gmt":"2022-11-14T11:08:36","guid":{"rendered":"https:\/\/www.georgsorden.at\/de\/?p=7283"},"modified":"2022-11-14T12:08:37","modified_gmt":"2022-11-14T11:08:37","slug":"newsletter-damen-11-2022","status":"publish","type":"post","link":"https:\/\/www.georgsorden.eu\/de\/newsletter-damen-11-2022\/","title":{"rendered":"Neuigkeiten und Informationen"},"content":{"rendered":"\n<p><em>Beim Ordenstag in Graz wurden mit Michaela Ebersp\u00e4cher, Antonella Malis und Nives Protrka drei neue Damen investiert. Herzlich willkommen!<\/em><\/p>\n\n\n\n<p>F\u00fcr die Damen hat beim Ordenskonvent im Fr\u00fchjahr 2022 mit der Verankerung in der Verfassung des St. Georgs-Orden ein neues Kapitel begonnen. Dieses wurde beim Ordenstag in Graz mit der Skizzierung der k\u00fcnftigen Ausrichtung konkretisiert.<\/p>\n\n\n\n<p>Die Struktur einer Organisation ver\u00e4ndert sich im Laufe der Jahre und muss immer wieder auf Praktikabilit\u00e4t \u00fcberpr\u00fcft werden. Eine Optimierung der bisherigen Gliederung war f\u00fcr die \u2013 auf zwischenzeitlich 87 Damen angewachsene \u2013 Gemeinschaft notwendig geworden.<\/p>\n\n\n\n<p>Daher wird es anders als bisher k\u00fcnftig inhaltliche und keine regionalen Verantwortungsbereiche geben. So gelingt es die Strategie \u00fcber alle Komtureien hinweg zu implementieren und, im Sinn unseres europ\u00e4ischen Auftrags, l\u00e4nder\u00fcbergreifend zu arbeiten.<\/p>\n\n\n\n<p>Der St. Georgs-Orden ist bekanntlich ein europ\u00e4ischer Orden des Hauses Habsburg \u2013 dieser europ\u00e4ische Aspekt war allerdings bei uns Damen bisher noch nicht so deutlich erkennbar, wie es eigentlich Anspruch sein sollte. Hat man sich nach der Gr\u00fcndung mehr auf die \u00f6sterreichischen Komtureien konzentriert, es haben zwischenzeitlich viele kompetente und engagierte Damen den Weg in andere nationale Komtureien gefunden, sodass wir diese k\u00fcnftig verst\u00e4rkt einbinden werden.<\/p>\n\n\n\n<p>An der Spitze der Damen steht unsere Protektorin Eilika von Habsburg. Neben der Pr\u00e4sidentin wird es drei Vizepr\u00e4sidentinnen mit grob definierten Aufgabenbereichen geben, die sich sehr an der Struktur und Verantwortlichkeiten der Ritter orientieren.<\/p>\n\n\n\n<p>Unser erstes Ziel betrifft die Profilierung der Damen und Abgrenzung zu vergleichbaren Organisationen und Gemeinschaften. Die Damen m\u00fcssen ihr Alleinstellungsmerkmal zu vergleichbaren Organisationen definieren und den Bereich, die Nische, in der sie t\u00e4tig sind, konkret herausarbeiten. Nur so k\u00f6nnen wir glaubhaft, nachhaltig und unverwechselbar darstellen, wof\u00fcr wir stehen.<\/p>\n\n\n\n<p>Ein weiteres Ziel ist es, neue Damen, die unsere Werte und Anschauungen teilen \u2013 vor allem in den Komtureien und Delegationen, in denen es bisher keine oder nur wenige Vertreterinnen gab \u2013 zu gewinnen. Beispielsweise in Ungarn,  Slowenien, Tschechien, aber auch Italien und in einigen Komtureien in \u00d6sterreich.<\/p>\n\n\n\n<p>Aus der im Sp\u00e4tsommer durchgef\u00fchrten Umfrage haben sich zehn inhaltliche Themenbereichen herauskristallisiert, die federf\u00fchrend von jeweils einer Sonderbeauftragten und einer Stellvertreterin besetzt werden. In weiterer Folge stellen sich diese Damen ihre eigenen tempor\u00e4ren Teams zur Umsetzung der definierten Aufgaben zusammen.<\/p>\n\n\n\n<p>Wir wollen nicht nur in die Komtureien hineinkommunizieren, sondern auch von dort Inputs aufnehmen, weshalb es weiterhin die Positionen der Verbindungsdamen geben wird. Aufgrund der neu gew\u00e4hlten Komturei-Zugeh\u00f6rigkeiten wird es diesbez\u00fcglich zu \u00c4nderungen bzw. Verschiebungen kommen.<\/p>\n\n\n\n<p>Die Besetzung aller Bereiche soll bestenfalls im Dezember abgeschlossen sein \u2013 im Anschluss werden wir die Information \u00fcber alle Funktionstr\u00e4gerinnen gesammelt mit Euch teilen. Die mit Aufgaben betrauten Damen finden sich im J\u00e4nner zu einer Klausur zusammen, um dort die Weichen zu stellen und unsere Vorhaben mit Leben zu erf\u00fcllen.<\/p>\n\n\n\n<p>An dieser Stelle m\u00f6chte ich meinen Vizepr\u00e4sidentinnen, Ulli G\u00fcnther und Sanela Thun-Hohenstein, f\u00fcr ihr gro\u00dfes Engagement herzlich danken!<\/p>\n\n\n\n<p>Damit wir unsere Ziele gemeinsam erreichen k\u00f6nnen, ist transparente Kommunikation eine Grundvoraussetzung. Die monatlichen Newsletter sind eine gute Erg\u00e4nzung zu den Informationen, die sich auf unserer Website im internen Bereich finden.<\/p>\n\n\n\n<p>Und Kommunikation ist im besten Fall immer Diskurs. Ich m\u00f6chte mich bei allen, mit denen ich in den letzten Wochen die Gelegenheit zu pers\u00f6nlichen Gespr\u00e4chen hatte, danken. Der Austausch bringt viele gute Ideen und Denkanst\u00f6\u00dfe hervor \u2013 vor allem aber zeigt er, dass wir auf dem richtigen Weg sind, sich viele Damen wieder verst\u00e4rkt angesprochen f\u00fchlen und sich f\u00fcr unsere Gemeinschaft interessieren. Wann immer es Fragen gibt, bitte sprecht diese offen an \u2013 wenn Ihr etwas vermisst oder besser, wenn Ihr W\u00fcnsche, Ideen und Anregungen habt, wir freuen uns, wenn Ihr diese mit uns teilt. Zum Schluss m\u00f6chte ich noch einmal ein Zitat bem\u00fchen, das es trefflicher nicht auf den Punkt bringen k\u00f6nnte: \u201eDie St\u00e4rke des Teams ist jedes einzelne Mitglied. Die St\u00e4rke eines jeden Mitglieds ist das Team.\u201c<\/p>\n\n\n\n<p><em>Mag. Gabriela Stimpfl-Abele<br>Pr\u00e4sidentin der Damen des St. Georgs-Orden<\/em><\/p>\n\n\n\n<figure class=\"wp-block-image size-full\"><img loading=\"lazy\" decoding=\"async\" width=\"995\" height=\"558\" src=\"https:\/\/www.georgsorden.eu\/wp-content\/uploads\/2022\/11\/Organigramm_Okt2022.png\" alt=\"\" class=\"wp-image-7285\" srcset=\"https:\/\/www.georgsorden.eu\/wp-content\/uploads\/2022\/11\/Organigramm_Okt2022.png 995w, https:\/\/www.georgsorden.eu\/wp-content\/uploads\/2022\/11\/Organigramm_Okt2022-300x168.png 300w, https:\/\/www.georgsorden.eu\/wp-content\/uploads\/2022\/11\/Organigramm_Okt2022-768x431.png 768w\" sizes=\"auto, (max-width: 995px) 100vw, 995px\" \/><\/figure>\n","protected":false},"excerpt":{"rendered":"<p>Beim Ordenstag in Graz wurden mit Michaela Ebersp\u00e4cher, Antonella Malis und Nives Protrka drei neue Damen investiert. Herzlich willkommen! F\u00fcr die Damen hat beim Ordenskonvent im Fr\u00fchjahr 2022 mit der Verankerung in der Verfassung des St. Georgs-Orden ein neues Kapitel begonnen. Dieses wurde beim Ordenstag in Graz mit der Skizzierung der k\u00fcnftigen Ausrichtung konkretisiert. Die &#8230; <a title=\"Neuigkeiten und Informationen\" class=\"read-more\" href=\"https:\/\/www.georgsorden.eu\/de\/newsletter-damen-11-2022\/\" aria-label=\"Mehr Informationen \u00fcber Neuigkeiten und Informationen\">Weiterlesen<\/a><\/p>\n","protected":false},"author":1,"featured_media":0,"comment_status":"closed","ping_status":"closed","sticky":false,"template":"","format":"standard","meta":{"footnotes":""},"categories":[102],"tags":[],"class_list":["post-7283","post","type-post","status-publish","format-standard","hentry","category-newsletter-damen"],"publishpress_future_action":{"enabled":false,"date":"2026-05-07 19:44:37","action":"category","newStatus":"draft","terms":[],"taxonomy":"category","extraData":[]},"publishpress_future_workflow_manual_trigger":{"enabledWorkflows":[]},"rttpg_featured_image_url":null,"rttpg_author":{"display_name":"iktopia","author_link":"https:\/\/www.georgsorden.eu\/de\/author\/iktopia\/"},"rttpg_comment":0,"rttpg_category":"<a href=\"https:\/\/www.georgsorden.eu\/de\/category\/newsletter-damen\/\" rel=\"category tag\">Newsletter Damen<\/a>","rttpg_excerpt":"Beim Ordenstag in Graz wurden mit Michaela Ebersp\u00e4cher, Antonella Malis und Nives Protrka drei neue Damen investiert. Herzlich willkommen! F\u00fcr die Damen hat beim Ordenskonvent im Fr\u00fchjahr 2022 mit der Verankerung in der Verfassung des St. Georgs-Orden ein neues Kapitel begonnen. Dieses wurde beim Ordenstag in Graz mit der Skizzierung der k\u00fcnftigen Ausrichtung konkretisiert. Die&hellip;","_links":{"self":[{"href":"https:\/\/www.georgsorden.eu\/de\/wp-json\/wp\/v2\/posts\/7283","targetHints":{"allow":["GET"]}}],"collection":[{"href":"https:\/\/www.georgsorden.eu\/de\/wp-json\/wp\/v2\/posts"}],"about":[{"href":"https:\/\/www.georgsorden.eu\/de\/wp-json\/wp\/v2\/types\/post"}],"author":[{"embeddable":true,"href":"https:\/\/www.georgsorden.eu\/de\/wp-json\/wp\/v2\/users\/1"}],"replies":[{"embeddable":true,"href":"https:\/\/www.georgsorden.eu\/de\/wp-json\/wp\/v2\/comments?post=7283"}],"version-history":[{"count":7,"href":"https:\/\/www.georgsorden.eu\/de\/wp-json\/wp\/v2\/posts\/7283\/revisions"}],"predecessor-version":[{"id":7699,"href":"https:\/\/www.georgsorden.eu\/de\/wp-json\/wp\/v2\/posts\/7283\/revisions\/7699"}],"wp:attachment":[{"href":"https:\/\/www.georgsorden.eu\/de\/wp-json\/wp\/v2\/media?parent=7283"}],"wp:term":[{"taxonomy":"category","embeddable":true,"href":"https:\/\/www.georgsorden.eu\/de\/wp-json\/wp\/v2\/categories?post=7283"},{"taxonomy":"post_tag","embeddable":true,"href":"https:\/\/www.georgsorden.eu\/de\/wp-json\/wp\/v2\/tags?post=7283"}],"curies":[{"name":"wp","href":"https:\/\/api.w.org\/{rel}","templated":true}]}}