{"id":7540,"date":"2022-12-07T19:01:35","date_gmt":"2022-12-07T18:01:35","guid":{"rendered":"https:\/\/www.georgsorden.at\/de\/?p=7540"},"modified":"2023-02-13T10:42:51","modified_gmt":"2023-02-13T09:42:51","slug":"weblog-dezember2022","status":"publish","type":"post","link":"https:\/\/www.georgsorden.eu\/de\/weblog-dezember2022\/","title":{"rendered":"Aus gegebenem Anlass"},"content":{"rendered":"\n<p>Eine Klarstellung zum Kaiserlich \u00d6sterreichischen Franz Joseph-Orden (1849 \u2013 1919)<\/p>\n\n\n\n<p>Der junge Kaiser Franz Joseph I. stiftete am 2. Dezember 1849, dem ersten Jahrestag seiner Thronbesteigung, einen f\u00fcnften \u201eHausorden\u201c, der als klassischer Verdienstorden konzipiert, jedem Staatsb\u00fcrger des Kaisertums \u00d6sterreich<em> \u201eohne R\u00fccksicht auf Geburt, Religion und Stand\u201c <\/em>zug\u00e4nglich sein sollte. Er sollte<em> \u201eausgezeichnete Verdienste ohne Unterschied des Standes durch eine \u00f6ffentliche Anerkennung ehren\u2026in der Absicht, alle Classen der Staatsb\u00fcrger zu gemeinn\u00fctzigem segensreichen Wirken f\u00fcr das grosse Vaterland aufzumuntern und zu best\u00e4rken\u201c<\/em> und trug den Namen des Kaisers. &nbsp;<\/p>\n\n\n\n<p>In dieser Hinsicht wirkte der neu zu stiftende <em>\u201eFranz Joseph-Orden\u201c <\/em>als Hinwendung an das B\u00fcrgertum, zumal er ohne R\u00fccksicht auf den Stand verliehen werden sollte. Die<em> \u201eb\u00fcrgerliche\u201c <\/em>Ausrichtung manifestierte sich schlie\u00dflich auch in den in den Statuten angef\u00fchrten Verleihungskriterien, n\u00e4mlich<em> \u201en\u00fctzliche Erfindungen, Entdeckungen oder Verbesserungen\u2026eifrige und folgenreiche Bef\u00f6rderung und Hebung der Bodencultur, der einheimischen Industrie oder des Handels\u2026hervorragende Leistungen um Kunst und Wissenschaft, durch aufopferndes Wirken um die leidende Menschheit\u2026\u201c<\/em><\/p>\n\n\n\n<p>\u00c4hnlich den anderen \u00f6sterreichischen Hausorden war der Orden auf immerw\u00e4hrende Zeiten mit der Krone \u00d6sterreichs verbunden, wodurch die Gro\u00dfmeisterw\u00fcrde vom jeweiligen Kaiser von \u00d6sterreich ausge\u00fcbt wurde, das entspricht dem heutigen Oberhaupt bzw. Chef des Hauses Habsburg-Lothringen.<\/p>\n\n\n\n<p>Der Orden erlosch formalrechtlich mit dem Verfassungsgesetz vom 3. April 1919, daher wurde dieser auch nach 1918 nicht mehr verliehen, weder von Kaiser Karl, noch seinen Nachfolgern als Familienchefs.<\/p>\n\n\n\n<p>Wie diversen Medienberichten zu entnehmen war (z.B. <a rel=\"noreferrer noopener\" href=\"https:\/\/www.mannheim24.de\/promi-show\/harald-gloeoeckler-ritterschlag-wien-schoenbrunn-habsburg-lothringen-designer-franz-joseph-orden-ritter-91960554.htm\" target=\"_blank\">https:\/\/www.mannheim24.de\/promi-show\/harald-gloeoeckler-ritterschlag-wien-schoenbrunn-habsburg-lothringen-designer-franz-joseph-orden-ritter-91960554.html<\/a>, <a href=\"https:\/\/tvthek.orf.at\/profile\/Seitenblicke\/4790197\/Seitenblicke\/14159537\/Habsburger-verleihen-Orden-an-Harald-Gloeoeckler\/15287936\">https:\/\/tvthek.orf.at\/profile\/Seitenblicke\/4790197\/Seitenblicke\/14159537\/Habsburger-verleihen-Orden-an-Harald-Gloeoeckler\/15287936<\/a>), wurde dieser Orden j\u00fcngst auf skurrile Weise verliehen. Es geht in diesem Zusammenhang weniger um die Empf\u00e4nger desselben, sondern um die unmissverst\u00e4ndliche Klarstellung, dass die Verleihenden dies weder der historischen, noch der famili\u00e4ren&nbsp;Tradition entsprechend getan haben bzw. tun und sie dazu auch keine Legitimation haben. &nbsp;<\/p>\n\n\n\n<p><strong>Lesen Sie mehr zum Kaiserlich \u00d6sterreichischen <a href=\"https:\/\/www.georgsorden.eu\/wp-content\/uploads\/2022\/12\/FJO_Dokument-DE.pdf\" target=\"_blank\" rel=\"noreferrer noopener\">Franz Joseph-Orden<\/a>.<\/strong><\/p>\n\n\n\n<p><em>Weblog von SKKH Karl von Habsburg, Dezember 2022<\/em><\/p>\n","protected":false},"excerpt":{"rendered":"<p>Eine Klarstellung zum Kaiserlich \u00d6sterreichischen Franz Joseph-Orden (1849 \u2013 1919)<\/p>\n","protected":false},"author":1,"featured_media":114,"comment_status":"closed","ping_status":"closed","sticky":false,"template":"","format":"standard","meta":{"footnotes":""},"categories":[83,27],"tags":[],"class_list":["post-7540","post","type-post","status-publish","format-standard","has-post-thumbnail","hentry","category-83","category-orden-allgemein"],"publishpress_future_action":{"enabled":false,"date":"2026-05-06 16:08:31","action":"category","newStatus":"draft","terms":[],"taxonomy":"category","extraData":[]},"publishpress_future_workflow_manual_trigger":{"enabledWorkflows":[]},"rttpg_featured_image_url":{"full":["https:\/\/www.georgsorden.eu\/wp-content\/uploads\/2021\/02\/KarlHabsburg_Matinee_2021_01.jpg",800,533,false],"landscape":["https:\/\/www.georgsorden.eu\/wp-content\/uploads\/2021\/02\/KarlHabsburg_Matinee_2021_01.jpg",800,533,false],"portraits":["https:\/\/www.georgsorden.eu\/wp-content\/uploads\/2021\/02\/KarlHabsburg_Matinee_2021_01.jpg",800,533,false],"thumbnail":["https:\/\/www.georgsorden.eu\/wp-content\/uploads\/2021\/02\/KarlHabsburg_Matinee_2021_01-150x150.jpg",150,150,true],"medium":["https:\/\/www.georgsorden.eu\/wp-content\/uploads\/2021\/02\/KarlHabsburg_Matinee_2021_01-300x200.jpg",300,200,true],"large":["https:\/\/www.georgsorden.eu\/wp-content\/uploads\/2021\/02\/KarlHabsburg_Matinee_2021_01.jpg",800,533,false],"1536x1536":["https:\/\/www.georgsorden.eu\/wp-content\/uploads\/2021\/02\/KarlHabsburg_Matinee_2021_01.jpg",800,533,false],"2048x2048":["https:\/\/www.georgsorden.eu\/wp-content\/uploads\/2021\/02\/KarlHabsburg_Matinee_2021_01.jpg",800,533,false]},"rttpg_author":{"display_name":"iktopia","author_link":"https:\/\/www.georgsorden.eu\/de\/author\/iktopia\/"},"rttpg_comment":0,"rttpg_category":"<a href=\"https:\/\/www.georgsorden.eu\/de\/category\/2022\/\" rel=\"category tag\">2022<\/a> <a href=\"https:\/\/www.georgsorden.eu\/de\/category\/orden-allgemein\/\" rel=\"category tag\">Orden allgemein<\/a>","rttpg_excerpt":"Eine Klarstellung zum Kaiserlich \u00d6sterreichischen Franz Joseph-Orden (1849 \u2013 1919)","_links":{"self":[{"href":"https:\/\/www.georgsorden.eu\/de\/wp-json\/wp\/v2\/posts\/7540","targetHints":{"allow":["GET"]}}],"collection":[{"href":"https:\/\/www.georgsorden.eu\/de\/wp-json\/wp\/v2\/posts"}],"about":[{"href":"https:\/\/www.georgsorden.eu\/de\/wp-json\/wp\/v2\/types\/post"}],"author":[{"embeddable":true,"href":"https:\/\/www.georgsorden.eu\/de\/wp-json\/wp\/v2\/users\/1"}],"replies":[{"embeddable":true,"href":"https:\/\/www.georgsorden.eu\/de\/wp-json\/wp\/v2\/comments?post=7540"}],"version-history":[{"count":7,"href":"https:\/\/www.georgsorden.eu\/de\/wp-json\/wp\/v2\/posts\/7540\/revisions"}],"predecessor-version":[{"id":7563,"href":"https:\/\/www.georgsorden.eu\/de\/wp-json\/wp\/v2\/posts\/7540\/revisions\/7563"}],"wp:featuredmedia":[{"embeddable":true,"href":"https:\/\/www.georgsorden.eu\/de\/wp-json\/wp\/v2\/media\/114"}],"wp:attachment":[{"href":"https:\/\/www.georgsorden.eu\/de\/wp-json\/wp\/v2\/media?parent=7540"}],"wp:term":[{"taxonomy":"category","embeddable":true,"href":"https:\/\/www.georgsorden.eu\/de\/wp-json\/wp\/v2\/categories?post=7540"},{"taxonomy":"post_tag","embeddable":true,"href":"https:\/\/www.georgsorden.eu\/de\/wp-json\/wp\/v2\/tags?post=7540"}],"curies":[{"name":"wp","href":"https:\/\/api.w.org\/{rel}","templated":true}]}}