{"id":930,"date":"2020-11-11T14:34:52","date_gmt":"2020-11-11T13:34:52","guid":{"rendered":"https:\/\/www.georgs-orden.at\/de\/?p=930"},"modified":"2025-10-04T06:22:49","modified_gmt":"2025-10-04T04:22:49","slug":"online-vortrag-11-11-2020","status":"publish","type":"post","link":"https:\/\/www.georgsorden.eu\/de\/online-vortrag-11-11-2020\/","title":{"rendered":"Wirtschaftskrise voraus!"},"content":{"rendered":"\n<h3 class=\"wp-block-heading\">Was \u00d6sterreich und Europa f\u00fcr einen Re-Start brauchen<\/h3>\n\n\n\n<h4 class=\"wp-block-heading\">Online-Vortrag mit Mag. Christoph Neumayer am 11. November 2020<\/h4>\n\n\n\n<p>Mag. Christoph Neumayer, Generalsekret\u00e4r der Industriellenvereinigung analysiert die \u00f6sterreichischen und europ\u00e4ischen Ma\u00dfnahmen gegen die drohende Rezession, wagt einen Ausblick, was im kommenden Jahr auf uns zukommen d\u00fcrfte und skizziert, wie die vor uns liegende \u201ePost-Corona-\u00d6konomie\u201c aussehen k\u00f6nnte.<\/p>\n\n\n<div class=\"wpum-message warning\">\n\t<p>Dieser Inhalt ist nur f\u00fcr Mitglieder zug\u00e4nglich. Bitte <a href=\"https:\/\/www.georgsorden.eu\/de\/log-in\/?redirect_to=https:\/\/www.georgsorden.eu\/de\/wp-json\/wp\/v2\/posts\/930\">melden Sie sich an<\/a>.<\/p>\n<\/div>\n\n\n\n\n","protected":false},"excerpt":{"rendered":"<p>Was \u00d6sterreich und Europa f\u00fcr einen Re-Start brauchen. Online-Vortrag von Mag. Christoph Neumayer vom 11. November 2020.<\/p>\n","protected":false},"author":1,"featured_media":935,"comment_status":"closed","ping_status":"closed","sticky":false,"template":"","format":"standard","meta":{"footnotes":""},"categories":[21,27],"tags":[],"class_list":["post-930","post","type-post","status-publish","format-standard","has-post-thumbnail","hentry","category-archiv-2020","category-orden-allgemein"],"publishpress_future_action":{"enabled":false,"date":"2026-05-07 22:52:51","action":"category","newStatus":"draft","terms":[],"taxonomy":"category","extraData":[]},"publishpress_future_workflow_manual_trigger":{"enabledWorkflows":[]},"rttpg_featured_image_url":{"full":["https:\/\/www.georgsorden.eu\/wp-content\/uploads\/2021\/03\/11-11-20_ChristophNeumayer.png",340,232,false],"landscape":["https:\/\/www.georgsorden.eu\/wp-content\/uploads\/2021\/03\/11-11-20_ChristophNeumayer.png",340,232,false],"portraits":["https:\/\/www.georgsorden.eu\/wp-content\/uploads\/2021\/03\/11-11-20_ChristophNeumayer.png",340,232,false],"thumbnail":["https:\/\/www.georgsorden.eu\/wp-content\/uploads\/2021\/03\/11-11-20_ChristophNeumayer-150x150.png",150,150,true],"medium":["https:\/\/www.georgsorden.eu\/wp-content\/uploads\/2021\/03\/11-11-20_ChristophNeumayer-300x205.png",300,205,true],"large":["https:\/\/www.georgsorden.eu\/wp-content\/uploads\/2021\/03\/11-11-20_ChristophNeumayer.png",340,232,false],"1536x1536":["https:\/\/www.georgsorden.eu\/wp-content\/uploads\/2021\/03\/11-11-20_ChristophNeumayer.png",340,232,false],"2048x2048":["https:\/\/www.georgsorden.eu\/wp-content\/uploads\/2021\/03\/11-11-20_ChristophNeumayer.png",340,232,false]},"rttpg_author":{"display_name":"iktopia","author_link":"https:\/\/www.georgsorden.eu\/de\/author\/iktopia\/"},"rttpg_comment":0,"rttpg_category":"<a href=\"https:\/\/www.georgsorden.eu\/de\/category\/archiv-2020\/\" rel=\"category tag\">2020<\/a> <a href=\"https:\/\/www.georgsorden.eu\/de\/category\/orden-allgemein\/\" rel=\"category tag\">Orden allgemein<\/a>","rttpg_excerpt":"Was \u00d6sterreich und Europa f\u00fcr einen Re-Start brauchen. Online-Vortrag von Mag. Christoph Neumayer vom 11. November 2020.","_links":{"self":[{"href":"https:\/\/www.georgsorden.eu\/de\/wp-json\/wp\/v2\/posts\/930","targetHints":{"allow":["GET"]}}],"collection":[{"href":"https:\/\/www.georgsorden.eu\/de\/wp-json\/wp\/v2\/posts"}],"about":[{"href":"https:\/\/www.georgsorden.eu\/de\/wp-json\/wp\/v2\/types\/post"}],"author":[{"embeddable":true,"href":"https:\/\/www.georgsorden.eu\/de\/wp-json\/wp\/v2\/users\/1"}],"replies":[{"embeddable":true,"href":"https:\/\/www.georgsorden.eu\/de\/wp-json\/wp\/v2\/comments?post=930"}],"version-history":[{"count":9,"href":"https:\/\/www.georgsorden.eu\/de\/wp-json\/wp\/v2\/posts\/930\/revisions"}],"predecessor-version":[{"id":6456,"href":"https:\/\/www.georgsorden.eu\/de\/wp-json\/wp\/v2\/posts\/930\/revisions\/6456"}],"wp:featuredmedia":[{"embeddable":true,"href":"https:\/\/www.georgsorden.eu\/de\/wp-json\/wp\/v2\/media\/935"}],"wp:attachment":[{"href":"https:\/\/www.georgsorden.eu\/de\/wp-json\/wp\/v2\/media?parent=930"}],"wp:term":[{"taxonomy":"category","embeddable":true,"href":"https:\/\/www.georgsorden.eu\/de\/wp-json\/wp\/v2\/categories?post=930"},{"taxonomy":"post_tag","embeddable":true,"href":"https:\/\/www.georgsorden.eu\/de\/wp-json\/wp\/v2\/tags?post=930"}],"curies":[{"name":"wp","href":"https:\/\/api.w.org\/{rel}","templated":true}]}}