{"id":13478,"date":"2024-10-03T20:06:00","date_gmt":"2024-10-03T18:06:00","guid":{"rendered":"https:\/\/www.georgsorden.eu\/de\/?p=13478"},"modified":"2024-10-18T13:54:54","modified_gmt":"2024-10-18T11:54:54","slug":"gedenkmesse-03-10-2024","status":"publish","type":"post","link":"https:\/\/www.georgsorden.eu\/en\/memorial-mass-03-10-2024\/","title":{"rendered":"20th anniversary of beatification of Emperor Karl"},"content":{"rendered":"\r\n<p>Exactly 20 years to the day after the solemn beatification of Emperor Karl I. by Pope John Paul II, a festive service was held in the Salesian Church on Rennweg in Vienna under the aegis of the Order of St. George, which was attended by our <strong>Grand Master Archduke Karl, Archduke Michael and his wife,<\/strong> as well as <strong>numerous organisations associated with the Archduke&#8217;s House<\/strong>.<\/p>\r\n\r\n\r\n\r\n<figure class=\"wp-block-image size-large is-resized\"><a href=\"https:\/\/www.georgsorden.eu\/wp-content\/uploads\/2024\/10\/Gedenkmesse-10-2024-2024-10-03-17.55.32a.jpg\" rel=\"lightbox-0\"><img decoding=\"async\" src=\"https:\/\/www.georgsorden.eu\/wp-content\/uploads\/2024\/10\/Gedenkmesse-10-2024-2024-10-03-17.55.32a-1024x768.jpg\" alt=\"\" class=\"wp-image-13500\" style=\"width:602px;height:auto\"><\/a><\/figure>\r\n\r\n\r\n\r\n<p>Before the festive high mass, two special honours were given in the Order Residence: &nbsp;<strong>Suzanne Pearson<\/strong> was raised to the rank of <strong>Honorary Dame<\/strong> by our Grand Master Archduke Karl and <strong>Dr. Pier Felice degli Uberti<\/strong>, President of the International Commission for Orders of Chivalry (ICOC), was awarded the <strong>Extraordinary Decoration of Honour in Gold<\/strong> in recognition of his special services to the Order of St. George and his close ties to the House of Habsburg-Lorraine.<\/p>\r\n\r\n\r\n\r\n<p>Our <strong>Procurator Vinzenz Baron von Stimpfl-Abele <\/strong>described the new Honorary Dame in his short laudation as follows: \u2018Suzanne Pearson is a special woman in many ways, especially because she is extraordinarily versatile: Suzanne is an American Catholic whose professional career has spanned the world of politics as well as music, and whose expertise on Blessed Karl of Austria and other matters of religion has made her a popular speaker both in the United States and internationally. She earned her bachelor&#8217;s degree in music with honours from San Diego State University, with history and political science as her second major. For many decades she worked for the US Senate in the Office of Legislative Counsel, which gave her an insider&#8217;s view of the workings of government, while pursuing a second career in music as a soprano soloist, church musician and member of the prestigious Choral Arts Society in Washington. For all these reasons, <strong>Archduke Eduard<\/strong> nominated her for this great honour and as Procurator of the Order of St. George, I am convinced that Suzanne, with her background, knowledge, all her talents and above all her solid foundation of values, not only fits us perfectly, but above all will be a great enrichment to the Dames.\u2019<\/p>\r\n\r\n\r\n\r\n<div class=\"wp-block-columns is-layout-flex wp-container-core-columns-is-layout-9d6595d7 wp-block-columns-is-layout-flex\">\r\n<div class=\"wp-block-column is-layout-flow wp-block-column-is-layout-flow\">\r\n<figure class=\"wp-block-image size-large\"><a href=\"https:\/\/www.georgsorden.eu\/wp-content\/uploads\/2024\/10\/Gedenkmesse-10-2024-2024-10-03-16.22.32-3O4A2996.jpg\" rel=\"lightbox-1\"><img loading=\"lazy\" decoding=\"async\" width=\"1024\" height=\"682\" src=\"https:\/\/www.georgsorden.eu\/wp-content\/uploads\/2024\/10\/Gedenkmesse-10-2024-2024-10-03-16.22.32-3O4A2996-1024x682.jpg\" alt=\"\" class=\"wp-image-13491\" srcset=\"https:\/\/www.georgsorden.eu\/wp-content\/uploads\/2024\/10\/Gedenkmesse-10-2024-2024-10-03-16.22.32-3O4A2996-1024x682.jpg 1024w, https:\/\/www.georgsorden.eu\/wp-content\/uploads\/2024\/10\/Gedenkmesse-10-2024-2024-10-03-16.22.32-3O4A2996-300x200.jpg 300w, https:\/\/www.georgsorden.eu\/wp-content\/uploads\/2024\/10\/Gedenkmesse-10-2024-2024-10-03-16.22.32-3O4A2996-768x512.jpg 768w, https:\/\/www.georgsorden.eu\/wp-content\/uploads\/2024\/10\/Gedenkmesse-10-2024-2024-10-03-16.22.32-3O4A2996.jpg 1280w\" sizes=\"auto, (max-width: 1024px) 100vw, 1024px\" \/><\/a><\/figure>\r\n<\/div>\r\n\r\n\r\n\r\n<div class=\"wp-block-column is-layout-flow wp-block-column-is-layout-flow\">\r\n<figure class=\"wp-block-image size-large\"><a href=\"https:\/\/www.georgsorden.eu\/wp-content\/uploads\/2024\/10\/Gedenkmesse-10-2024-2024-10-03-16.22.33-3O4A3035.jpg\" rel=\"lightbox-2\"><img loading=\"lazy\" decoding=\"async\" width=\"1024\" height=\"682\" src=\"https:\/\/www.georgsorden.eu\/wp-content\/uploads\/2024\/10\/Gedenkmesse-10-2024-2024-10-03-16.22.33-3O4A3035-1024x682.jpg\" alt=\"\" class=\"wp-image-13492\" srcset=\"https:\/\/www.georgsorden.eu\/wp-content\/uploads\/2024\/10\/Gedenkmesse-10-2024-2024-10-03-16.22.33-3O4A3035-1024x682.jpg 1024w, https:\/\/www.georgsorden.eu\/wp-content\/uploads\/2024\/10\/Gedenkmesse-10-2024-2024-10-03-16.22.33-3O4A3035-300x200.jpg 300w, https:\/\/www.georgsorden.eu\/wp-content\/uploads\/2024\/10\/Gedenkmesse-10-2024-2024-10-03-16.22.33-3O4A3035-768x512.jpg 768w, https:\/\/www.georgsorden.eu\/wp-content\/uploads\/2024\/10\/Gedenkmesse-10-2024-2024-10-03-16.22.33-3O4A3035.jpg 1280w\" sizes=\"auto, (max-width: 1024px) 100vw, 1024px\" \/><\/a><\/figure>\r\n<\/div>\r\n<\/div>\r\n\r\n\r\n\r\n<p>After the investiture of our new Honorary Dame by Archduke Karl, our Procurator introduced the Noble Prof. Dr. Pier Felice degli Uberti, Count of Cavagli\u00e0, to the assembled government of the Order as follows: \u2018Pier Felice is a highly esteemed and highly decorated gentleman. He is the holder of numerous orders and honours, and has been awarded more than 85 honorary citizenships in the course of his life. He is also involved in humanitarian work, for example as a lieutenant colonel in the military corps of the Italian Red Cross. Above all, he played an influential and important role in organisations related to orders, nobility and heraldry from Italy to Spain and Great Britain. Many of you will know Pier Felice for his high and important role as President of the International Commission for Orders of Chivalry (ICOC), a position he has held since 1999 and which this year marks his 25th anniversary in this position. In this sense, today&#8217;s honour could hardly be more fitting. From our point of view, too, the timing of the honour is perfect, as our Order of St. George was registered in the ICOC register this year. This is largely due to the commitment of Pier Felice, who was associated with the House of Habsburg-Lorraine, its values and goals throughout his life and who also recognised the importance of the work of our community, which, as a dynastic order, serves precisely these values and goals. Due to his great connection to the Archducal House, for his commitment to much of what we as the Order of St. George also stand for, especially for his sustained commitment to the serious cultivation of chivalric history, tradition and culture, he is a truly worthy recipient of the Grand Decoration of Honour of the Order of St. George in Gold, which is being awarded for the first time today.\u2019<\/p>\r\n\r\n\r\n\r\n<div class=\"wp-block-columns is-layout-flex wp-container-core-columns-is-layout-9d6595d7 wp-block-columns-is-layout-flex\">\r\n<div class=\"wp-block-column is-layout-flow wp-block-column-is-layout-flow\">\r\n<figure class=\"wp-block-image size-large\"><a href=\"https:\/\/www.georgsorden.eu\/wp-content\/uploads\/2024\/10\/Gedenkmesse-10-2024-2024-10-03-16.22.35-3O4A3348.jpg\" rel=\"lightbox-3\"><img loading=\"lazy\" decoding=\"async\" width=\"1024\" height=\"682\" src=\"https:\/\/www.georgsorden.eu\/wp-content\/uploads\/2024\/10\/Gedenkmesse-10-2024-2024-10-03-16.22.35-3O4A3348-1024x682.jpg\" alt=\"\" class=\"wp-image-13494\" srcset=\"https:\/\/www.georgsorden.eu\/wp-content\/uploads\/2024\/10\/Gedenkmesse-10-2024-2024-10-03-16.22.35-3O4A3348-1024x682.jpg 1024w, https:\/\/www.georgsorden.eu\/wp-content\/uploads\/2024\/10\/Gedenkmesse-10-2024-2024-10-03-16.22.35-3O4A3348-300x200.jpg 300w, https:\/\/www.georgsorden.eu\/wp-content\/uploads\/2024\/10\/Gedenkmesse-10-2024-2024-10-03-16.22.35-3O4A3348-768x512.jpg 768w, https:\/\/www.georgsorden.eu\/wp-content\/uploads\/2024\/10\/Gedenkmesse-10-2024-2024-10-03-16.22.35-3O4A3348.jpg 1280w\" sizes=\"auto, (max-width: 1024px) 100vw, 1024px\" \/><\/a><\/figure>\r\n<\/div>\r\n\r\n\r\n\r\n<div class=\"wp-block-column is-layout-flow wp-block-column-is-layout-flow\">\r\n<figure class=\"wp-block-image size-large\"><a href=\"https:\/\/www.georgsorden.eu\/wp-content\/uploads\/2024\/10\/Gedenkmesse-10-2024-2024-10-03-16.22.36-3O4A3381.jpg\" rel=\"lightbox-4\"><img loading=\"lazy\" decoding=\"async\" width=\"1024\" height=\"691\" src=\"https:\/\/www.georgsorden.eu\/wp-content\/uploads\/2024\/10\/Gedenkmesse-10-2024-2024-10-03-16.22.36-3O4A3381-1024x691.jpg\" alt=\"\" class=\"wp-image-13495\" srcset=\"https:\/\/www.georgsorden.eu\/wp-content\/uploads\/2024\/10\/Gedenkmesse-10-2024-2024-10-03-16.22.36-3O4A3381-1024x691.jpg 1024w, https:\/\/www.georgsorden.eu\/wp-content\/uploads\/2024\/10\/Gedenkmesse-10-2024-2024-10-03-16.22.36-3O4A3381-300x203.jpg 300w, https:\/\/www.georgsorden.eu\/wp-content\/uploads\/2024\/10\/Gedenkmesse-10-2024-2024-10-03-16.22.36-3O4A3381-768x518.jpg 768w, https:\/\/www.georgsorden.eu\/wp-content\/uploads\/2024\/10\/Gedenkmesse-10-2024-2024-10-03-16.22.36-3O4A3381.jpg 1280w\" sizes=\"auto, (max-width: 1024px) 100vw, 1024px\" \/><\/a><\/figure>\r\n<\/div>\r\n<\/div>\r\n\r\n\r\n\r\n<p>The ceremony was followed by the procession to the great memorial service in honour of Blessed Emperor Karl, which was celebrated by the General and Grand Master of the Knights of the Cross with the Red Star, Mgr. Josef \u0160ediv\u00fd, in concelebration with Father Provincial PhDr. Marek Pu\u010dal\u00edk, PhD, O.Cr. and Abbot Prof. Dr. SL Lic. SL P. Pius Maurer OCist. Delegations from PanEuropa Austria, the Catholic-Austrian Landsmannschaften, the Wine Knights and members of the maintenance of tradition, together with the Dames and Knights of the Order of St. George, gave this anniversary an impressive setting.<\/p>\r\n \r\n\r\n\r\n<p>Order Knight Father Marek began his homily with words that could not be more fitting for the Knights of the Order: \u2018God is looking for warriors, for people who stand with both feet on the firm foundation of his words. In today&#8217;s reading, the Holy Apostle Paul calls on the Ephesians to get ready for battle: \u2018Put on the armour of God\u2019 &#8211; he writes and names the one against whom we must fight: \u2018&#8230; that you may be able to stand against the wiles of the devil.\u2019 In the further course of his remarks, he built a bridge to Blessed Emperor Karl: \u2018So God is looking for warriors who will stand up for his peace. In Blessed Emperor Karl, he found one who turned himself to good, who recognised the evil and misery of his time and fought against it in faith and trust in God&#8217;s love.\u2019<\/p>\r\n\r\n\r\n\r\n<div class=\"wp-block-file\"><a id=\"wp-block-file--media-d4246b98-263c-4d11-94a0-4d0542b63d1b\" href=\"https:\/\/www.georgsorden.eu\/wp-content\/uploads\/2024\/10\/Summary-Homily-MP_EN.pdf\">Summary of the Homily as PDF file<\/a><a href=\"https:\/\/www.georgsorden.eu\/wp-content\/uploads\/2024\/10\/Summary-Homily-MP_EN.pdf\" class=\"wp-block-file__button wp-element-button\" download aria-describedby=\"wp-block-file--media-d4246b98-263c-4d11-94a0-4d0542b63d1b\">Download<\/a><\/div>\r\n\r\n\r\n\r\n<p>Vice-Chancellor Michael Blaha, MSc, who was responsible for the overall organisation of the event, Order Marshal Senator h.c. Thomas Bernhard v. Schrempf and Bgdr Mag. Wolfgang Spalj, the Order&#8217;s Ceremonial, were once again the guarantors of perfect formal protocol.<\/p>\r\n\r\n\r\n\r\n<p>After the final blessing, our Grand Master Archduke Karl gave very personal insights into his relationship with his grandfather and used concrete examples to illustrate why and how he should be a role model for us all. Afterwards, our newly-approved Honorary Dame Suzanne Pearson gave a touching keynote speech, which emphasised the increasing international importance that Blessed Emperor Karl plays among the faithful &#8211; especially among young people and families.<\/p>\r\n\r\n\r\n\r\n<div class=\"wp-block-columns is-layout-flex wp-container-core-columns-is-layout-9d6595d7 wp-block-columns-is-layout-flex\">\r\n<div class=\"wp-block-column is-layout-flow wp-block-column-is-layout-flow\" style=\"flex-basis:25%\">\r\n<figure class=\"wp-block-image size-full\"><a href=\"https:\/\/www.georgsorden.eu\/wp-content\/uploads\/2024\/10\/Gedenkmesse-10-2024-2024-10-03-19.22.16.jpg\" rel=\"lightbox-5\"><img loading=\"lazy\" decoding=\"async\" width=\"768\" height=\"1024\" src=\"https:\/\/www.georgsorden.eu\/wp-content\/uploads\/2024\/10\/Gedenkmesse-10-2024-2024-10-03-19.22.16.jpg\" alt=\"\" class=\"wp-image-13505\" srcset=\"https:\/\/www.georgsorden.eu\/wp-content\/uploads\/2024\/10\/Gedenkmesse-10-2024-2024-10-03-19.22.16.jpg 768w, https:\/\/www.georgsorden.eu\/wp-content\/uploads\/2024\/10\/Gedenkmesse-10-2024-2024-10-03-19.22.16-225x300.jpg 225w\" sizes=\"auto, (max-width: 768px) 100vw, 768px\" \/><\/a><\/figure>\r\n<\/div>\r\n\r\n\r\n\r\n<div class=\"wp-block-column is-layout-flow wp-block-column-is-layout-flow\" style=\"flex-basis:50%\"><div class=\"wp-block-image\">\r\n<figure class=\"aligncenter size-large is-resized\"><a href=\"https:\/\/www.georgsorden.eu\/wp-content\/uploads\/2024\/10\/Gedenkmesse-10-2024-2024-10-03-18.03.20.jpg\" rel=\"lightbox-6\"><img loading=\"lazy\" decoding=\"async\" width=\"1024\" height=\"768\" src=\"https:\/\/www.georgsorden.eu\/wp-content\/uploads\/2024\/10\/Gedenkmesse-10-2024-2024-10-03-18.03.20-1024x768.jpg\" alt=\"\" class=\"wp-image-13503\" style=\"width:380px;height:auto\" srcset=\"https:\/\/www.georgsorden.eu\/wp-content\/uploads\/2024\/10\/Gedenkmesse-10-2024-2024-10-03-18.03.20-1024x768.jpg 1024w, https:\/\/www.georgsorden.eu\/wp-content\/uploads\/2024\/10\/Gedenkmesse-10-2024-2024-10-03-18.03.20-300x225.jpg 300w, https:\/\/www.georgsorden.eu\/wp-content\/uploads\/2024\/10\/Gedenkmesse-10-2024-2024-10-03-18.03.20-768x576.jpg 768w, https:\/\/www.georgsorden.eu\/wp-content\/uploads\/2024\/10\/Gedenkmesse-10-2024-2024-10-03-18.03.20.jpg 1280w\" sizes=\"auto, (max-width: 1024px) 100vw, 1024px\" \/><\/a><\/figure>\r\n<\/div><\/div>\r\n\r\n\r\n\r\n<div class=\"wp-block-column is-layout-flow wp-block-column-is-layout-flow\" style=\"flex-basis:25%\">\r\n<figure class=\"wp-block-image size-full\"><a href=\"https:\/\/www.georgsorden.eu\/wp-content\/uploads\/2024\/10\/Gedenkmesse-10-2024-2024-10-03-19.23.13.jpg\" rel=\"lightbox-7\"><img loading=\"lazy\" decoding=\"async\" width=\"768\" height=\"1024\" src=\"https:\/\/www.georgsorden.eu\/wp-content\/uploads\/2024\/10\/Gedenkmesse-10-2024-2024-10-03-19.23.13.jpg\" alt=\"\" class=\"wp-image-13506\" srcset=\"https:\/\/www.georgsorden.eu\/wp-content\/uploads\/2024\/10\/Gedenkmesse-10-2024-2024-10-03-19.23.13.jpg 768w, https:\/\/www.georgsorden.eu\/wp-content\/uploads\/2024\/10\/Gedenkmesse-10-2024-2024-10-03-19.23.13-225x300.jpg 225w\" sizes=\"auto, (max-width: 768px) 100vw, 768px\" \/><\/a><\/figure>\r\n<\/div>\r\n<\/div>\r\n\r\n\r\n\r\n<p>The commemoration day came to a worthy end with an aperitif in the courtyard of honour of the Salesian Sisters, with wines from the wine knights and refreshments provided by the Order of St. George, where above all the exchange between the organisations associated with the House of Habsburg was both cultivated and deepened.<\/p>\r\n\r\n\r\n\r\n<h4 class=\"wp-block-heading\" id=\"Tagespost\">Blessed Emperor Karl I. focus in \u2018Die Tagespost\u2019<\/h4>\r\n\r\n\r\n\r\n<div class=\"wp-block-file\"><a id=\"wp-block-file--media-af6e7885-5fd3-4927-9feb-bc1e7485d2ba\" href=\"https:\/\/www.georgsorden.eu\/wp-content\/uploads\/2024\/10\/Tagespost-dt-04.10.24-016-low.pdf\"><strong>Article<\/strong> about Emperor Karl I. as PDF file (only available in German)<\/a><a href=\"https:\/\/www.georgsorden.eu\/wp-content\/uploads\/2024\/10\/Tagespost-dt-04.10.24-016-low.pdf\" class=\"wp-block-file__button wp-element-button\" download aria-describedby=\"wp-block-file--media-af6e7885-5fd3-4927-9feb-bc1e7485d2ba\">Download<\/a><\/div>\r\n\r\n\r\n\r\n<div class=\"wp-block-file\"><a id=\"wp-block-file--media-07ebedf3-57b7-4576-b08a-4bc3663a80b8\" href=\"https:\/\/www.georgsorden.eu\/wp-content\/uploads\/2024\/10\/Typical-Habsburg-and-lovable-saint-_-Die-Tagespost.pdf\" target=\"_blank\" rel=\"noreferrer noopener\"><strong>Interview <\/strong>with Honorary Dame Suzanne Pearson as PDF file<\/a><a href=\"https:\/\/www.georgsorden.eu\/wp-content\/uploads\/2024\/10\/Typical-Habsburg-and-lovable-saint-_-Die-Tagespost.pdf\" class=\"wp-block-file__button wp-element-button\" download aria-describedby=\"wp-block-file--media-07ebedf3-57b7-4576-b08a-4bc3663a80b8\">Download<\/a><\/div>\r\n\r\n\r\n\r\n<p><a href=\"https:\/\/www.die-tagespost.de\/kultur\/feuilleton\/typical-habsburg-and-lovable-saint-art-256016\" target=\"_blank\" rel=\"noreferrer noopener\"><strong>Link<\/strong> to the interview with Honorary Dame Suzanne Pearson<\/a><\/p>\r\n\r\n\r\n\r\n<p><a href=\"http:\/\/www.die-tagespost.at\/georgsorden\" target=\"_blank\" rel=\"noreferrer noopener\"><strong>Link<\/strong> to the \u2018Die Tagespost\u2019 free trial subscription for Dames and Knights of the Order of St. George<\/a><\/p>\r\n\r\n\r\n\r\n<div style=\"height:10px\" aria-hidden=\"true\" class=\"wp-block-spacer\"><\/div>\r\n\r\n\r\n\r\n\r\n\r\n\r\n<h4 class=\"wp-block-heading\">Impressions<\/h4>\r\n\r\n\r\n\r\n    <div id=\"bwg_container1_0\"         class=\"bwg_container bwg_thumbnail bwg_thumbnails \"         data-right-click-protection=\"1\"         data-bwg=\"0\"         data-scroll=\"0\"         data-gallery-type=\"thumbnails\"         data-gallery-view-type=\"thumbnails\"         data-current-url=\"\/en\/wp-json\/wp\/v2\/posts\/13478\"         data-lightbox-url=\"https:\/\/www.georgsorden.eu\/wp-admin\/admin-ajax.php?action=GalleryBox&#038;current_view=0&#038;gallery_id=143&#038;tag=0&#038;theme_id=1&#038;shortcode_id=292&#038;sort_by=filename&#038;order_by=asc&#038;current_url=%2Fen%2Fwp-json%2Fwp%2Fv2%2Fposts%2F13478\"         data-gallery-id=\"143\"         data-popup-width=\"1000\"         data-popup-height=\"700\"         data-is-album=\"gallery\"         data-buttons-position=\"bottom\">      <div id=\"bwg_container2_0\">             <div id=\"ajax_loading_0\" class=\"bwg_loading_div_1\">      <div class=\"bwg_loading_div_2\">        <div class=\"bwg_loading_div_3\">          <div id=\"loading_div_0\" class=\"bwg_spider_ajax_loading\">          <\/div>        <\/div>      <\/div>    <\/div>            <form id=\"gal_front_form_0\"              class=\"bwg-hidden\"              method=\"post\"              action=\"#\"              data-current=\"0\"              data-shortcode-id=\"292\"              data-gallery-type=\"thumbnails\"              data-gallery-id=\"143\"              data-tag=\"0\"              data-album-id=\"0\"              data-theme-id=\"1\"              data-ajax-url=\"https:\/\/www.georgsorden.eu\/wp-admin\/admin-ajax.php?action=bwg_frontend_data\">          <div id=\"bwg_container3_0\" class=\"bwg-background bwg-background-0\">                <div data-max-count=\"5\"         data-thumbnail-width=\"250\"         data-bwg=\"0\"         data-gallery-id=\"143\"         data-lightbox-url=\"https:\/\/www.georgsorden.eu\/wp-admin\/admin-ajax.php?action=GalleryBox&amp;current_view=0&amp;gallery_id=143&amp;tag=0&amp;theme_id=1&amp;shortcode_id=292&amp;sort_by=filename&amp;order_by=asc&amp;current_url=%2Fen%2Fwp-json%2Fwp%2Fv2%2Fposts%2F13478\"         id=\"bwg_thumbnails_0\"         class=\"bwg-container-0 bwg-thumbnails bwg-standard-thumbnails bwg-container bwg-border-box\">            <div class=\"bwg-item\">        <a class=\"bwg-a  bwg_lightbox\"  data-image-id=\"5985\" href=\"https:\/\/www.georgsorden.eu\/wp-content\/uploads\/photo-gallery\/imported_from_media_libray\/Gedenkmesse-10-2024-2024-10-03-16.20.40-3O4A2791.jpg?bwg=1728900287\" data-elementor-open-lightbox=\"no\">                <div class=\"bwg-item0 \">          <div class=\"bwg-item1 \">            <div class=\"bwg-item2\">              <img decoding=\"async\" class=\"skip-lazy bwg_standart_thumb_img_0 \"                   data-id=\"5985\"                   data-width=\"500.00\"                   data-height=\"333.00\"                   data-src=\"https:\/\/www.georgsorden.eu\/wp-content\/uploads\/photo-gallery\/imported_from_media_libray\/thumb\/Gedenkmesse-10-2024-2024-10-03-16.20.40-3O4A2791.jpg?bwg=1728900287\"                   src=\"https:\/\/www.georgsorden.eu\/wp-content\/uploads\/photo-gallery\/imported_from_media_libray\/thumb\/Gedenkmesse-10-2024-2024-10-03-16.20.40-3O4A2791.jpg?bwg=1728900287\"                   alt=\"Gedenkmesse-10-2024-2024-10-03 16.20.40-3O4A2791\"                   title=\"Gedenkmesse-10-2024-2024-10-03 16.20.40-3O4A2791\" \/>            <\/div>            <div class=\"\">                                                      <\/div>          <\/div>        <\/div>                        <\/a>              <\/div>            <div class=\"bwg-item\">        <a class=\"bwg-a  bwg_lightbox\"  data-image-id=\"5984\" href=\"https:\/\/www.georgsorden.eu\/wp-content\/uploads\/photo-gallery\/imported_from_media_libray\/Gedenkmesse-10-2024-2024-10-03-16.20.50.jpg?bwg=1728900287\" data-elementor-open-lightbox=\"no\">                <div class=\"bwg-item0 \">          <div class=\"bwg-item1 \">            <div class=\"bwg-item2\">              <img decoding=\"async\" class=\"skip-lazy bwg_standart_thumb_img_0 \"                   data-id=\"5984\"                   data-width=\"375.00\"                   data-height=\"500.00\"                   data-src=\"https:\/\/www.georgsorden.eu\/wp-content\/uploads\/photo-gallery\/imported_from_media_libray\/thumb\/Gedenkmesse-10-2024-2024-10-03-16.20.50.jpg?bwg=1728900287\"                   src=\"https:\/\/www.georgsorden.eu\/wp-content\/uploads\/photo-gallery\/imported_from_media_libray\/thumb\/Gedenkmesse-10-2024-2024-10-03-16.20.50.jpg?bwg=1728900287\"                   alt=\"Gedenkmesse-10-2024-2024-10-03 16.20.50\"                   title=\"Gedenkmesse-10-2024-2024-10-03 16.20.50\" \/>            <\/div>            <div class=\"\">                                                      <\/div>          <\/div>        <\/div>                        <\/a>              <\/div>            <div class=\"bwg-item\">        <a class=\"bwg-a  bwg_lightbox\"  data-image-id=\"5983\" href=\"https:\/\/www.georgsorden.eu\/wp-content\/uploads\/photo-gallery\/imported_from_media_libray\/Gedenkmesse-10-2024-2024-10-03-16.20.52-3O4A2822.jpg?bwg=1728900287\" data-elementor-open-lightbox=\"no\">                <div class=\"bwg-item0 \">          <div class=\"bwg-item1 \">            <div class=\"bwg-item2\">              <img decoding=\"async\" class=\"skip-lazy bwg_standart_thumb_img_0 \"                   data-id=\"5983\"                   data-width=\"500.00\"                   data-height=\"333.00\"                   data-src=\"https:\/\/www.georgsorden.eu\/wp-content\/uploads\/photo-gallery\/imported_from_media_libray\/thumb\/Gedenkmesse-10-2024-2024-10-03-16.20.52-3O4A2822.jpg?bwg=1728900287\"                   src=\"https:\/\/www.georgsorden.eu\/wp-content\/uploads\/photo-gallery\/imported_from_media_libray\/thumb\/Gedenkmesse-10-2024-2024-10-03-16.20.52-3O4A2822.jpg?bwg=1728900287\"                   alt=\"Gedenkmesse-10-2024-2024-10-03 16.20.52-3O4A2822\"                   title=\"Gedenkmesse-10-2024-2024-10-03 16.20.52-3O4A2822\" \/>            <\/div>            <div class=\"\">                                                      <\/div>          <\/div>        <\/div>                        <\/a>              <\/div>            <div class=\"bwg-item\">        <a class=\"bwg-a  bwg_lightbox\"  data-image-id=\"5982\" href=\"https:\/\/www.georgsorden.eu\/wp-content\/uploads\/photo-gallery\/imported_from_media_libray\/Gedenkmesse-10-2024-2024-10-03-16.20.53-3O4A2823.jpg?bwg=1728900287\" data-elementor-open-lightbox=\"no\">                <div class=\"bwg-item0 \">          <div class=\"bwg-item1 \">            <div class=\"bwg-item2\">              <img decoding=\"async\" class=\"skip-lazy bwg_standart_thumb_img_0 \"                   data-id=\"5982\"                   data-width=\"500.00\"                   data-height=\"333.00\"                   data-src=\"https:\/\/www.georgsorden.eu\/wp-content\/uploads\/photo-gallery\/imported_from_media_libray\/thumb\/Gedenkmesse-10-2024-2024-10-03-16.20.53-3O4A2823.jpg?bwg=1728900287\"                   src=\"https:\/\/www.georgsorden.eu\/wp-content\/uploads\/photo-gallery\/imported_from_media_libray\/thumb\/Gedenkmesse-10-2024-2024-10-03-16.20.53-3O4A2823.jpg?bwg=1728900287\"                   alt=\"Gedenkmesse-10-2024-2024-10-03 16.20.53-3O4A2823\"                   title=\"Gedenkmesse-10-2024-2024-10-03 16.20.53-3O4A2823\" \/>            <\/div>            <div class=\"\">                                                      <\/div>          <\/div>        <\/div>                        <\/a>              <\/div>            <div class=\"bwg-item\">        <a class=\"bwg-a  bwg_lightbox\"  data-image-id=\"5981\" href=\"https:\/\/www.georgsorden.eu\/wp-content\/uploads\/photo-gallery\/imported_from_media_libray\/Gedenkmesse-10-2024-2024-10-03-16.20.54-3O4A2843.jpg?bwg=1728900287\" data-elementor-open-lightbox=\"no\">                <div class=\"bwg-item0 \">          <div class=\"bwg-item1 \">            <div class=\"bwg-item2\">              <img decoding=\"async\" class=\"skip-lazy bwg_standart_thumb_img_0 \"                   data-id=\"5981\"                   data-width=\"500.00\"                   data-height=\"333.00\"                   data-src=\"https:\/\/www.georgsorden.eu\/wp-content\/uploads\/photo-gallery\/imported_from_media_libray\/thumb\/Gedenkmesse-10-2024-2024-10-03-16.20.54-3O4A2843.jpg?bwg=1728900287\"                   src=\"https:\/\/www.georgsorden.eu\/wp-content\/uploads\/photo-gallery\/imported_from_media_libray\/thumb\/Gedenkmesse-10-2024-2024-10-03-16.20.54-3O4A2843.jpg?bwg=1728900287\"                   alt=\"Gedenkmesse-10-2024-2024-10-03 16.20.54-3O4A2843\"                   title=\"Gedenkmesse-10-2024-2024-10-03 16.20.54-3O4A2843\" \/>            <\/div>            <div class=\"\">                                                      <\/div>          <\/div>        <\/div>                        <\/a>              <\/div>            <div class=\"bwg-item\">        <a class=\"bwg-a  bwg_lightbox\"  data-image-id=\"5980\" href=\"https:\/\/www.georgsorden.eu\/wp-content\/uploads\/photo-gallery\/imported_from_media_libray\/Gedenkmesse-10-2024-2024-10-03-16.20.55-3O4A2862.jpg?bwg=1728900287\" data-elementor-open-lightbox=\"no\">                <div class=\"bwg-item0 \">          <div class=\"bwg-item1 \">            <div class=\"bwg-item2\">              <img decoding=\"async\" class=\"skip-lazy bwg_standart_thumb_img_0 \"                   data-id=\"5980\"                   data-width=\"500.00\"                   data-height=\"333.00\"                   data-src=\"https:\/\/www.georgsorden.eu\/wp-content\/uploads\/photo-gallery\/imported_from_media_libray\/thumb\/Gedenkmesse-10-2024-2024-10-03-16.20.55-3O4A2862.jpg?bwg=1728900287\"                   src=\"https:\/\/www.georgsorden.eu\/wp-content\/uploads\/photo-gallery\/imported_from_media_libray\/thumb\/Gedenkmesse-10-2024-2024-10-03-16.20.55-3O4A2862.jpg?bwg=1728900287\"                   alt=\"Gedenkmesse-10-2024-2024-10-03 16.20.55-3O4A2862\"                   title=\"Gedenkmesse-10-2024-2024-10-03 16.20.55-3O4A2862\" \/>            <\/div>            <div class=\"\">                                                      <\/div>          <\/div>        <\/div>                        <\/a>              <\/div>            <div class=\"bwg-item\">        <a class=\"bwg-a  bwg_lightbox\"  data-image-id=\"5979\" href=\"https:\/\/www.georgsorden.eu\/wp-content\/uploads\/photo-gallery\/imported_from_media_libray\/Gedenkmesse-10-2024-2024-10-03-16.22.30.jpg?bwg=1728900287\" data-elementor-open-lightbox=\"no\">                <div class=\"bwg-item0 \">          <div class=\"bwg-item1 \">            <div class=\"bwg-item2\">              <img decoding=\"async\" class=\"skip-lazy bwg_standart_thumb_img_0 \"                   data-id=\"5979\"                   data-width=\"375.00\"                   data-height=\"500.00\"                   data-src=\"https:\/\/www.georgsorden.eu\/wp-content\/uploads\/photo-gallery\/imported_from_media_libray\/thumb\/Gedenkmesse-10-2024-2024-10-03-16.22.30.jpg?bwg=1728900287\"                   src=\"https:\/\/www.georgsorden.eu\/wp-content\/uploads\/photo-gallery\/imported_from_media_libray\/thumb\/Gedenkmesse-10-2024-2024-10-03-16.22.30.jpg?bwg=1728900287\"                   alt=\"Gedenkmesse-10-2024-2024-10-03 16.22.30\"                   title=\"Gedenkmesse-10-2024-2024-10-03 16.22.30\" \/>            <\/div>            <div class=\"\">                                                      <\/div>          <\/div>        <\/div>                        <\/a>              <\/div>            <div class=\"bwg-item\">        <a class=\"bwg-a  bwg_lightbox\"  data-image-id=\"5978\" href=\"https:\/\/www.georgsorden.eu\/wp-content\/uploads\/photo-gallery\/imported_from_media_libray\/Gedenkmesse-10-2024-2024-10-03-16.22.31-3O4A2908.jpg?bwg=1728900287\" data-elementor-open-lightbox=\"no\">                <div class=\"bwg-item0 \">          <div class=\"bwg-item1 \">            <div class=\"bwg-item2\">              <img decoding=\"async\" class=\"skip-lazy bwg_standart_thumb_img_0 \"                   data-id=\"5978\"                   data-width=\"333.00\"                   data-height=\"500.00\"                   data-src=\"https:\/\/www.georgsorden.eu\/wp-content\/uploads\/photo-gallery\/imported_from_media_libray\/thumb\/Gedenkmesse-10-2024-2024-10-03-16.22.31-3O4A2908.jpg?bwg=1728900287\"                   src=\"https:\/\/www.georgsorden.eu\/wp-content\/uploads\/photo-gallery\/imported_from_media_libray\/thumb\/Gedenkmesse-10-2024-2024-10-03-16.22.31-3O4A2908.jpg?bwg=1728900287\"                   alt=\"Gedenkmesse-10-2024-2024-10-03 16.22.31-3O4A2908\"                   title=\"Gedenkmesse-10-2024-2024-10-03 16.22.31-3O4A2908\" \/>            <\/div>            <div class=\"\">                                                      <\/div>          <\/div>        <\/div>                        <\/a>              <\/div>            <div class=\"bwg-item\">        <a class=\"bwg-a  bwg_lightbox\"  data-image-id=\"5977\" href=\"https:\/\/www.georgsorden.eu\/wp-content\/uploads\/photo-gallery\/imported_from_media_libray\/Gedenkmesse-10-2024-2024-10-03-16.22.32-3O4A2996.jpg?bwg=1728900287\" data-elementor-open-lightbox=\"no\">                <div class=\"bwg-item0 \">          <div class=\"bwg-item1 \">            <div class=\"bwg-item2\">              <img decoding=\"async\" class=\"skip-lazy bwg_standart_thumb_img_0 \"                   data-id=\"5977\"                   data-width=\"500.00\"                   data-height=\"333.00\"                   data-src=\"https:\/\/www.georgsorden.eu\/wp-content\/uploads\/photo-gallery\/imported_from_media_libray\/thumb\/Gedenkmesse-10-2024-2024-10-03-16.22.32-3O4A2996.jpg?bwg=1728900287\"                   src=\"https:\/\/www.georgsorden.eu\/wp-content\/uploads\/photo-gallery\/imported_from_media_libray\/thumb\/Gedenkmesse-10-2024-2024-10-03-16.22.32-3O4A2996.jpg?bwg=1728900287\"                   alt=\"Gedenkmesse-10-2024-2024-10-03 16.22.32-3O4A2996\"                   title=\"Gedenkmesse-10-2024-2024-10-03 16.22.32-3O4A2996\" \/>            <\/div>            <div class=\"\">                                                      <\/div>          <\/div>        <\/div>                        <\/a>              <\/div>            <div class=\"bwg-item\">        <a class=\"bwg-a  bwg_lightbox\"  data-image-id=\"5976\" href=\"https:\/\/www.georgsorden.eu\/wp-content\/uploads\/photo-gallery\/imported_from_media_libray\/Gedenkmesse-10-2024-2024-10-03-16.22.33-3O4A3035.jpg?bwg=1728900287\" data-elementor-open-lightbox=\"no\">                <div class=\"bwg-item0 \">          <div class=\"bwg-item1 \">            <div class=\"bwg-item2\">              <img decoding=\"async\" class=\"skip-lazy bwg_standart_thumb_img_0 \"                   data-id=\"5976\"                   data-width=\"500.00\"                   data-height=\"333.00\"                   data-src=\"https:\/\/www.georgsorden.eu\/wp-content\/uploads\/photo-gallery\/imported_from_media_libray\/thumb\/Gedenkmesse-10-2024-2024-10-03-16.22.33-3O4A3035.jpg?bwg=1728900287\"                   src=\"https:\/\/www.georgsorden.eu\/wp-content\/uploads\/photo-gallery\/imported_from_media_libray\/thumb\/Gedenkmesse-10-2024-2024-10-03-16.22.33-3O4A3035.jpg?bwg=1728900287\"                   alt=\"Gedenkmesse-10-2024-2024-10-03 16.22.33-3O4A3035\"                   title=\"Gedenkmesse-10-2024-2024-10-03 16.22.33-3O4A3035\" \/>            <\/div>            <div class=\"\">                                                      <\/div>          <\/div>        <\/div>                        <\/a>              <\/div>            <div class=\"bwg-item\">        <a class=\"bwg-a  bwg_lightbox\"  data-image-id=\"5975\" href=\"https:\/\/www.georgsorden.eu\/wp-content\/uploads\/photo-gallery\/imported_from_media_libray\/Gedenkmesse-10-2024-2024-10-03-16.22.34-3O4A3109.jpg?bwg=1728900287\" data-elementor-open-lightbox=\"no\">                <div class=\"bwg-item0 \">          <div class=\"bwg-item1 \">            <div class=\"bwg-item2\">              <img decoding=\"async\" class=\"skip-lazy bwg_standart_thumb_img_0 \"                   data-id=\"5975\"                   data-width=\"500.00\"                   data-height=\"333.00\"                   data-src=\"https:\/\/www.georgsorden.eu\/wp-content\/uploads\/photo-gallery\/imported_from_media_libray\/thumb\/Gedenkmesse-10-2024-2024-10-03-16.22.34-3O4A3109.jpg?bwg=1728900287\"                   src=\"https:\/\/www.georgsorden.eu\/wp-content\/uploads\/photo-gallery\/imported_from_media_libray\/thumb\/Gedenkmesse-10-2024-2024-10-03-16.22.34-3O4A3109.jpg?bwg=1728900287\"                   alt=\"Gedenkmesse-10-2024-2024-10-03 16.22.34-3O4A3109\"                   title=\"Gedenkmesse-10-2024-2024-10-03 16.22.34-3O4A3109\" \/>            <\/div>            <div class=\"\">                                                      <\/div>          <\/div>        <\/div>                        <\/a>              <\/div>            <div class=\"bwg-item\">        <a class=\"bwg-a  bwg_lightbox\"  data-image-id=\"5974\" href=\"https:\/\/www.georgsorden.eu\/wp-content\/uploads\/photo-gallery\/imported_from_media_libray\/Gedenkmesse-10-2024-2024-10-03-16.22.35-3O4A3348.jpg?bwg=1728900287\" data-elementor-open-lightbox=\"no\">                <div class=\"bwg-item0 \">          <div class=\"bwg-item1 \">            <div class=\"bwg-item2\">              <img decoding=\"async\" class=\"skip-lazy bwg_standart_thumb_img_0 \"                   data-id=\"5974\"                   data-width=\"500.00\"                   data-height=\"333.00\"                   data-src=\"https:\/\/www.georgsorden.eu\/wp-content\/uploads\/photo-gallery\/imported_from_media_libray\/thumb\/Gedenkmesse-10-2024-2024-10-03-16.22.35-3O4A3348.jpg?bwg=1728900287\"                   src=\"https:\/\/www.georgsorden.eu\/wp-content\/uploads\/photo-gallery\/imported_from_media_libray\/thumb\/Gedenkmesse-10-2024-2024-10-03-16.22.35-3O4A3348.jpg?bwg=1728900287\"                   alt=\"Gedenkmesse-10-2024-2024-10-03 16.22.35-3O4A3348\"                   title=\"Gedenkmesse-10-2024-2024-10-03 16.22.35-3O4A3348\" \/>            <\/div>            <div class=\"\">                                                      <\/div>          <\/div>        <\/div>                        <\/a>              <\/div>            <div class=\"bwg-item\">        <a class=\"bwg-a  bwg_lightbox\"  data-image-id=\"5973\" href=\"https:\/\/www.georgsorden.eu\/wp-content\/uploads\/photo-gallery\/imported_from_media_libray\/Gedenkmesse-10-2024-2024-10-03-16.22.36-3O4A3381.jpg?bwg=1728900287\" data-elementor-open-lightbox=\"no\">                <div class=\"bwg-item0 \">          <div class=\"bwg-item1 \">            <div class=\"bwg-item2\">              <img decoding=\"async\" class=\"skip-lazy bwg_standart_thumb_img_0 \"                   data-id=\"5973\"                   data-width=\"500.00\"                   data-height=\"338.00\"                   data-src=\"https:\/\/www.georgsorden.eu\/wp-content\/uploads\/photo-gallery\/imported_from_media_libray\/thumb\/Gedenkmesse-10-2024-2024-10-03-16.22.36-3O4A3381.jpg?bwg=1728900287\"                   src=\"https:\/\/www.georgsorden.eu\/wp-content\/uploads\/photo-gallery\/imported_from_media_libray\/thumb\/Gedenkmesse-10-2024-2024-10-03-16.22.36-3O4A3381.jpg?bwg=1728900287\"                   alt=\"Gedenkmesse-10-2024-2024-10-03 16.22.36-3O4A3381\"                   title=\"Gedenkmesse-10-2024-2024-10-03 16.22.36-3O4A3381\" \/>            <\/div>            <div class=\"\">                                                      <\/div>          <\/div>        <\/div>                        <\/a>              <\/div>            <div class=\"bwg-item\">        <a class=\"bwg-a  bwg_lightbox\"  data-image-id=\"5972\" href=\"https:\/\/www.georgsorden.eu\/wp-content\/uploads\/photo-gallery\/imported_from_media_libray\/Gedenkmesse-10-2024-2024-10-03-16.41.32-1.jpg?bwg=1728900287\" data-elementor-open-lightbox=\"no\">                <div class=\"bwg-item0 \">          <div class=\"bwg-item1 \">            <div class=\"bwg-item2\">              <img decoding=\"async\" class=\"skip-lazy bwg_standart_thumb_img_0 \"                   data-id=\"5972\"                   data-width=\"375.00\"                   data-height=\"500.00\"                   data-src=\"https:\/\/www.georgsorden.eu\/wp-content\/uploads\/photo-gallery\/imported_from_media_libray\/thumb\/Gedenkmesse-10-2024-2024-10-03-16.41.32-1.jpg?bwg=1728900287\"                   src=\"https:\/\/www.georgsorden.eu\/wp-content\/uploads\/photo-gallery\/imported_from_media_libray\/thumb\/Gedenkmesse-10-2024-2024-10-03-16.41.32-1.jpg?bwg=1728900287\"                   alt=\"Gedenkmesse-10-2024-2024-10-03 16.41.32-1\"                   title=\"Gedenkmesse-10-2024-2024-10-03 16.41.32-1\" \/>            <\/div>            <div class=\"\">                                                      <\/div>          <\/div>        <\/div>                        <\/a>              <\/div>            <div class=\"bwg-item\">        <a class=\"bwg-a  bwg_lightbox\"  data-image-id=\"5971\" href=\"https:\/\/www.georgsorden.eu\/wp-content\/uploads\/photo-gallery\/imported_from_media_libray\/Gedenkmesse-10-2024-2024-10-03-16.50.00-1.jpg?bwg=1728900287\" data-elementor-open-lightbox=\"no\">                <div class=\"bwg-item0 \">          <div class=\"bwg-item1 \">            <div class=\"bwg-item2\">              <img decoding=\"async\" class=\"skip-lazy bwg_standart_thumb_img_0 \"                   data-id=\"5971\"                   data-width=\"500.00\"                   data-height=\"375.00\"                   data-src=\"https:\/\/www.georgsorden.eu\/wp-content\/uploads\/photo-gallery\/imported_from_media_libray\/thumb\/Gedenkmesse-10-2024-2024-10-03-16.50.00-1.jpg?bwg=1728900287\"                   src=\"https:\/\/www.georgsorden.eu\/wp-content\/uploads\/photo-gallery\/imported_from_media_libray\/thumb\/Gedenkmesse-10-2024-2024-10-03-16.50.00-1.jpg?bwg=1728900287\"                   alt=\"Gedenkmesse-10-2024-2024-10-03 16.50.00-1\"                   title=\"Gedenkmesse-10-2024-2024-10-03 16.50.00-1\" \/>            <\/div>            <div class=\"\">                                                      <\/div>          <\/div>        <\/div>                        <\/a>              <\/div>            <div class=\"bwg-item\">        <a class=\"bwg-a  bwg_lightbox\"  data-image-id=\"5970\" href=\"https:\/\/www.georgsorden.eu\/wp-content\/uploads\/photo-gallery\/imported_from_media_libray\/Gedenkmesse-10-2024-2024-10-03-16.50.01-3O4A3614.jpg?bwg=1728900287\" data-elementor-open-lightbox=\"no\">                <div class=\"bwg-item0 \">          <div class=\"bwg-item1 \">            <div class=\"bwg-item2\">              <img decoding=\"async\" class=\"skip-lazy bwg_standart_thumb_img_0 \"                   data-id=\"5970\"                   data-width=\"500.00\"                   data-height=\"333.00\"                   data-src=\"https:\/\/www.georgsorden.eu\/wp-content\/uploads\/photo-gallery\/imported_from_media_libray\/thumb\/Gedenkmesse-10-2024-2024-10-03-16.50.01-3O4A3614.jpg?bwg=1728900287\"                   src=\"https:\/\/www.georgsorden.eu\/wp-content\/uploads\/photo-gallery\/imported_from_media_libray\/thumb\/Gedenkmesse-10-2024-2024-10-03-16.50.01-3O4A3614.jpg?bwg=1728900287\"                   alt=\"Gedenkmesse-10-2024-2024-10-03 16.50.01-3O4A3614\"                   title=\"Gedenkmesse-10-2024-2024-10-03 16.50.01-3O4A3614\" \/>            <\/div>            <div class=\"\">                                                      <\/div>          <\/div>        <\/div>                        <\/a>              <\/div>            <div class=\"bwg-item\">        <a class=\"bwg-a  bwg_lightbox\"  data-image-id=\"5969\" href=\"https:\/\/www.georgsorden.eu\/wp-content\/uploads\/photo-gallery\/imported_from_media_libray\/Gedenkmesse-10-2024-2024-10-03-16.50.04-3O4A3624.jpg?bwg=1728900287\" data-elementor-open-lightbox=\"no\">                <div class=\"bwg-item0 \">          <div class=\"bwg-item1 \">            <div class=\"bwg-item2\">              <img decoding=\"async\" class=\"skip-lazy bwg_standart_thumb_img_0 \"                   data-id=\"5969\"                   data-width=\"500.00\"                   data-height=\"333.00\"                   data-src=\"https:\/\/www.georgsorden.eu\/wp-content\/uploads\/photo-gallery\/imported_from_media_libray\/thumb\/Gedenkmesse-10-2024-2024-10-03-16.50.04-3O4A3624.jpg?bwg=1728900287\"                   src=\"https:\/\/www.georgsorden.eu\/wp-content\/uploads\/photo-gallery\/imported_from_media_libray\/thumb\/Gedenkmesse-10-2024-2024-10-03-16.50.04-3O4A3624.jpg?bwg=1728900287\"                   alt=\"Gedenkmesse-10-2024-2024-10-03 16.50.04-3O4A3624\"                   title=\"Gedenkmesse-10-2024-2024-10-03 16.50.04-3O4A3624\" \/>            <\/div>            <div class=\"\">                                                      <\/div>          <\/div>        <\/div>                        <\/a>              <\/div>            <div class=\"bwg-item\">        <a class=\"bwg-a  bwg_lightbox\"  data-image-id=\"5988\" href=\"https:\/\/www.georgsorden.eu\/wp-content\/uploads\/photo-gallery\/imported_from_media_libray\/Gedenkmesse-10-2024-2024-10-03-17.55.32a.jpg?bwg=1729068124\" data-elementor-open-lightbox=\"no\">                <div class=\"bwg-item0 \">          <div class=\"bwg-item1 \">            <div class=\"bwg-item2\">              <img decoding=\"async\" class=\"skip-lazy bwg_standart_thumb_img_0 \"                   data-id=\"5988\"                   data-width=\"500.00\"                   data-height=\"375.00\"                   data-src=\"https:\/\/www.georgsorden.eu\/wp-content\/uploads\/photo-gallery\/imported_from_media_libray\/thumb\/Gedenkmesse-10-2024-2024-10-03-17.55.32a.jpg?bwg=1729068124\"                   src=\"https:\/\/www.georgsorden.eu\/wp-content\/uploads\/photo-gallery\/imported_from_media_libray\/thumb\/Gedenkmesse-10-2024-2024-10-03-17.55.32a.jpg?bwg=1729068124\"                   alt=\"Gedenkmesse-10-2024-2024-10-03 17.55.32a\"                   title=\"Gedenkmesse-10-2024-2024-10-03 17.55.32a\" \/>            <\/div>            <div class=\"\">                                                      <\/div>          <\/div>        <\/div>                        <\/a>              <\/div>            <div class=\"bwg-item\">        <a class=\"bwg-a  bwg_lightbox\"  data-image-id=\"5967\" href=\"https:\/\/www.georgsorden.eu\/wp-content\/uploads\/photo-gallery\/imported_from_media_libray\/Gedenkmesse-10-2024-2024-10-03-18.01.25.jpg?bwg=1728900287\" data-elementor-open-lightbox=\"no\">                <div class=\"bwg-item0 \">          <div class=\"bwg-item1 \">            <div class=\"bwg-item2\">              <img decoding=\"async\" class=\"skip-lazy bwg_standart_thumb_img_0 \"                   data-id=\"5967\"                   data-width=\"500.00\"                   data-height=\"375.00\"                   data-src=\"https:\/\/www.georgsorden.eu\/wp-content\/uploads\/photo-gallery\/imported_from_media_libray\/thumb\/Gedenkmesse-10-2024-2024-10-03-18.01.25.jpg?bwg=1728900287\"                   src=\"https:\/\/www.georgsorden.eu\/wp-content\/uploads\/photo-gallery\/imported_from_media_libray\/thumb\/Gedenkmesse-10-2024-2024-10-03-18.01.25.jpg?bwg=1728900287\"                   alt=\"Gedenkmesse-10-2024-2024-10-03 18.01.25\"                   title=\"Gedenkmesse-10-2024-2024-10-03 18.01.25\" \/>            <\/div>            <div class=\"\">                                                      <\/div>          <\/div>        <\/div>                        <\/a>              <\/div>            <div class=\"bwg-item\">        <a class=\"bwg-a  bwg_lightbox\"  data-image-id=\"5966\" href=\"https:\/\/www.georgsorden.eu\/wp-content\/uploads\/photo-gallery\/imported_from_media_libray\/Gedenkmesse-10-2024-2024-10-03-18.02.09.jpg?bwg=1728900287\" data-elementor-open-lightbox=\"no\">                <div class=\"bwg-item0 \">          <div class=\"bwg-item1 \">            <div class=\"bwg-item2\">              <img decoding=\"async\" class=\"skip-lazy bwg_standart_thumb_img_0 \"                   data-id=\"5966\"                   data-width=\"500.00\"                   data-height=\"375.00\"                   data-src=\"https:\/\/www.georgsorden.eu\/wp-content\/uploads\/photo-gallery\/imported_from_media_libray\/thumb\/Gedenkmesse-10-2024-2024-10-03-18.02.09.jpg?bwg=1728900287\"                   src=\"https:\/\/www.georgsorden.eu\/wp-content\/uploads\/photo-gallery\/imported_from_media_libray\/thumb\/Gedenkmesse-10-2024-2024-10-03-18.02.09.jpg?bwg=1728900287\"                   alt=\"Gedenkmesse-10-2024-2024-10-03 18.02.09\"                   title=\"Gedenkmesse-10-2024-2024-10-03 18.02.09\" \/>            <\/div>            <div class=\"\">                                                      <\/div>          <\/div>        <\/div>                        <\/a>              <\/div>            <div class=\"bwg-item\">        <a class=\"bwg-a  bwg_lightbox\"  data-image-id=\"5965\" href=\"https:\/\/www.georgsorden.eu\/wp-content\/uploads\/photo-gallery\/imported_from_media_libray\/Gedenkmesse-10-2024-2024-10-03-18.03.20.jpg?bwg=1728900287\" data-elementor-open-lightbox=\"no\">                <div class=\"bwg-item0 \">          <div class=\"bwg-item1 \">            <div class=\"bwg-item2\">              <img decoding=\"async\" class=\"skip-lazy bwg_standart_thumb_img_0 \"                   data-id=\"5965\"                   data-width=\"500.00\"                   data-height=\"375.00\"                   data-src=\"https:\/\/www.georgsorden.eu\/wp-content\/uploads\/photo-gallery\/imported_from_media_libray\/thumb\/Gedenkmesse-10-2024-2024-10-03-18.03.20.jpg?bwg=1728900287\"                   src=\"https:\/\/www.georgsorden.eu\/wp-content\/uploads\/photo-gallery\/imported_from_media_libray\/thumb\/Gedenkmesse-10-2024-2024-10-03-18.03.20.jpg?bwg=1728900287\"                   alt=\"Gedenkmesse-10-2024-2024-10-03 18.03.20\"                   title=\"Gedenkmesse-10-2024-2024-10-03 18.03.20\" \/>            <\/div>            <div class=\"\">                                                      <\/div>          <\/div>        <\/div>                        <\/a>              <\/div>            <div class=\"bwg-item\">        <a class=\"bwg-a  bwg_lightbox\"  data-image-id=\"5964\" href=\"https:\/\/www.georgsorden.eu\/wp-content\/uploads\/photo-gallery\/imported_from_media_libray\/Gedenkmesse-10-2024-2024-10-03-18.04.06-1.jpg?bwg=1728900287\" data-elementor-open-lightbox=\"no\">                <div class=\"bwg-item0 \">          <div class=\"bwg-item1 \">            <div class=\"bwg-item2\">              <img decoding=\"async\" class=\"skip-lazy bwg_standart_thumb_img_0 \"                   data-id=\"5964\"                   data-width=\"375.00\"                   data-height=\"500.00\"                   data-src=\"https:\/\/www.georgsorden.eu\/wp-content\/uploads\/photo-gallery\/imported_from_media_libray\/thumb\/Gedenkmesse-10-2024-2024-10-03-18.04.06-1.jpg?bwg=1728900287\"                   src=\"https:\/\/www.georgsorden.eu\/wp-content\/uploads\/photo-gallery\/imported_from_media_libray\/thumb\/Gedenkmesse-10-2024-2024-10-03-18.04.06-1.jpg?bwg=1728900287\"                   alt=\"Gedenkmesse-10-2024-2024-10-03 18.04.06-1\"                   title=\"Gedenkmesse-10-2024-2024-10-03 18.04.06-1\" \/>            <\/div>            <div class=\"\">                                                      <\/div>          <\/div>        <\/div>                        <\/a>              <\/div>            <div class=\"bwg-item\">        <a class=\"bwg-a  bwg_lightbox\"  data-image-id=\"5963\" href=\"https:\/\/www.georgsorden.eu\/wp-content\/uploads\/photo-gallery\/imported_from_media_libray\/Gedenkmesse-10-2024-2024-10-03-19.22.16.jpg?bwg=1728900287\" data-elementor-open-lightbox=\"no\">                <div class=\"bwg-item0 \">          <div class=\"bwg-item1 \">            <div class=\"bwg-item2\">              <img decoding=\"async\" class=\"skip-lazy bwg_standart_thumb_img_0 \"                   data-id=\"5963\"                   data-width=\"375.00\"                   data-height=\"500.00\"                   data-src=\"https:\/\/www.georgsorden.eu\/wp-content\/uploads\/photo-gallery\/imported_from_media_libray\/thumb\/Gedenkmesse-10-2024-2024-10-03-19.22.16.jpg?bwg=1728900287\"                   src=\"https:\/\/www.georgsorden.eu\/wp-content\/uploads\/photo-gallery\/imported_from_media_libray\/thumb\/Gedenkmesse-10-2024-2024-10-03-19.22.16.jpg?bwg=1728900287\"                   alt=\"Gedenkmesse-10-2024-2024-10-03 19.22.16\"                   title=\"Gedenkmesse-10-2024-2024-10-03 19.22.16\" \/>            <\/div>            <div class=\"\">                                                      <\/div>          <\/div>        <\/div>                        <\/a>              <\/div>            <div class=\"bwg-item\">        <a class=\"bwg-a  bwg_lightbox\"  data-image-id=\"5962\" href=\"https:\/\/www.georgsorden.eu\/wp-content\/uploads\/photo-gallery\/imported_from_media_libray\/Gedenkmesse-10-2024-2024-10-03-19.23.13.jpg?bwg=1728900287\" data-elementor-open-lightbox=\"no\">                <div class=\"bwg-item0 \">          <div class=\"bwg-item1 \">            <div class=\"bwg-item2\">              <img decoding=\"async\" class=\"skip-lazy bwg_standart_thumb_img_0 \"                   data-id=\"5962\"                   data-width=\"375.00\"                   data-height=\"500.00\"                   data-src=\"https:\/\/www.georgsorden.eu\/wp-content\/uploads\/photo-gallery\/imported_from_media_libray\/thumb\/Gedenkmesse-10-2024-2024-10-03-19.23.13.jpg?bwg=1728900287\"                   src=\"https:\/\/www.georgsorden.eu\/wp-content\/uploads\/photo-gallery\/imported_from_media_libray\/thumb\/Gedenkmesse-10-2024-2024-10-03-19.23.13.jpg?bwg=1728900287\"                   alt=\"Gedenkmesse-10-2024-2024-10-03 19.23.13\"                   title=\"Gedenkmesse-10-2024-2024-10-03 19.23.13\" \/>            <\/div>            <div class=\"\">                                                      <\/div>          <\/div>        <\/div>                        <\/a>              <\/div>            <div class=\"bwg-item\">        <a class=\"bwg-a  bwg_lightbox\"  data-image-id=\"5987\" href=\"https:\/\/www.georgsorden.eu\/wp-content\/uploads\/photo-gallery\/imported_from_media_libray\/Gedenkmesse-10-2024-2024-10-03-19.59.11.jpg?bwg=1728900287\" data-elementor-open-lightbox=\"no\">                <div class=\"bwg-item0 \">          <div class=\"bwg-item1 \">            <div class=\"bwg-item2\">              <img decoding=\"async\" class=\"skip-lazy bwg_standart_thumb_img_0 \"                   data-id=\"5987\"                   data-width=\"500.00\"                   data-height=\"375.00\"                   data-src=\"https:\/\/www.georgsorden.eu\/wp-content\/uploads\/photo-gallery\/imported_from_media_libray\/thumb\/Gedenkmesse-10-2024-2024-10-03-19.59.11.jpg?bwg=1728900287\"                   src=\"https:\/\/www.georgsorden.eu\/wp-content\/uploads\/photo-gallery\/imported_from_media_libray\/thumb\/Gedenkmesse-10-2024-2024-10-03-19.59.11.jpg?bwg=1728900287\"                   alt=\"Gedenkmesse-10-2024-2024-10-03 19.59.11\"                   title=\"Gedenkmesse-10-2024-2024-10-03 19.59.11\" \/>            <\/div>            <div class=\"\">                                                      <\/div>          <\/div>        <\/div>                        <\/a>              <\/div>          <\/div>              <\/div>        <\/form>                <div id=\"bwg_spider_popup_loading_0\" class=\"bwg_spider_popup_loading\"><\/div>        <div id=\"spider_popup_overlay_0\" class=\"spider_popup_overlay\" onclick=\"spider_destroypopup(1000)\"><\/div>        <input type=\"hidden\" id=\"bwg_random_seed_0\" value=\"1100391225\">                <\/div>    <\/div>    <script>      if (document.readyState === 'complete') {        if( typeof bwg_main_ready == 'function' ) {          if ( jQuery(\"#bwg_container1_0\").height() ) {            bwg_main_ready(jQuery(\"#bwg_container1_0\"));          }        }      } else {        document.addEventListener('DOMContentLoaded', function() {          if( typeof bwg_main_ready == 'function' ) {            if ( jQuery(\"#bwg_container1_0\").height() ) {             bwg_main_ready(jQuery(\"#bwg_container1_0\"));            }          }        });      }    <\/script>    \r\n","protected":false},"excerpt":{"rendered":"<p>Exactly 20 years to the day after the solemn beatification of Emperor Karl I., a festive service was held in the Salesian Church on 3 October 2024.<\/p>\n","protected":false},"author":1,"featured_media":13544,"comment_status":"closed","ping_status":"closed","sticky":false,"template":"","format":"standard","meta":{"footnotes":""},"categories":[164,27],"tags":[],"class_list":["post-13478","post","type-post","status-publish","format-standard","has-post-thumbnail","hentry","category-164","category-order-in-general"],"publishpress_future_action":{"enabled":false,"date":"2026-05-08 02:24:20","action":"category","newStatus":"draft","terms":[],"taxonomy":"category","extraData":[]},"publishpress_future_workflow_manual_trigger":{"enabledWorkflows":[]},"rttpg_featured_image_url":{"full":["https:\/\/www.georgsorden.eu\/wp-content\/uploads\/2024\/10\/Gedenkmesse-10-2024-2024-10-03-17.55.32a.jpg",1280,960,false],"landscape":["https:\/\/www.georgsorden.eu\/wp-content\/uploads\/2024\/10\/Gedenkmesse-10-2024-2024-10-03-17.55.32a.jpg",1280,960,false],"portraits":["https:\/\/www.georgsorden.eu\/wp-content\/uploads\/2024\/10\/Gedenkmesse-10-2024-2024-10-03-17.55.32a.jpg",1280,960,false],"thumbnail":["https:\/\/www.georgsorden.eu\/wp-content\/uploads\/2024\/10\/Gedenkmesse-10-2024-2024-10-03-17.55.32a-150x150.jpg",150,150,true],"medium":["https:\/\/www.georgsorden.eu\/wp-content\/uploads\/2024\/10\/Gedenkmesse-10-2024-2024-10-03-17.55.32a-300x225.jpg",300,225,true],"large":["https:\/\/www.georgsorden.eu\/wp-content\/uploads\/2024\/10\/Gedenkmesse-10-2024-2024-10-03-17.55.32a-1024x768.jpg",1024,768,true],"1536x1536":["https:\/\/www.georgsorden.eu\/wp-content\/uploads\/2024\/10\/Gedenkmesse-10-2024-2024-10-03-17.55.32a.jpg",1280,960,false],"2048x2048":["https:\/\/www.georgsorden.eu\/wp-content\/uploads\/2024\/10\/Gedenkmesse-10-2024-2024-10-03-17.55.32a.jpg",1280,960,false]},"rttpg_author":{"display_name":"iktopia","author_link":"https:\/\/www.georgsorden.eu\/en\/author\/iktopia\/"},"rttpg_comment":0,"rttpg_category":"<a href=\"https:\/\/www.georgsorden.eu\/en\/category\/2024\/\" rel=\"category tag\">2024<\/a> <a href=\"https:\/\/www.georgsorden.eu\/en\/category\/order-in-general\/\" rel=\"category tag\">Order in general<\/a>","rttpg_excerpt":"Exactly 20 years to the day after the solemn beatification of Emperor Karl I., a festive service was held in the Salesian Church on 3 October 2024.","_links":{"self":[{"href":"https:\/\/www.georgsorden.eu\/en\/wp-json\/wp\/v2\/posts\/13478","targetHints":{"allow":["GET"]}}],"collection":[{"href":"https:\/\/www.georgsorden.eu\/en\/wp-json\/wp\/v2\/posts"}],"about":[{"href":"https:\/\/www.georgsorden.eu\/en\/wp-json\/wp\/v2\/types\/post"}],"author":[{"embeddable":true,"href":"https:\/\/www.georgsorden.eu\/en\/wp-json\/wp\/v2\/users\/1"}],"replies":[{"embeddable":true,"href":"https:\/\/www.georgsorden.eu\/en\/wp-json\/wp\/v2\/comments?post=13478"}],"version-history":[{"count":17,"href":"https:\/\/www.georgsorden.eu\/en\/wp-json\/wp\/v2\/posts\/13478\/revisions"}],"predecessor-version":[{"id":13798,"href":"https:\/\/www.georgsorden.eu\/en\/wp-json\/wp\/v2\/posts\/13478\/revisions\/13798"}],"wp:featuredmedia":[{"embeddable":true,"href":"https:\/\/www.georgsorden.eu\/en\/wp-json\/wp\/v2\/media\/13544"}],"wp:attachment":[{"href":"https:\/\/www.georgsorden.eu\/en\/wp-json\/wp\/v2\/media?parent=13478"}],"wp:term":[{"taxonomy":"category","embeddable":true,"href":"https:\/\/www.georgsorden.eu\/en\/wp-json\/wp\/v2\/categories?post=13478"},{"taxonomy":"post_tag","embeddable":true,"href":"https:\/\/www.georgsorden.eu\/en\/wp-json\/wp\/v2\/tags?post=13478"}],"curies":[{"name":"wp","href":"https:\/\/api.w.org\/{rel}","templated":true}]}}