{"id":1451,"date":"2018-10-20T16:12:54","date_gmt":"2018-10-20T14:12:54","guid":{"rendered":"https:\/\/www.georgs-orden.at\/de\/?p=1451"},"modified":"2021-04-20T16:24:38","modified_gmt":"2021-04-20T14:24:38","slug":"reliquieneinsetzung-elsass","status":"publish","type":"post","link":"https:\/\/www.georgsorden.eu\/en\/relic-deposit-elsass\/","title":{"rendered":"Relic deposit in Alsace "},"content":{"rendered":"\r\n<p>On October 20 and 21, the ceremony of the solemn inauguration of a relic of the blessed Emperor Charles was celebrated on Mount Odile near Strasbourg. Well organized by Prof. Phillips Nuss, Paneuropean Secretary General for Alsace, this location was chosen very deliberately &#8211; after all, the Hohenburg monastery on Mount Odile is the most important place of pilgrimage by far, which is visited every day by countless believers as well as tourists. Rightly so &#8211; we couldn&#8217;t escape the mysticism, the atmosphere of the place either.<\/p>\r\n\r\n\r\n\r\n<p>On Saturday, October 20, the delegation of the Order of St. Georgs, a European order of the House of Habsburg-Lorraine, led personally by our procurator Vinzenz Baron von Stimpfl-Abele, met in the Lindenhof of the monastery &#8211; supported by dames and knights, namely: Ceremonial Michael Blaha, Komtur Josef Jost with his wife, Vice-Comtur Peter Schmitz with his wife, Daniel Quak, J\u00fcrgen Laible with his wife (Order Dorothea Haller-Laible), J\u00f6rg Ottersbach with daughter Helene, our dame Eva D\u00e4mmerle, Komtur Peter Harold, and Vice Chancellor Marcus Paar.<\/p>\r\n\r\n\r\n\r\n<p>On Saturday shortly after the \u201ccome together\u201d in the inner courtyard, the \u201cProcession pour la paix avec les reliques du bienheureux Charles de Habsbourg-Lorraine\u201d started from the linden courtyard of the monastery to the source of St. Odile &#8211; Archduchess Gabriela arrived punctually to take part . The relic was collected from the said miraculous spring &#8230; this meant a 15 minute walk downhill, 20 minutes uphill with constant prayer and singing &#8211; a dignified procession. Our ceremonial and our order delegation led, followed by a delegation of the grave knights with a strength of 24 men and a 50 men strong formation of the Maltese &#8211; afterwards many believers, relatives, guests &#8230; it was a long, wonderful procession.<\/p>\r\n\r\n\r\n\r\n<p>After a short prayer at the source, the relic was solemnly accompanied to the monastery and safely stored for the institution on Sunday.<\/p>\r\n\r\n\r\n\r\n<p>In the evening &#8211; eagerly awaited &#8211; HIRH Archduke Karl arrived on a direct flight from the Ukraine at Odilienberg and followed an invitation from Count Andlau-Homburg to his residence together with his sister, our procurator and some nuns and brothers. This was a very pleasant evening, which provided a worthy setting for high-quality discussions.<\/p>\r\n\r\n\r\n\r\n<p>The next day, on Sunday, we were invited to a joint breakfast &#8211; our host: S. Exc. R\u00e9v. Monseigneur Luc Ravel, followed by the Imperial Highnesses and Procurator Baron von Stimpfl-Abele. Also at this breakfast: HRH Princess von Lobkowicz, born Princess of Bourbon-Parma.<\/p>\r\n\r\n\r\n\r\n<p>Then the line-up for the inauguration of the insignia of the blessed Emperor Charles began. Our order again led the short procession and took a seat in the choir of the basilica. The Archbishop paid tribute to the merits of the Blessed Emperor Charles, thanked the present imperial family and our order and underlined the importance of the work of the Blessed Emperor Charles and its impact to this day and far beyond, as well as the religious and socio-political importance of these Establishment!<\/p>\r\n\r\n\r\n\r\n<p>Our delegation of the Order of St. George led the excerpt after the end of the mass and after the short walk to the chapel of the institution we were allowed to stand at a preferred location and attended the institution directly.<\/p>\r\n\r\n\r\n\r\n<p>It was a wonderful experience, a great ceremony with far-reaching significance, an unforgettable time.<\/p>\r\n\r\n\r\n\r\n    <div id=\"bwg_container1_0\"         class=\"bwg_container bwg_thumbnail bwg_thumbnails \"         data-right-click-protection=\"1\"         data-bwg=\"0\"         data-scroll=\"0\"         data-gallery-type=\"thumbnails\"         data-gallery-view-type=\"thumbnails\"         data-current-url=\"\/en\/wp-json\/wp\/v2\/posts\/1451\"         data-lightbox-url=\"https:\/\/www.georgsorden.eu\/wp-admin\/admin-ajax.php?action=GalleryBox&#038;current_view=0&#038;gallery_id=17&#038;tag=0&#038;theme_id=1&#038;shortcode_id=36&#038;sort_by=filename&#038;order_by=asc&#038;current_url=%2Fen%2Fwp-json%2Fwp%2Fv2%2Fposts%2F1451\"         data-gallery-id=\"17\"         data-popup-width=\"1000\"         data-popup-height=\"700\"         data-is-album=\"gallery\"         data-buttons-position=\"bottom\">      <div id=\"bwg_container2_0\">             <div id=\"ajax_loading_0\" class=\"bwg_loading_div_1\">      <div class=\"bwg_loading_div_2\">        <div class=\"bwg_loading_div_3\">          <div id=\"loading_div_0\" class=\"bwg_spider_ajax_loading\">          <\/div>        <\/div>      <\/div>    <\/div>            <form id=\"gal_front_form_0\"              class=\"bwg-hidden\"              method=\"post\"              action=\"#\"              data-current=\"0\"              data-shortcode-id=\"36\"              data-gallery-type=\"thumbnails\"              data-gallery-id=\"17\"              data-tag=\"0\"              data-album-id=\"0\"              data-theme-id=\"1\"              data-ajax-url=\"https:\/\/www.georgsorden.eu\/wp-admin\/admin-ajax.php?action=bwg_frontend_data\">          <div id=\"bwg_container3_0\" class=\"bwg-background bwg-background-0\">                <div data-max-count=\"5\"         data-thumbnail-width=\"250\"         data-bwg=\"0\"         data-gallery-id=\"17\"         data-lightbox-url=\"https:\/\/www.georgsorden.eu\/wp-admin\/admin-ajax.php?action=GalleryBox&amp;current_view=0&amp;gallery_id=17&amp;tag=0&amp;theme_id=1&amp;shortcode_id=36&amp;sort_by=filename&amp;order_by=asc&amp;current_url=%2Fen%2Fwp-json%2Fwp%2Fv2%2Fposts%2F1451\"         id=\"bwg_thumbnails_0\"         class=\"bwg-container-0 bwg-thumbnails bwg-standard-thumbnails bwg-container bwg-border-box\">            <div class=\"bwg-item\">        <a class=\"bwg-a  bwg_lightbox\"  data-image-id=\"100\" href=\"https:\/\/www.georgsorden.eu\/wp-content\/uploads\/photo-gallery\/imported_from_media_libray\/Elsass-01.jpg?bwg=1618927891\" data-elementor-open-lightbox=\"no\">                <div class=\"bwg-item0 \">          <div class=\"bwg-item1 \">            <div class=\"bwg-item2\">              <img decoding=\"async\" class=\"skip-lazy bwg_standart_thumb_img_0 \"                   data-id=\"100\"                   data-width=\"500\"                   data-height=\"375\"                   data-src=\"https:\/\/www.georgsorden.eu\/wp-content\/uploads\/photo-gallery\/imported_from_media_libray\/thumb\/Elsass-01.jpg?bwg=1618927891\"                   src=\"https:\/\/www.georgsorden.eu\/wp-content\/uploads\/photo-gallery\/imported_from_media_libray\/thumb\/Elsass-01.jpg?bwg=1618927891\"                   alt=\"Elsass-01\"                   title=\"Elsass-01\" \/>            <\/div>            <div class=\"\">                                                      <\/div>          <\/div>        <\/div>                        <\/a>              <\/div>            <div class=\"bwg-item\">        <a class=\"bwg-a  bwg_lightbox\"  data-image-id=\"98\" href=\"https:\/\/www.georgsorden.eu\/wp-content\/uploads\/photo-gallery\/imported_from_media_libray\/Elsass-02.jpg?bwg=1618927891\" data-elementor-open-lightbox=\"no\">                <div class=\"bwg-item0 \">          <div class=\"bwg-item1 \">            <div class=\"bwg-item2\">              <img decoding=\"async\" class=\"skip-lazy bwg_standart_thumb_img_0 \"                   data-id=\"98\"                   data-width=\"317\"                   data-height=\"317\"                   data-src=\"https:\/\/www.georgsorden.eu\/wp-content\/uploads\/photo-gallery\/imported_from_media_libray\/thumb\/Elsass-02.jpg?bwg=1618927891\"                   src=\"https:\/\/www.georgsorden.eu\/wp-content\/uploads\/photo-gallery\/imported_from_media_libray\/thumb\/Elsass-02.jpg?bwg=1618927891\"                   alt=\"Elsass-02\"                   title=\"Elsass-02\" \/>            <\/div>            <div class=\"\">                                                      <\/div>          <\/div>        <\/div>                        <\/a>              <\/div>            <div class=\"bwg-item\">        <a class=\"bwg-a  bwg_lightbox\"  data-image-id=\"99\" href=\"https:\/\/www.georgsorden.eu\/wp-content\/uploads\/photo-gallery\/imported_from_media_libray\/Elsass-03.jpg?bwg=1618927891\" data-elementor-open-lightbox=\"no\">                <div class=\"bwg-item0 \">          <div class=\"bwg-item1 \">            <div class=\"bwg-item2\">              <img decoding=\"async\" class=\"skip-lazy bwg_standart_thumb_img_0 \"                   data-id=\"99\"                   data-width=\"500\"                   data-height=\"375\"                   data-src=\"https:\/\/www.georgsorden.eu\/wp-content\/uploads\/photo-gallery\/imported_from_media_libray\/thumb\/Elsass-03.jpg?bwg=1618927891\"                   src=\"https:\/\/www.georgsorden.eu\/wp-content\/uploads\/photo-gallery\/imported_from_media_libray\/thumb\/Elsass-03.jpg?bwg=1618927891\"                   alt=\"Elsass-03\"                   title=\"Elsass-03\" \/>            <\/div>            <div class=\"\">                                                      <\/div>          <\/div>        <\/div>                        <\/a>              <\/div>          <\/div>              <\/div>        <\/form>                <div id=\"bwg_spider_popup_loading_0\" class=\"bwg_spider_popup_loading\"><\/div>        <div id=\"spider_popup_overlay_0\" class=\"spider_popup_overlay\" onclick=\"spider_destroypopup(1000)\"><\/div>        <input type=\"hidden\" id=\"bwg_random_seed_0\" value=\"1005134262\">                <\/div>    <\/div>    <script>      if (document.readyState === 'complete') {        if( typeof bwg_main_ready == 'function' ) {          if ( jQuery(\"#bwg_container1_0\").height() ) {            bwg_main_ready(jQuery(\"#bwg_container1_0\"));          }        }      } else {        document.addEventListener('DOMContentLoaded', function() {          if( typeof bwg_main_ready == 'function' ) {            if ( jQuery(\"#bwg_container1_0\").height() ) {             bwg_main_ready(jQuery(\"#bwg_container1_0\"));            }          }        });      }    <\/script>    \r\n","protected":false},"excerpt":{"rendered":"<p>On October 20 and 21, 2019, the ceremony of the solemn inauguration of a relic of the blessed Emperor Charles was celebrated on Mount Odile near Strasbourg.<\/p>\n","protected":false},"author":1,"featured_media":1456,"comment_status":"closed","ping_status":"closed","sticky":false,"template":"","format":"standard","meta":{"footnotes":""},"categories":[67,27],"tags":[],"class_list":["post-1451","post","type-post","status-publish","format-standard","has-post-thumbnail","hentry","category-67","category-order-in-general"],"publishpress_future_action":{"enabled":false,"date":"2026-05-07 18:42:49","action":"category","newStatus":"draft","terms":[],"taxonomy":"category","extraData":[]},"publishpress_future_workflow_manual_trigger":{"enabledWorkflows":[]},"rttpg_featured_image_url":{"full":["https:\/\/www.georgsorden.eu\/wp-content\/uploads\/2021\/04\/Elsass-01.jpg",898,674,false],"landscape":["https:\/\/www.georgsorden.eu\/wp-content\/uploads\/2021\/04\/Elsass-01.jpg",898,674,false],"portraits":["https:\/\/www.georgsorden.eu\/wp-content\/uploads\/2021\/04\/Elsass-01.jpg",898,674,false],"thumbnail":["https:\/\/www.georgsorden.eu\/wp-content\/uploads\/2021\/04\/Elsass-01-150x150.jpg",150,150,true],"medium":["https:\/\/www.georgsorden.eu\/wp-content\/uploads\/2021\/04\/Elsass-01-300x225.jpg",300,225,true],"large":["https:\/\/www.georgsorden.eu\/wp-content\/uploads\/2021\/04\/Elsass-01.jpg",898,674,false],"1536x1536":["https:\/\/www.georgsorden.eu\/wp-content\/uploads\/2021\/04\/Elsass-01.jpg",898,674,false],"2048x2048":["https:\/\/www.georgsorden.eu\/wp-content\/uploads\/2021\/04\/Elsass-01.jpg",898,674,false]},"rttpg_author":{"display_name":"iktopia","author_link":"https:\/\/www.georgsorden.eu\/en\/author\/iktopia\/"},"rttpg_comment":0,"rttpg_category":"<a href=\"https:\/\/www.georgsorden.eu\/en\/category\/2018\/\" rel=\"category tag\">2018<\/a> <a href=\"https:\/\/www.georgsorden.eu\/en\/category\/order-in-general\/\" rel=\"category tag\">Order in general<\/a>","rttpg_excerpt":"On October 20 and 21, 2019, the ceremony of the solemn inauguration of a relic of the blessed Emperor Charles was celebrated on Mount Odile near Strasbourg.","_links":{"self":[{"href":"https:\/\/www.georgsorden.eu\/en\/wp-json\/wp\/v2\/posts\/1451","targetHints":{"allow":["GET"]}}],"collection":[{"href":"https:\/\/www.georgsorden.eu\/en\/wp-json\/wp\/v2\/posts"}],"about":[{"href":"https:\/\/www.georgsorden.eu\/en\/wp-json\/wp\/v2\/types\/post"}],"author":[{"embeddable":true,"href":"https:\/\/www.georgsorden.eu\/en\/wp-json\/wp\/v2\/users\/1"}],"replies":[{"embeddable":true,"href":"https:\/\/www.georgsorden.eu\/en\/wp-json\/wp\/v2\/comments?post=1451"}],"version-history":[{"count":4,"href":"https:\/\/www.georgsorden.eu\/en\/wp-json\/wp\/v2\/posts\/1451\/revisions"}],"predecessor-version":[{"id":1459,"href":"https:\/\/www.georgsorden.eu\/en\/wp-json\/wp\/v2\/posts\/1451\/revisions\/1459"}],"wp:featuredmedia":[{"embeddable":true,"href":"https:\/\/www.georgsorden.eu\/en\/wp-json\/wp\/v2\/media\/1456"}],"wp:attachment":[{"href":"https:\/\/www.georgsorden.eu\/en\/wp-json\/wp\/v2\/media?parent=1451"}],"wp:term":[{"taxonomy":"category","embeddable":true,"href":"https:\/\/www.georgsorden.eu\/en\/wp-json\/wp\/v2\/categories?post=1451"},{"taxonomy":"post_tag","embeddable":true,"href":"https:\/\/www.georgsorden.eu\/en\/wp-json\/wp\/v2\/tags?post=1451"}],"curies":[{"name":"wp","href":"https:\/\/api.w.org\/{rel}","templated":true}]}}